{"id":162838,"date":"2025-06-09T08:43:23","date_gmt":"2025-06-09T08:43:23","guid":{"rendered":"https:\/\/www.europesays.com\/fr\/162838\/"},"modified":"2025-06-09T08:43:23","modified_gmt":"2025-06-09T08:43:23","slug":"le-film-sinspire-t-il-dune-histoire-vraie","status":"publish","type":"post","link":"https:\/\/www.europesays.com\/fr\/162838\/","title":{"rendered":"le film s&rsquo;inspire-t-il d&rsquo;une histoire vraie ?"},"content":{"rendered":"<p>Elle retient son souffle, son sac sur l\u2019\u00e9paule, une arme dans la<br \/>\nmain. \u00c0 l\u2019int\u00e9rieur de la banque, des otages. Dehors, des<br \/>\npoliciers. Au milieu, <strong>Janiyah Wiltkinson<\/strong>, m\u00e8re<br \/>\nc\u00e9libataire \u00e0 bout de nerfs. Le film Straw, r\u00e9alis\u00e9 par<br \/>\n<strong>Tyler Perry<\/strong>, ne commence pas avec de la violence.<br \/>\nIl commence avec l\u2019indiff\u00e9rence. Celle d\u2019un monde qui oublie ses<br \/>\nplus fragiles. <a href=\"https:\/\/www.melty.fr\/series\/les-survivants-netflix-la-serie-sinspire-t-elle-dune-histoire-vraie-2240543.html\" target=\"_blank\" rel=\"noopener\"><br \/>\nMais cette histoire est-elle r\u00e9elle<\/a> ? A-t-elle \u00e9t\u00e9 inspir\u00e9e par<br \/>\nune personne bien vivante ?<\/p>\n<p>Une fiction\u2026 inspir\u00e9e par la d\u00e9tresse bien r\u00e9elle de nombreuses<br \/>\nfemmes<\/p>\n<p>Tyler Perry n\u2019a pas tir\u00e9 Straw d\u2019un fait divers pr\u00e9cis.<br \/>\nMais il s\u2019est nourri d\u2019un v\u00e9cu partag\u00e9 : celui de <strong>milliers<br \/>\nde femmes seules<\/strong>, m\u00e8res, travailleuses, invisibles. L\u2019id\u00e9e<br \/>\ndu film est n\u00e9e alors qu\u2019il observait autour de lui l\u2019effondrement<br \/>\nprogressif des protections sociales, et l\u2019accumulation de dettes,<br \/>\nde fatigue, de solitude. \u00ab J\u2019ai grandi entour\u00e9 de femmes qui se<br \/>\ntuaient \u00e0 la t\u00e2che pour nourrir leurs enfants. Beaucoup<br \/>\ns\u2019effondraient en silence \u00bb, confie-t-il.<\/p>\n<p>Le personnage de Janiyah n\u2019est donc pas une personne r\u00e9elle,<br \/>\nmais une <strong>mosa\u00efque de douleurs vraies<\/strong>. Une femme<br \/>\nqui porte sur elle <strong>toutes les humiliations<br \/>\nquotidiennes<\/strong>, les refus bancaires, les horaires<br \/>\nimpossibles, les jugements permanents. Un jour, cette femme-l\u00e0<br \/>\nc\u00e8de. Et c\u2019est ce jour que raconte Straw.<\/p>\n<p>Taraji P. Henson a mis sa propre histoire dans le r\u00f4le<\/p>\n<p>Si Janiyah n\u2019existe pas, <strong>Taraji P. Henson<\/strong>,<br \/>\nelle, conna\u00eet bien ce qu\u2019elle traverse. M\u00e8re c\u00e9libataire elle-m\u00eame,<br \/>\nl\u2019actrice oscaris\u00e9e a reconnu avoir <strong>puis\u00e9 dans ses ann\u00e9es<br \/>\nde gal\u00e8re<\/strong> pour incarner ce r\u00f4le \u00e0 fleur de peau. Elle<br \/>\nexplique avoir \u00e9t\u00e9 boulevers\u00e9e d\u00e8s la lecture du sc\u00e9nario : \u00ab Ce<br \/>\npersonnage me terrifiait. Je savais que je devais lui rendre<br \/>\njustice. \u00bb<\/p>\n<p>Ce qui l\u2019a le plus touch\u00e9e : <strong>le silence dans lequel<br \/>\nJaniyah vit son effondrement<\/strong>, l\u2019impression de n\u2019\u00eatre<br \/>\nentendue par personne. Taraji P. Henson voulait que chaque<br \/>\nspectateur puisse voir en Janiyah <strong>une s\u0153ur, une voisine,<br \/>\nune coll\u00e8gue<\/strong>, ou m\u00eame <strong>lui-m\u00eame<\/strong>.<\/p>\n<p>Ce lien intime entre l\u2019actrice et son personnage donne au film<br \/>\nune <strong>authenticit\u00e9 rare<\/strong>. Chaque regard, chaque geste<br \/>\nsemble tir\u00e9 du r\u00e9el. Car m\u00eame si Janiyah n\u2019est pas vraie,<br \/>\n<strong>son malheur l\u2019est<\/strong>.<\/p>\n<p>Une histoire qui pourrait \u00eatre vraie demain, ici, partout<\/p>\n<p>L\u2019objectif de Tyler Perry avec Straw n\u2019est pas de<br \/>\nraconter un fait divers, mais <strong>de pr\u00e9venir qu\u2019il pourrait en<br \/>\ndevenir un<\/strong>. Il met en sc\u00e8ne <strong>ce qui arrive quand<br \/>\nune soci\u00e9t\u00e9 ne tend plus la main<\/strong>, quand les r\u00e9seaux de<br \/>\nsoutien s\u2019effacent, quand l\u2019indiff\u00e9rence remplace l\u2019attention.<\/p>\n<p><a href=\"https:\/\/www.melty.fr\/cinema\/a-bout-netflix-la-fin-du-film-expliquee-2240386.html\" target=\"_blank\" rel=\"noopener\"><br \/>\nC\u2019est ce que le film montre \u00e0 travers les personnages de<br \/>\n<strong>Nicole<\/strong><\/a>, directrice de banque, et<br \/>\n<strong>Kay<\/strong>, polici\u00e8re. Deux femmes que rien ne relie \u00e0<br \/>\nJaniyah, sauf une chose : <strong>l\u2019empathie<\/strong>. Et c\u2019est<br \/>\ncette empathie \u2014 ou son absence \u2014 qui fait basculer la vie de la<br \/>\nprotagoniste.<\/p>\n<p>Tyler Perry esp\u00e8re que le public ne sortira pas de<br \/>\nStraw avec une simple \u00e9motion. Mais avec une prise de<br \/>\nconscience : \u00ab Un geste de bont\u00e9 peut suffire \u00e0 emp\u00eacher une<br \/>\ntrag\u00e9die. \u00bb<\/p>\n","protected":false},"excerpt":{"rendered":"Elle retient son souffle, son sac sur l\u2019\u00e9paule, une arme dans la main. \u00c0 l\u2019int\u00e9rieur de la banque,&hellip;\n","protected":false},"author":2,"featured_media":162839,"comment_status":"","ping_status":"","sticky":false,"template":"","format":"standard","meta":{"footnotes":""},"categories":[1354],"tags":[58,59,1346,1011,27,1360,127],"class_list":{"0":"post-162838","1":"post","2":"type-post","3":"status-publish","4":"format-standard","5":"has-post-thumbnail","7":"category-films","8":"tag-divertissement","9":"tag-entertainment","10":"tag-films","11":"tag-fr","12":"tag-france","13":"tag-movies","14":"tag-netflix"},"share_on_mastodon":{"url":"https:\/\/pubeurope.com\/@fr\/114652525861860589","error":""},"_links":{"self":[{"href":"https:\/\/www.europesays.com\/fr\/wp-json\/wp\/v2\/posts\/162838","targetHints":{"allow":["GET"]}}],"collection":[{"href":"https:\/\/www.europesays.com\/fr\/wp-json\/wp\/v2\/posts"}],"about":[{"href":"https:\/\/www.europesays.com\/fr\/wp-json\/wp\/v2\/types\/post"}],"author":[{"embeddable":true,"href":"https:\/\/www.europesays.com\/fr\/wp-json\/wp\/v2\/users\/2"}],"replies":[{"embeddable":true,"href":"https:\/\/www.europesays.com\/fr\/wp-json\/wp\/v2\/comments?post=162838"}],"version-history":[{"count":0,"href":"https:\/\/www.europesays.com\/fr\/wp-json\/wp\/v2\/posts\/162838\/revisions"}],"wp:featuredmedia":[{"embeddable":true,"href":"https:\/\/www.europesays.com\/fr\/wp-json\/wp\/v2\/media\/162839"}],"wp:attachment":[{"href":"https:\/\/www.europesays.com\/fr\/wp-json\/wp\/v2\/media?parent=162838"}],"wp:term":[{"taxonomy":"category","embeddable":true,"href":"https:\/\/www.europesays.com\/fr\/wp-json\/wp\/v2\/categories?post=162838"},{"taxonomy":"post_tag","embeddable":true,"href":"https:\/\/www.europesays.com\/fr\/wp-json\/wp\/v2\/tags?post=162838"}],"curies":[{"name":"wp","href":"https:\/\/api.w.org\/{rel}","templated":true}]}}