{"id":162850,"date":"2025-06-09T08:50:12","date_gmt":"2025-06-09T08:50:12","guid":{"rendered":"https:\/\/www.europesays.com\/fr\/162850\/"},"modified":"2025-06-09T08:50:12","modified_gmt":"2025-06-09T08:50:12","slug":"au-rn-des-cadres-et-elus-toujours-en-roue-libre-sur-les-reseaux-liberation","status":"publish","type":"post","link":"https:\/\/www.europesays.com\/fr\/162850\/","title":{"rendered":"au RN, des cadres et \u00e9lus toujours en roue libre sur les r\u00e9seaux \u2013 Lib\u00e9ration"},"content":{"rendered":"<p class=\"sc-ksZaOG ehjQrN text-element\">Une \u00e9lection qui apporte son lot de candidats \u00e9pingl\u00e9s pour des propos racistes, c\u2019est un classique au Rassemblement national. \u00abPlus jamais \u00e7a\u00bb, jurent \u00e0 chaque fois les cadres du parti, quand ils prennent la peine de r\u00e9agir, puis\u2026 rien. Depuis la d\u00e9b\u00e2cle des derni\u00e8res l\u00e9gislatives, les parlementaires <a href=\"https:\/\/www.liberation.fr\/tags\/julien-odoul\/\" target=\"_blank\" rel=\"noreferrer nofollow noopener\" title=\"https:\/\/www.liberation.fr\/tags\/julien-odoul\/\">Julien Odoul<\/a> et <a href=\"https:\/\/www.liberation.fr\/politique\/elections\/regionales-2021-en-centre-val-de-loire-le-president-sortant-francois-bonneau-ps-devance-le-candidat-rn-aleksandar-nikolic-20210620_7BO4H4ENFFE47DVBG4UVB42U5I\/\" target=\"_blank\" rel=\"noreferrer nofollow noopener\" title=\"https:\/\/www.liberation.fr\/politique\/elections\/regionales-2021-en-centre-val-de-loire-le-president-sortant-francois-bonneau-ps-devance-le-candidat-rn-aleksandar-nikolic-20210620_7BO4H4ENFFE47DVBG4UVB42U5I\/\">Aleksandar Nikolic<\/a> ont bien \u00e9t\u00e9 missionn\u00e9s pour faire <a href=\"https:\/\/www.liberation.fr\/politique\/parmi-les-brebis-galeuses-du-rn-des-candidats-supremacistes-avec-casquette-nazie-et-croix-celtique-20240704_NLFKKWCOGNCPFL7QSQDZL4KGW4\/\" target=\"_blank\" rel=\"noreferrer nofollow noopener\" title=\"https:\/\/www.liberation.fr\/politique\/parmi-les-brebis-galeuses-du-rn-des-candidats-supremacistes-avec-casquette-nazie-et-croix-celtique-20240704_NLFKKWCOGNCPFL7QSQDZL4KGW4\/\">la chasse aux \u00abbrebis galeuses\u00bb<\/a>. Et il y a du boulot, a constat\u00e9 Lib\u00e9, qui r\u00e9v\u00e8le de nouveaux cas probl\u00e9matiqu<\/p>\n","protected":false},"excerpt":{"rendered":"Une \u00e9lection qui apporte son lot de candidats \u00e9pingl\u00e9s pour des propos racistes, c\u2019est un classique au Rassemblement&hellip;\n","protected":false},"author":2,"featured_media":162851,"comment_status":"","ping_status":"","sticky":false,"template":"","format":"standard","meta":{"footnotes":""},"categories":[4],"tags":[11,1076,1011,27,12,25,2848],"class_list":{"0":"post-162850","1":"post","2":"type-post","3":"status-publish","4":"format-standard","5":"has-post-thumbnail","7":"category-france","8":"tag-actualites","9":"tag-extreme-droite","10":"tag-fr","11":"tag-france","12":"tag-news","13":"tag-republique-francaise","14":"tag-rn"},"share_on_mastodon":{"url":"https:\/\/pubeurope.com\/@fr\/114652553182961768","error":""},"_links":{"self":[{"href":"https:\/\/www.europesays.com\/fr\/wp-json\/wp\/v2\/posts\/162850","targetHints":{"allow":["GET"]}}],"collection":[{"href":"https:\/\/www.europesays.com\/fr\/wp-json\/wp\/v2\/posts"}],"about":[{"href":"https:\/\/www.europesays.com\/fr\/wp-json\/wp\/v2\/types\/post"}],"author":[{"embeddable":true,"href":"https:\/\/www.europesays.com\/fr\/wp-json\/wp\/v2\/users\/2"}],"replies":[{"embeddable":true,"href":"https:\/\/www.europesays.com\/fr\/wp-json\/wp\/v2\/comments?post=162850"}],"version-history":[{"count":0,"href":"https:\/\/www.europesays.com\/fr\/wp-json\/wp\/v2\/posts\/162850\/revisions"}],"wp:featuredmedia":[{"embeddable":true,"href":"https:\/\/www.europesays.com\/fr\/wp-json\/wp\/v2\/media\/162851"}],"wp:attachment":[{"href":"https:\/\/www.europesays.com\/fr\/wp-json\/wp\/v2\/media?parent=162850"}],"wp:term":[{"taxonomy":"category","embeddable":true,"href":"https:\/\/www.europesays.com\/fr\/wp-json\/wp\/v2\/categories?post=162850"},{"taxonomy":"post_tag","embeddable":true,"href":"https:\/\/www.europesays.com\/fr\/wp-json\/wp\/v2\/tags?post=162850"}],"curies":[{"name":"wp","href":"https:\/\/api.w.org\/{rel}","templated":true}]}}