{"id":162854,"date":"2025-06-09T08:52:11","date_gmt":"2025-06-09T08:52:11","guid":{"rendered":"https:\/\/www.europesays.com\/fr\/162854\/"},"modified":"2025-06-09T08:52:11","modified_gmt":"2025-06-09T08:52:11","slug":"la-cite-malval-nen-veut-pas","status":"publish","type":"post","link":"https:\/\/www.europesays.com\/fr\/162854\/","title":{"rendered":"la cit\u00e9 Malval n&rsquo;en veut pas"},"content":{"rendered":"<p>La tranquillit\u00e9 \u00e0 Malval serait-elle menac\u00e9e\u00a0? C\u2019est ce que craignent les habitants de la cit\u00e9 depuis f\u00e9vrier dernier, lorsqu\u2019ils ont d\u00e9couvert, plant\u00e9s dans le sol, les panneaux du projet immobilier de B\u00e2tir et loger.<\/p>\n<p>Regroup\u00e9s en collectif, ils protestent en s\u2019armant d\u2019une p\u00e9tition, contre la construction de dix pavillons de type T3 et T4, en PSLA (Pr\u00eat social location-accession) sur deux parcelles de la ville.<\/p>\n<p>Il n\u2019en fallait pas plus pour d\u00e9clencher la col\u00e8re des 18 familles propri\u00e9taires\u00a0:&#8230;<\/p>\n","protected":false},"excerpt":{"rendered":"La tranquillit\u00e9 \u00e0 Malval serait-elle menac\u00e9e\u00a0? C\u2019est ce que craignent les habitants de la cit\u00e9 depuis f\u00e9vrier dernier,&hellip;\n","protected":false},"author":2,"featured_media":162855,"comment_status":"","ping_status":"","sticky":false,"template":"","format":"standard","meta":{"footnotes":""},"categories":[9653],"tags":[1111,11,2430,12162,7539,1777,674,1011,27,12161,1908,12,25,4001,104],"class_list":{"0":"post-162854","1":"post","2":"type-post","3":"status-publish","4":"format-standard","5":"has-post-thumbnail","7":"category-saint-etienne","8":"tag-actu","9":"tag-actualites","10":"tag-auvergne-rhone-alpes","11":"tag-chambon-feugerolles-ville","12":"tag-edition-loire-sud","13":"tag-eu","14":"tag-europe","15":"tag-fr","16":"tag-france","17":"tag-le-chambon-feugerolles","18":"tag-logement","19":"tag-news","20":"tag-republique-francaise","21":"tag-saint-etienne","22":"tag-societe"},"share_on_mastodon":{"url":"https:\/\/pubeurope.com\/@fr\/114652560984059940","error":""},"_links":{"self":[{"href":"https:\/\/www.europesays.com\/fr\/wp-json\/wp\/v2\/posts\/162854","targetHints":{"allow":["GET"]}}],"collection":[{"href":"https:\/\/www.europesays.com\/fr\/wp-json\/wp\/v2\/posts"}],"about":[{"href":"https:\/\/www.europesays.com\/fr\/wp-json\/wp\/v2\/types\/post"}],"author":[{"embeddable":true,"href":"https:\/\/www.europesays.com\/fr\/wp-json\/wp\/v2\/users\/2"}],"replies":[{"embeddable":true,"href":"https:\/\/www.europesays.com\/fr\/wp-json\/wp\/v2\/comments?post=162854"}],"version-history":[{"count":0,"href":"https:\/\/www.europesays.com\/fr\/wp-json\/wp\/v2\/posts\/162854\/revisions"}],"wp:featuredmedia":[{"embeddable":true,"href":"https:\/\/www.europesays.com\/fr\/wp-json\/wp\/v2\/media\/162855"}],"wp:attachment":[{"href":"https:\/\/www.europesays.com\/fr\/wp-json\/wp\/v2\/media?parent=162854"}],"wp:term":[{"taxonomy":"category","embeddable":true,"href":"https:\/\/www.europesays.com\/fr\/wp-json\/wp\/v2\/categories?post=162854"},{"taxonomy":"post_tag","embeddable":true,"href":"https:\/\/www.europesays.com\/fr\/wp-json\/wp\/v2\/tags?post=162854"}],"curies":[{"name":"wp","href":"https:\/\/api.w.org\/{rel}","templated":true}]}}