{"id":162859,"date":"2025-06-09T08:55:14","date_gmt":"2025-06-09T08:55:14","guid":{"rendered":"https:\/\/www.europesays.com\/fr\/162859\/"},"modified":"2025-06-09T08:55:14","modified_gmt":"2025-06-09T08:55:14","slug":"quand-le-jazz-de-frank-sinatra-a-faconne-une-icone","status":"publish","type":"post","link":"https:\/\/www.europesays.com\/fr\/162859\/","title":{"rendered":"quand le jazz de Frank Sinatra a fa\u00e7onn\u00e9 une ic\u00f4ne"},"content":{"rendered":"<p itemprop=\"description\"><strong>En ce 8 juin Nancy Sinatra f\u00eate son 84\u00e8me anniversaire. Si on pense d&rsquo;abord aux tubes pop des ann\u00e9es 60 \u00e0 l&rsquo;\u00e9coute de son nom, son parcours en tant qu&rsquo;artiste porte la profonde empreinte de son p\u00e8re, Frank Sinatra, l\u00e9gende du jazz. Retour sur l&rsquo;influence de son p\u00e8re sur sa carri\u00e8re.<\/strong><\/p>\n<p>Frank Sinatra, <strong>figure incontournable du jazz<\/strong> a offert \u00e0 sa fille un pr\u00e9cieux h\u00e9ritage musical. Nancy a grandi entour\u00e9 par la musique, la chanson et l&rsquo;exigence vocale qui ont fait la <strong>renomm\u00e9e de son p\u00e8re<\/strong>. Cette immersion dans le jazz traditionnel a constitu\u00e9 une base solide sur laquelle elle a pu construire son identit\u00e9 d&rsquo;artiste.<\/p>\n<p>M\u00eame si elle a rapidement choisi <strong>une autre voie<\/strong> que celle du jazz, avec le rock et la pop, <strong>Nancy Sinatra<\/strong> a toujours eu dans son chant cette \u00ab\u00a0\u00e9l\u00e9gance jazzy\u00a0\u00bb, le sens du rythme et la capacit\u00e9 \u00e0 transmettre des \u00e9motions. <strong>L&rsquo;influence<\/strong> qu&rsquo;a pu avoir son p\u00e8re sur Nancy et <strong>sa musique<\/strong> est \u00e9vidente. Cependant, Frank Sinatra tenait \u00e0 ce que Nancy fasse autre chose que du jazz :<\/p>\n<blockquote><p>&#13;<\/p>\n<p>\u00ab\u00a0Ne fais pas ce que je fais, il y aurait des comparaisons et \u00e7a serait ridicule.\u00a0\u00bb<\/p>\n<p>&#13;\n<\/p><\/blockquote>\n<p>Pour Nancy, son p\u00e8re \u00e9tait \u00ab\u00a0un grand professeur\u00a0\u00bb et elle reconna\u00eet l&rsquo;impact de sa <strong>jeunesse<\/strong> baign\u00e9e dans le jazz. Et m\u00eame si elle n&rsquo;a pas chant\u00e9 du jazz \u00ab\u00a0au sens strict\u00a0\u00bb, sa mani\u00e8re d&rsquo;interpr\u00e9ter ses chansons en garde l&#8217;empreinte. \u00c0 sa fa\u00e7on, elle a pu prolonger\u00a0<strong>l&rsquo;h\u00e9ritage de son p\u00e8re<\/strong>, car m\u00eame dans un style diff\u00e9rent, elle a conserv\u00e9 dans sa musique ce c\u00f4t\u00e9 jazz. \u00c0 <strong>84 ans<\/strong>, son parcours reste celui d&rsquo;une artiste marqu\u00e9 \u00e0 vie par l&rsquo;\u00e9cole <strong>Frank Sinatra<\/strong>.<\/p>\n","protected":false},"excerpt":{"rendered":"En ce 8 juin Nancy Sinatra f\u00eate son 84\u00e8me anniversaire. Si on pense d&rsquo;abord aux tubes pop des&hellip;\n","protected":false},"author":2,"featured_media":162860,"comment_status":"","ping_status":"","sticky":false,"template":"","format":"standard","meta":{"footnotes":""},"categories":[9635],"tags":[1111,11,19272,19271,8784,3526,903,11500,1777,674,1011,27,3620,19274,775,6910,19269,330,19278,19277,19275,1361,873,1702,19276,12,19273,3551,1825,19270,25,1858,15457,3610,11714,3655],"class_list":{"0":"post-162859","1":"post","2":"type-post","3":"status-publish","4":"format-standard","5":"has-post-thumbnail","7":"category-nancy","8":"tag-actu","9":"tag-actualites","10":"tag-black-music","11":"tag-blues","12":"tag-classic","13":"tag-classique","14":"tag-concours","15":"tag-electro","16":"tag-eu","17":"tag-europe","18":"tag-fr","19":"tag-france","20":"tag-funk","21":"tag-gospel","22":"tag-grand-est","23":"tag-jazz","24":"tag-jazz-radio","25":"tag-jeux","26":"tag-latin","27":"tag-lounge","28":"tag-manouche","29":"tag-music","30":"tag-musique","31":"tag-nancy","32":"tag-new-orleans","33":"tag-news","34":"tag-prog","35":"tag-programmation","36":"tag-radio","37":"tag-radio-jazz","38":"tag-republique-francaise","39":"tag-services","40":"tag-sexy","41":"tag-soul","42":"tag-swing","43":"tag-webradio"},"share_on_mastodon":{"url":"https:\/\/pubeurope.com\/@fr\/114652572780231653","error":""},"_links":{"self":[{"href":"https:\/\/www.europesays.com\/fr\/wp-json\/wp\/v2\/posts\/162859","targetHints":{"allow":["GET"]}}],"collection":[{"href":"https:\/\/www.europesays.com\/fr\/wp-json\/wp\/v2\/posts"}],"about":[{"href":"https:\/\/www.europesays.com\/fr\/wp-json\/wp\/v2\/types\/post"}],"author":[{"embeddable":true,"href":"https:\/\/www.europesays.com\/fr\/wp-json\/wp\/v2\/users\/2"}],"replies":[{"embeddable":true,"href":"https:\/\/www.europesays.com\/fr\/wp-json\/wp\/v2\/comments?post=162859"}],"version-history":[{"count":0,"href":"https:\/\/www.europesays.com\/fr\/wp-json\/wp\/v2\/posts\/162859\/revisions"}],"wp:featuredmedia":[{"embeddable":true,"href":"https:\/\/www.europesays.com\/fr\/wp-json\/wp\/v2\/media\/162860"}],"wp:attachment":[{"href":"https:\/\/www.europesays.com\/fr\/wp-json\/wp\/v2\/media?parent=162859"}],"wp:term":[{"taxonomy":"category","embeddable":true,"href":"https:\/\/www.europesays.com\/fr\/wp-json\/wp\/v2\/categories?post=162859"},{"taxonomy":"post_tag","embeddable":true,"href":"https:\/\/www.europesays.com\/fr\/wp-json\/wp\/v2\/tags?post=162859"}],"curies":[{"name":"wp","href":"https:\/\/api.w.org\/{rel}","templated":true}]}}