{"id":162866,"date":"2025-06-09T08:59:24","date_gmt":"2025-06-09T08:59:24","guid":{"rendered":"https:\/\/www.europesays.com\/fr\/162866\/"},"modified":"2025-06-09T08:59:24","modified_gmt":"2025-06-09T08:59:24","slug":"top-14-tom-willemse-annonce-son-depart-de-montpellier-sport-2","status":"publish","type":"post","link":"https:\/\/www.europesays.com\/fr\/162866\/","title":{"rendered":"Top 14. Tom Willemse annonce son d\u00e9part de Montpellier . Sport"},"content":{"rendered":"<p>Le seconde ligne international de Montpellier Paul Willemse, convalescent depuis le 5\u00a0octobre en raison de commotions c\u00e9r\u00e9brales r\u00e9p\u00e9t\u00e9es, a annonc\u00e9 qu\u2019il quittait le MHR, samedi \u00e0 l\u2019issue de la rencontre face \u00e0 Clermont (10-23), lors de la 26e et derni\u00e8re journ\u00e9e de Top 14.<\/p>\n<p><strong>\u00ab\u00a0Merci \u00e0 tous, au staff, \u00e0 M. Altrad, aux coaches que j\u2019ai eus, aux joueurs. Quand je suis arriv\u00e9, j\u2019\u00e9tais un jeune gar\u00e7on, je suis devenu un homme\u00a0\u00bb<\/strong>, a-t-il t\u00e9moign\u00e9 au micro sur la pelouse devant ses futurs ex-partenaires.<\/p>\n<p>Willemse (32\u00a0ans, 32\u00a0s\u00e9lections) n\u2019a plus jou\u00e9 depuis le 5\u00a0octobre face au Stade fran\u00e7ais lors de la 5e journ\u00e9e de Top 14 en raison d\u2019une commotion dans un contact avec le seconde ligne sud-africain de Paris Juan JohnVan Der Mescht.<\/p>\n<p><strong>Lire aussi<\/strong>\u00a0: <a href=\"https:\/\/www.ouest-france.fr\/sport\/rugby\/top-14\/direct-ubb-rc-vannes-suivez-le-match-de-la-26e-et-derniere-journee-de-top-14-en-live-55ccc684-4f59-43fd-ac34-aefef016776e\" target=\"_blank\" rel=\"noopener\">Top 14. Le RC Vannes rel\u00e9gu\u00e9 en Pro D2\u00a0apr\u00e8s sa lourde d\u00e9faite face \u00e0 l\u2019UBB<\/a><\/p>\n<p>A la suite de cette 6e commotion en moins d\u2019un an, l\u2019international fran\u00e7ais, d\u2019origine sud-africaine, avait consult\u00e9 le docteur Braug\u00e9 qui lui avait prescrit un arr\u00eat de trois mois, renouvel\u00e9 \u00e0 deux reprises pour atteindre la fin de saison.<\/p>\n<p>Willemse, arriv\u00e9 dans l\u2019H\u00e9rault en 2015 en provenance de Grenoble, \u00e9tait sous contrat jusqu\u2019en juin prochain \u00e0 Montpellier.<\/p>\n<p>Le puissant seconde ligne, champion du monde U20, avait obtenu sa naturalisation fran\u00e7aise \u00e0 l\u2019automne 2018 avant d\u2019int\u00e9grer l\u2019\u00e9quipe de France \u00e0 l\u2019occasion du Tournoi des six nations 2019, juste avant la Coupe du monde au Japon.<\/p>\n<p>En 2019 tout comme en 2023, le puissant second ligne avait \u00e9t\u00e9 priv\u00e9 du Mondial en raison d\u2019une blessure contract\u00e9e au cours de la pr\u00e9paration.<\/p>\n<p>Willemse avait \u00e9t\u00e9 rappel\u00e9 chez les Bleus en janvier\u00a02024 par Fabien Galthi\u00e9 pour participer au premier match du tournoi des six nations devant l\u2019Irlande \u00e0 Marseille et suppl\u00e9er le Toulousain Emmanuel Meafou, bless\u00e9.<\/p>\n<p>Pour sa 32e et derni\u00e8re s\u00e9lection, il avait \u00e9t\u00e9 exclu apr\u00e8s une demi-heure de jeu et avait pr\u00e9cipit\u00e9 la d\u00e9faite (17-38) des Tricolores, avant de vivre une fin de saison noire.<\/p>\n<p><strong>Lire aussi<\/strong>\u00a0: <a href=\"https:\/\/rennes.maville.com\/sport\/detail_-top-14.-l-ubb-en-demie-la-rochelle-eliminee-perpignan-en-barrage...-les-resultats-de-la-26e-journee-_54135-6843690_actu.Htm\" target=\"_blank\" rel=\"noopener\">Top 14. L\u2019UBB en demie, La Rochelle \u00e9limin\u00e9e, Perpignan en barrage\u2026 Les r\u00e9sultats de la 26e journ\u00e9e<\/a><\/p>\n<p>Montpellier a boucl\u00e9 la saison \u00e0 la 9e place du championnat apr\u00e8s la d\u00e9faite conc\u00e9d\u00e9e \u00e0 domicile devant Clermont et ne s\u2019est pas qualifi\u00e9 pour la Coupe des champions, l\u2019un de ses objectifs initiaux.<\/p>\n<p>\u00a0<\/p>\n","protected":false},"excerpt":{"rendered":"Le seconde ligne international de Montpellier Paul Willemse, convalescent depuis le 5\u00a0octobre en raison de commotions c\u00e9r\u00e9brales r\u00e9p\u00e9t\u00e9es,&hellip;\n","protected":false},"author":2,"featured_media":162397,"comment_status":"","ping_status":"","sticky":false,"template":"","format":"standard","meta":{"footnotes":""},"categories":[9599],"tags":[1111,11,3809,1465,1777,674,63,1011,27,1792,1922,2047,2208,12,2680,25,479,517,1470],"class_list":{"0":"post-162866","1":"post","2":"type-post","3":"status-publish","4":"format-standard","5":"has-post-thumbnail","7":"category-montpellier","8":"tag-actu","9":"tag-actualites","10":"tag-ball","11":"tag-basket","12":"tag-eu","13":"tag-europe","14":"tag-football","15":"tag-fr","16":"tag-france","17":"tag-handball","18":"tag-info","19":"tag-mans","20":"tag-montpellier","21":"tag-news","22":"tag-occitanie","23":"tag-republique-francaise","24":"tag-rugby","25":"tag-sport","26":"tag-volley"},"share_on_mastodon":{"url":"https:\/\/pubeurope.com\/@fr\/114652588500157904","error":""},"_links":{"self":[{"href":"https:\/\/www.europesays.com\/fr\/wp-json\/wp\/v2\/posts\/162866","targetHints":{"allow":["GET"]}}],"collection":[{"href":"https:\/\/www.europesays.com\/fr\/wp-json\/wp\/v2\/posts"}],"about":[{"href":"https:\/\/www.europesays.com\/fr\/wp-json\/wp\/v2\/types\/post"}],"author":[{"embeddable":true,"href":"https:\/\/www.europesays.com\/fr\/wp-json\/wp\/v2\/users\/2"}],"replies":[{"embeddable":true,"href":"https:\/\/www.europesays.com\/fr\/wp-json\/wp\/v2\/comments?post=162866"}],"version-history":[{"count":0,"href":"https:\/\/www.europesays.com\/fr\/wp-json\/wp\/v2\/posts\/162866\/revisions"}],"wp:featuredmedia":[{"embeddable":true,"href":"https:\/\/www.europesays.com\/fr\/wp-json\/wp\/v2\/media\/162397"}],"wp:attachment":[{"href":"https:\/\/www.europesays.com\/fr\/wp-json\/wp\/v2\/media?parent=162866"}],"wp:term":[{"taxonomy":"category","embeddable":true,"href":"https:\/\/www.europesays.com\/fr\/wp-json\/wp\/v2\/categories?post=162866"},{"taxonomy":"post_tag","embeddable":true,"href":"https:\/\/www.europesays.com\/fr\/wp-json\/wp\/v2\/tags?post=162866"}],"curies":[{"name":"wp","href":"https:\/\/api.w.org\/{rel}","templated":true}]}}