{"id":162869,"date":"2025-06-09T09:01:21","date_gmt":"2025-06-09T09:01:21","guid":{"rendered":"https:\/\/www.europesays.com\/fr\/162869\/"},"modified":"2025-06-09T09:01:21","modified_gmt":"2025-06-09T09:01:21","slug":"football-barrage-retour-daccession-a-la-d3-feminine-les-reactions-apres-as-chatenoy","status":"publish","type":"post","link":"https:\/\/www.europesays.com\/fr\/162869\/","title":{"rendered":"Football &#8211; Barrage retour d&rsquo;accession \u00e0 la D3 f\u00e9minine. Les r\u00e9actions apr\u00e8s AS Ch\u00e2tenoy"},"content":{"rendered":"<p>            AS Ch\u00e2tenoy &#8211; FC Rouen\u00a0: 2-0<\/p>\n<p>\u00c0 Ch\u00e2tenoy (stade du Treffort), AS Ch\u00e2tenoy bat FC Rouen 2 \u00e0 0 (0-0).<\/p>\n<p>Arbitre\u00a0: M.\u00a0De Almeida. Spectateurs\u00a0: environ 500.<\/p>\n<p> \u25b6 \u2002 Buts. Ch\u00e2tenoy\u00a0: Bourgeois (67), Troncin (80). <\/p>\n<p>Avertissements\u00a0: Val (9), Bellier (51) \u00e0 l\u2019AS Ch\u00e2tenoy\u00a0; Desbant (40), Ba (45), Sinani (57), Benachour (banc, 67), Robert (90+1) au FC Rouen.<\/p>\n<p> Ch\u00e2tenoy\u00a0 : Hatier \u2013 Guillet, Cleau, Val (Seurat, 83), Bourgeois \u2013 Filleule (cap), Lordon \u2013 Caputo (Tiandraza, 83), Troncin, Bellier (Pinto, 64) \u2013 Garnier (Joly, 85).<\/p>\n<p>Entra\u00eeneure\u00a0: Ang\u00e8le Gauliard.<\/p>\n<p> Rouen\u00a0 : Lesueur \u2013 Souillier (Lemazurier, 78), Robert, Desbant, Ba (Bourdon, 78), Duthil, Lagatie, Sinani (cap), Gassimi (R. Appia, 59), Deparrois, Kone (C. Appia, 59).<\/p>\n<p>Entra\u00eeneur\u00a0: St\u00e9phane Arnold.<\/p>\n","protected":false},"excerpt":{"rendered":"AS Ch\u00e2tenoy &#8211; FC Rouen\u00a0: 2-0 \u00c0 Ch\u00e2tenoy (stade du Treffort), AS Ch\u00e2tenoy bat FC Rouen 2 \u00e0&hellip;\n","protected":false},"author":2,"featured_media":162870,"comment_status":"","ping_status":"","sticky":false,"template":"","format":"standard","meta":{"footnotes":""},"categories":[9587],"tags":[1111,11,11031,27018,11032,1777,674,107,1701,1795,63,1011,27,1686,12,5161,25,9590,517],"class_list":{"0":"post-162869","1":"post","2":"type-post","3":"status-publish","4":"format-standard","5":"has-post-thumbnail","7":"category-rouen","8":"tag-actu","9":"tag-actualites","10":"tag-chalon-bassin","11":"tag-chatenoy-le-royal","12":"tag-edition-chalon-sur-saone","13":"tag-eu","14":"tag-europe","15":"tag-fil-info","16":"tag-fil-info-sport","17":"tag-fil-web","18":"tag-football","19":"tag-fr","20":"tag-france","21":"tag-import-print","22":"tag-news","23":"tag-normandie","24":"tag-republique-francaise","25":"tag-rouen","26":"tag-sport"},"share_on_mastodon":{"url":"https:\/\/pubeurope.com\/@fr\/114652596313505107","error":""},"_links":{"self":[{"href":"https:\/\/www.europesays.com\/fr\/wp-json\/wp\/v2\/posts\/162869","targetHints":{"allow":["GET"]}}],"collection":[{"href":"https:\/\/www.europesays.com\/fr\/wp-json\/wp\/v2\/posts"}],"about":[{"href":"https:\/\/www.europesays.com\/fr\/wp-json\/wp\/v2\/types\/post"}],"author":[{"embeddable":true,"href":"https:\/\/www.europesays.com\/fr\/wp-json\/wp\/v2\/users\/2"}],"replies":[{"embeddable":true,"href":"https:\/\/www.europesays.com\/fr\/wp-json\/wp\/v2\/comments?post=162869"}],"version-history":[{"count":0,"href":"https:\/\/www.europesays.com\/fr\/wp-json\/wp\/v2\/posts\/162869\/revisions"}],"wp:featuredmedia":[{"embeddable":true,"href":"https:\/\/www.europesays.com\/fr\/wp-json\/wp\/v2\/media\/162870"}],"wp:attachment":[{"href":"https:\/\/www.europesays.com\/fr\/wp-json\/wp\/v2\/media?parent=162869"}],"wp:term":[{"taxonomy":"category","embeddable":true,"href":"https:\/\/www.europesays.com\/fr\/wp-json\/wp\/v2\/categories?post=162869"},{"taxonomy":"post_tag","embeddable":true,"href":"https:\/\/www.europesays.com\/fr\/wp-json\/wp\/v2\/tags?post=162869"}],"curies":[{"name":"wp","href":"https:\/\/api.w.org\/{rel}","templated":true}]}}