{"id":162871,"date":"2025-06-09T09:03:10","date_gmt":"2025-06-09T09:03:10","guid":{"rendered":"https:\/\/www.europesays.com\/fr\/162871\/"},"modified":"2025-06-09T09:03:10","modified_gmt":"2025-06-09T09:03:10","slug":"un-speleologue-de-25-ans-sauve-in-extremis-de-la-grotte-du-guiers-mort","status":"publish","type":"post","link":"https:\/\/www.europesays.com\/fr\/162871\/","title":{"rendered":"un sp\u00e9l\u00e9ologue de 25 ans sauv\u00e9 in extremis de la grotte du Guiers-Mort"},"content":{"rendered":"<p>\t\t\t\t\t\t\t\t\t\t\t<img loading=\"lazy\" decoding=\"async\" width=\"1110\" title=\"Pr\u00e8s de Grenoble\u00a0: un sp\u00e9l\u00e9ologue de 25 ans sauv\u00e9 in extremis de la grotte du Guiers-Mort\" class=\"img-fluid not_lzld mb-3\" src=\"https:\/\/www.europesays.com\/fr\/wp-content\/uploads\/2025\/06\/1110x624_pres-de-grenoble-un-speleologue-de-25-ans-sauve-in-extremis-de-la-grotte-du-guiers-mort_684\" alt=\"Pr\u00e8s de Grenoble\u00a0: un sp\u00e9l\u00e9ologue de 25 ans sauv\u00e9 in extremis de la grotte du Guiers-Mort\" itemprop=\"image\" height=\"624\"\/>\t\t\t\t\t\t\t\t\t\t\t\t<\/p>\n<p>Pr\u00e8s de Grenoble\u00a0: un sp\u00e9l\u00e9ologue de 25 ans sauv\u00e9 in extremis de la grotte du Guiers-Mort &#8211; DR CRS Alpes<\/p>\n<p itemprop=\"description\"><strong>Un sp\u00e9l\u00e9ologue is\u00e9rois s\u2019est fait une belle frayeur dans la grotte du Guiers-Mort (Is\u00e8re).<\/strong><\/p>\n<p class=\"x_MsoNormal\" style=\"color: #242424; font-style: normal; font-variant-ligatures: normal; font-variant-caps: normal; font-weight: 400; letter-spacing: normal; orphans: 2; text-align: start; text-indent: 0px; text-transform: none; widows: 2; word-spacing: 0px; -webkit-text-stroke-width: 0px; white-space: normal; background-color: #ffffff; text-decoration-thickness: initial; text-decoration-style: initial; text-decoration-color: initial; margin: 0cm 0cm 8pt; line-height: 18.4px; font-size: 12pt; font-family: Calibri, sans-serif;\">Ce dimanche apr\u00e8s-midi, les secours sont venus en aide \u00e0 un jeune sp\u00e9l\u00e9ologue de 25 ans, coinc\u00e9 et bless\u00e9, au sein de la grotte du Guiers-Mort, situ\u00e9 dans le Massif de la Chartreuse. Le sp\u00e9cialiste s\u2019est retrouv\u00e9 sous un \u00e9boulis, \u00e0 1h30 de l\u2019entr\u00e9e de la cavit\u00e9.<\/p>\n<p class=\"x_MsoNormal\" style=\"color: #242424; font-style: normal; font-variant-ligatures: normal; font-variant-caps: normal; font-weight: 400; letter-spacing: normal; orphans: 2; text-align: start; text-indent: 0px; text-transform: none; widows: 2; word-spacing: 0px; -webkit-text-stroke-width: 0px; white-space: normal; background-color: #ffffff; text-decoration-thickness: initial; text-decoration-style: initial; text-decoration-color: initial; margin: 0cm 0cm 8pt; line-height: 18.4px; font-size: 12pt; font-family: Calibri, sans-serif;\">Le plan d\u2019urgence ORSEC a \u00e9t\u00e9 activ\u00e9 aux alentours de 14h30 par la pr\u00e9fecture de l\u2019Is\u00e8re : \u00ab\u00a0L\u2019op\u00e9ration de secours concerne une personne bless\u00e9e et coinc\u00e9e par des blocs de roche de taille moyenne, ainsi que deux personnes qui sont avec elle\u00a0\u00bb. Dans cette grotte, le jeune homme touch\u00e9 \u00e9tait en exp\u00e9dition avec deux de ses coll\u00e8gues. Ils \u00e9taient, d\u2019apr\u00e8s les informations du Dauphin\u00e9 Lib\u00e9r\u00e9, tous exp\u00e9riment\u00e9s dans ce domaine.<\/p>\n<p class=\"x_MsoNormal\" style=\"color: #242424; font-style: normal; font-variant-ligatures: normal; font-variant-caps: normal; font-weight: 400; letter-spacing: normal; orphans: 2; text-align: start; text-indent: 0px; text-transform: none; widows: 2; word-spacing: 0px; -webkit-text-stroke-width: 0px; white-space: normal; background-color: #ffffff; text-decoration-thickness: initial; text-decoration-style: initial; text-decoration-color: initial; margin: 0cm 0cm 8pt; line-height: 18.4px; font-size: 12pt; font-family: Calibri, sans-serif;\">Pour pouvoir secourir les trois individus, il a fallu d\u00e9ployer pas moins de 80 personnes. SDIS 38, CRS des Alpes, gendarmerie du peloton de haute montage, m\u00e9decins, et sp\u00e9l\u00e9ologues se sont mobilis\u00e9s pendant pr\u00e8s de 10 heures. Ce f\u00fbt seulement \u00e0 23h que les trois sp\u00e9cialistes des cavit\u00e9s ont pu \u00eatre lib\u00e9r\u00e9s de leur p\u00e9riple.<\/p>\n<p class=\"x_MsoNormal\" style=\"color: #242424; font-style: normal; font-variant-ligatures: normal; font-variant-caps: normal; font-weight: 400; letter-spacing: normal; orphans: 2; text-align: start; text-indent: 0px; text-transform: none; widows: 2; word-spacing: 0px; -webkit-text-stroke-width: 0px; white-space: normal; background-color: #ffffff; text-decoration-thickness: initial; text-decoration-style: initial; text-decoration-color: initial; margin: 0cm 0cm 8pt; line-height: 18.4px; font-size: 12pt; font-family: Calibri, sans-serif;\">Le jeune homme de 25 ans a pu \u00eatre secouru \u00e0 temps, car il \u00e9tait en train d\u2019entrer en hypothermie, en plus de sa s\u00e9rieuse blessure au bras.<\/p>\n","protected":false},"excerpt":{"rendered":"Pr\u00e8s de Grenoble\u00a0: un sp\u00e9l\u00e9ologue de 25 ans sauv\u00e9 in extremis de la grotte du Guiers-Mort &#8211; DR&hellip;\n","protected":false},"author":2,"featured_media":162872,"comment_status":"","ping_status":"","sticky":false,"template":"","format":"standard","meta":{"footnotes":""},"categories":[9566],"tags":[1111,11,7733,8279,2430,7736,650,7734,2889,2263,1777,674,1011,27,2731,8280,6417,1114,108,4662,12,3725,1825,25,7737],"class_list":{"0":"post-162871","1":"post","2":"type-post","3":"status-publish","4":"format-standard","5":"has-post-thumbnail","7":"category-grenoble","8":"tag-actu","9":"tag-actualites","10":"tag-alpes","11":"tag-alpes1","12":"tag-auvergne-rhone-alpes","13":"tag-cds","14":"tag-cinema","15":"tag-ecoute","16":"tag-emission","17":"tag-equipe","18":"tag-eu","19":"tag-europe","20":"tag-fr","21":"tag-france","22":"tag-grenoble","23":"tag-haute","24":"tag-information","25":"tag-infos","26":"tag-isere","27":"tag-journal","28":"tag-news","29":"tag-podcast","30":"tag-radio","31":"tag-republique-francaise","32":"tag-winamp"},"share_on_mastodon":{"url":"https:\/\/pubeurope.com\/@fr\/114652604270343289","error":""},"_links":{"self":[{"href":"https:\/\/www.europesays.com\/fr\/wp-json\/wp\/v2\/posts\/162871","targetHints":{"allow":["GET"]}}],"collection":[{"href":"https:\/\/www.europesays.com\/fr\/wp-json\/wp\/v2\/posts"}],"about":[{"href":"https:\/\/www.europesays.com\/fr\/wp-json\/wp\/v2\/types\/post"}],"author":[{"embeddable":true,"href":"https:\/\/www.europesays.com\/fr\/wp-json\/wp\/v2\/users\/2"}],"replies":[{"embeddable":true,"href":"https:\/\/www.europesays.com\/fr\/wp-json\/wp\/v2\/comments?post=162871"}],"version-history":[{"count":0,"href":"https:\/\/www.europesays.com\/fr\/wp-json\/wp\/v2\/posts\/162871\/revisions"}],"wp:featuredmedia":[{"embeddable":true,"href":"https:\/\/www.europesays.com\/fr\/wp-json\/wp\/v2\/media\/162872"}],"wp:attachment":[{"href":"https:\/\/www.europesays.com\/fr\/wp-json\/wp\/v2\/media?parent=162871"}],"wp:term":[{"taxonomy":"category","embeddable":true,"href":"https:\/\/www.europesays.com\/fr\/wp-json\/wp\/v2\/categories?post=162871"},{"taxonomy":"post_tag","embeddable":true,"href":"https:\/\/www.europesays.com\/fr\/wp-json\/wp\/v2\/tags?post=162871"}],"curies":[{"name":"wp","href":"https:\/\/api.w.org\/{rel}","templated":true}]}}