{"id":162873,"date":"2025-06-09T09:04:12","date_gmt":"2025-06-09T09:04:12","guid":{"rendered":"https:\/\/www.europesays.com\/fr\/162873\/"},"modified":"2025-06-09T09:04:12","modified_gmt":"2025-06-09T09:04:12","slug":"on-avait-beaucoup-de-pression-a-douarnenez-lequipe-de-la-vie-en-reuz-soulagee-apres-une-edition-2025-encourageante","status":"publish","type":"post","link":"https:\/\/www.europesays.com\/fr\/162873\/","title":{"rendered":"\u00ab\u00a0On avait beaucoup de pression\u00a0\u00bb\u00a0: \u00e0 Douarnenez, l\u2019\u00e9quipe de La Vie en Reuz soulag\u00e9e apr\u00e8s une \u00e9dition 2025 \u00ab\u00a0encourageante\u00a0\u00bb"},"content":{"rendered":"<p>Apr\u00e8s un vendredi pluvieux et un samedi gris, c\u2019est sous un soleil r\u00e9confortant que l\u2019\u00e9dition 2025 de La Vie en Reuz a pris fin dimanche 8 juin, \u00e0 Douarnenez. Un clap de fin r\u00e9ussi apr\u00e8s trois jours de f\u00eate d\u00e9di\u00e9s aux fanfares et aux spectacles de rue, sur le parking du Centre, quartier g\u00e9n\u00e9ral de l\u2019\u00e9v\u00e9nement, et un peu partout en ville. \u00ab\u00a0C\u2019est tr\u00e8s rare de voir autant de monde sur le site principal d\u00e8s 16\u00a0h le dimanche. C\u2019est sans doute aussi parce qu\u2019il y a deux gros groupes, Les Fils de Teuhpu et Los Tres Puntos, au programme ce soir\u00a0\u00bb, observaient Marion Gonidec et Emilia Delepaut, copr\u00e9sidentes de l\u2019\u00e9v\u00e9nement, au moment de dresser le bilan de cette nouvelle \u00e9dition, <a href=\"https:\/\/www.letelegramme.fr\/finistere\/douarnenez-29100\/le-jour-ou-on-doit-faire-payer-lentree-on-arrete-a-la-vie-en-reuz-a-douarnenez-la-gratuite-contre-vents-et-marees-6831854.php\" target=\"_blank\" rel=\"noopener\">o\u00f9 l\u2019entr\u00e9e \u00e9tait gratuite comme toujours depuis la cr\u00e9ation de La Vie en Reuz en 2012<\/a>.<\/p>\n<p><img decoding=\"async\" src=\"https:\/\/www.europesays.com\/fr\/wp-content\/uploads\/2025\/06\/6845d2abce37b1530b0c207a.1.jpeg\" width=\"480\" height=\"300\" class=\"web_golden_m\" loading=\"lazy\" alt=\"Un dimanche de Vie en Reuz difficile pour les Blue Tired Heroes sur les quais du Rosmeur.\"\/>Un dimanche de Vie en Reuz difficile pour les Blue Tired Heroes sur les quais du Rosmeur. (Le T\u00e9l\u00e9gramme\/Dimitri L\u2019hours)L\u2019investissement sans faille des b\u00e9n\u00e9voles<\/p>\n<p>Manifestement soulag\u00e9es, les copr\u00e9sidentes jugent ce volet 2025 \u00ab\u00a0encourageant\u00a0\u00bb. \u00ab\u00a0Nous avions pas mal de pression car c\u2019\u00e9tait une \u00e9dition risqu\u00e9e au regard des finances du festival, et nous tenions malgr\u00e9 tout \u00e0 proposer une programmation de qualit\u00e9 aux spectateurs. Finalement, nous devrions \u00eatre proches de l\u2019\u00e9quilibre, le vendredi ayant attir\u00e9 plus de monde que pr\u00e9vu, en particulier le fest-noz. Le chapiteau a fait le plein de danseurs\u00a0! Nous avions h\u00e9sit\u00e9 \u00e0 louer ce chapiteau vu l\u2019augmentation des co\u00fbts mais, finalement, c\u2019\u00e9tait une bonne d\u00e9cision de l\u2019installer\u00a0\u00bb, constatent les organisatrices, qui saluent l\u2019investissement sans faille des 250 b\u00e9n\u00e9voles et h\u00e9bergeurs, avant, pendant et apr\u00e8s le festival.<\/p>\n<p>De quoi se projeter avec un peu plus de s\u00e9r\u00e9nit\u00e9 vers l\u2019avenir, m\u00eame si le bilan d\u00e9finitif de La Vie en Reuz 2025 reste \u00e0 \u00e9tablir en compagnie des membres de l\u2019association. Rendez-vous dans deux ans pour une prochaine \u00e9dition sur trois jours, m\u00eame si l\u2019\u00e9quipe organisatrice n\u2019exclut pas de se rappeler au bon souvenir des Douarnenistes pour un \u00ab\u00a0petit Reuz\u00a0\u00bb en 2026.<\/p>\n","protected":false},"excerpt":{"rendered":"Apr\u00e8s un vendredi pluvieux et un samedi gris, c\u2019est sous un soleil r\u00e9confortant que l\u2019\u00e9dition 2025 de La&hellip;\n","protected":false},"author":2,"featured_media":162874,"comment_status":"","ping_status":"","sticky":false,"template":"","format":"standard","meta":{"footnotes":""},"categories":[2821],"tags":[1111,11,829,251,3320,1777,674,1011,27,873,12,584,25],"class_list":{"0":"post-162873","1":"post","2":"type-post","3":"status-publish","4":"format-standard","5":"has-post-thumbnail","7":"category-rennes","8":"tag-actu","9":"tag-actualites","10":"tag-bretagne","11":"tag-culture","12":"tag-douarnenez","13":"tag-eu","14":"tag-europe","15":"tag-fr","16":"tag-france","17":"tag-musique","18":"tag-news","19":"tag-rennes","20":"tag-republique-francaise"},"share_on_mastodon":{"url":"https:\/\/pubeurope.com\/@fr\/114652608460529954","error":""},"_links":{"self":[{"href":"https:\/\/www.europesays.com\/fr\/wp-json\/wp\/v2\/posts\/162873","targetHints":{"allow":["GET"]}}],"collection":[{"href":"https:\/\/www.europesays.com\/fr\/wp-json\/wp\/v2\/posts"}],"about":[{"href":"https:\/\/www.europesays.com\/fr\/wp-json\/wp\/v2\/types\/post"}],"author":[{"embeddable":true,"href":"https:\/\/www.europesays.com\/fr\/wp-json\/wp\/v2\/users\/2"}],"replies":[{"embeddable":true,"href":"https:\/\/www.europesays.com\/fr\/wp-json\/wp\/v2\/comments?post=162873"}],"version-history":[{"count":0,"href":"https:\/\/www.europesays.com\/fr\/wp-json\/wp\/v2\/posts\/162873\/revisions"}],"wp:featuredmedia":[{"embeddable":true,"href":"https:\/\/www.europesays.com\/fr\/wp-json\/wp\/v2\/media\/162874"}],"wp:attachment":[{"href":"https:\/\/www.europesays.com\/fr\/wp-json\/wp\/v2\/media?parent=162873"}],"wp:term":[{"taxonomy":"category","embeddable":true,"href":"https:\/\/www.europesays.com\/fr\/wp-json\/wp\/v2\/categories?post=162873"},{"taxonomy":"post_tag","embeddable":true,"href":"https:\/\/www.europesays.com\/fr\/wp-json\/wp\/v2\/tags?post=162873"}],"curies":[{"name":"wp","href":"https:\/\/api.w.org\/{rel}","templated":true}]}}