{"id":162875,"date":"2025-06-09T09:05:17","date_gmt":"2025-06-09T09:05:17","guid":{"rendered":"https:\/\/www.europesays.com\/fr\/162875\/"},"modified":"2025-06-09T09:05:17","modified_gmt":"2025-06-09T09:05:17","slug":"les-portes-du-coglais-a-rennes-les-jeunes-elus-decouvrent-la-citoyennete","status":"publish","type":"post","link":"https:\/\/www.europesays.com\/fr\/162875\/","title":{"rendered":"Les Portes-du-Coglais. \u00c0 Rennes, les jeunes \u00e9lus d\u00e9couvrent la citoyennet\u00e9"},"content":{"rendered":"<p>Le Conseil municipal des jeunes (CMJ) s\u2019est rendu \u00e0 Rennes, mercredi, pour une visite enrichissante.<\/p>\n<p>La premi\u00e8re \u00e9tape de leur p\u00e9riple a eu lieu au Roazhon Park. Les jeunes ont pu d\u00e9couvrir les coulisses de ce lieu d\u00e9di\u00e9 au sport et\u00a0\u00e9changer avec les animateurs pr\u00e9sents.<\/p>\n<p>Apr\u00e8s cette immersion sportive, les jeunes ont \u00e9t\u00e9 accueillis au sein du conseil d\u00e9partemental. Accompagn\u00e9s d\u2019Aymar de Gouvions Saint-Cyr, maire et conseiller d\u00e9partemental, ils ont visit\u00e9 les locaux, notamment la salle du conseil d\u00e9partemental. Celui-ci a rappel\u00e9 aux jeunes<strong> \u00ab\u00a0l\u2019importance de l\u2019engagement et de l\u2019implication dans la vie de communale\u00a0\u00bb.<\/strong><\/p>\n<p>Lors de cette visite, les jeunes ont pu d\u00e9couvrir le r\u00f4le du conseil d\u00e9partemental dans la gestion des affaires publiques, notamment dans les domaines de l\u2019\u00e9ducation, des infrastructures ou encore de l\u2019environnement.<\/p>\n<p>\u00a0<\/p>\n","protected":false},"excerpt":{"rendered":"Le Conseil municipal des jeunes (CMJ) s\u2019est rendu \u00e0 Rennes, mercredi, pour une visite enrichissante. La premi\u00e8re \u00e9tape&hellip;\n","protected":false},"author":2,"featured_media":162876,"comment_status":"","ping_status":"","sticky":false,"template":"","format":"standard","meta":{"footnotes":""},"categories":[2821],"tags":[1111,11,829,15964,29584,10153,1777,674,1011,27,4074,12,29583,584,25,18823],"class_list":{"0":"post-162875","1":"post","2":"type-post","3":"status-publish","4":"format-standard","5":"has-post-thumbnail","7":"category-rennes","8":"tag-actu","9":"tag-actualites","10":"tag-bretagne","11":"tag-citoyennete","12":"tag-decouvrent","13":"tag-elus","14":"tag-eu","15":"tag-europe","16":"tag-fr","17":"tag-france","18":"tag-jeunes","19":"tag-news","20":"tag-portes-du-coglais","21":"tag-rennes","22":"tag-republique-francaise","23":"tag-vitre"},"share_on_mastodon":{"url":"https:\/\/pubeurope.com\/@fr\/114652612299102740","error":""},"_links":{"self":[{"href":"https:\/\/www.europesays.com\/fr\/wp-json\/wp\/v2\/posts\/162875","targetHints":{"allow":["GET"]}}],"collection":[{"href":"https:\/\/www.europesays.com\/fr\/wp-json\/wp\/v2\/posts"}],"about":[{"href":"https:\/\/www.europesays.com\/fr\/wp-json\/wp\/v2\/types\/post"}],"author":[{"embeddable":true,"href":"https:\/\/www.europesays.com\/fr\/wp-json\/wp\/v2\/users\/2"}],"replies":[{"embeddable":true,"href":"https:\/\/www.europesays.com\/fr\/wp-json\/wp\/v2\/comments?post=162875"}],"version-history":[{"count":0,"href":"https:\/\/www.europesays.com\/fr\/wp-json\/wp\/v2\/posts\/162875\/revisions"}],"wp:featuredmedia":[{"embeddable":true,"href":"https:\/\/www.europesays.com\/fr\/wp-json\/wp\/v2\/media\/162876"}],"wp:attachment":[{"href":"https:\/\/www.europesays.com\/fr\/wp-json\/wp\/v2\/media?parent=162875"}],"wp:term":[{"taxonomy":"category","embeddable":true,"href":"https:\/\/www.europesays.com\/fr\/wp-json\/wp\/v2\/categories?post=162875"},{"taxonomy":"post_tag","embeddable":true,"href":"https:\/\/www.europesays.com\/fr\/wp-json\/wp\/v2\/tags?post=162875"}],"curies":[{"name":"wp","href":"https:\/\/api.w.org\/{rel}","templated":true}]}}