{"id":162897,"date":"2025-06-09T09:16:10","date_gmt":"2025-06-09T09:16:10","guid":{"rendered":"https:\/\/www.europesays.com\/fr\/162897\/"},"modified":"2025-06-09T09:16:10","modified_gmt":"2025-06-09T09:16:10","slug":"35-c-a-bordeaux-et-a-paris-30-c-a-lille-en-bretagne-et-en-alsace-les-fortes-chaleurs-vont-gagner-tout-le-pays-des-mardi","status":"publish","type":"post","link":"https:\/\/www.europesays.com\/fr\/162897\/","title":{"rendered":"35\u00a0\u00b0C \u00e0 Bordeaux et \u00e0 Paris, 30\u00a0\u00b0C \u00e0 Lille, en Bretagne et en Alsace\u00a0: les fortes chaleurs vont gagner tout le pays d\u00e8s mardi"},"content":{"rendered":"<p class=\"paragraph text_align_left\">La <a href=\"https:\/\/www.leparisien.fr\/meteo\/meteo-retour-du-soleil-episode-de-chaleur-et-degradation-orageuse-ce-qui-vous-attend-cette-semaine-09-06-2025-GQJSIOUXJFCD3LTYO3U4LFILVQ.php\" target=\"_blank\" rel=\"noreferrer nofollow noopener\">m\u00e9t\u00e9o cette semaine<\/a> en France est plac\u00e9e sous le signe de la chaleur. Le thermom\u00e8tre va passer tr\u00e8s nettement au-dessus des <a href=\"https:\/\/meteofrance.com\/climat\/normales\/france\" target=\"_blank\" rel=\"noreferrer nofollow noopener\">normales de saison<\/a> dans la plupart des r\u00e9gions. La barre des 30 \u00b0C sera souvent d\u00e9pass\u00e9e, celle des 35 \u00b0C, voire plus encore, parfois atteinte, dans le Sud-Ouest en particulier.<\/p>\n<p class=\"paragraph text_align_left\">Le m\u00e9canisme \u00e0 l\u2019origine de cette chaleur se trouve au large du Portugal o\u00f9 se met en place <a href=\"https:\/\/www.leparisien.fr\/meteo\/meteo-cest-quoi-le-phenomene-de-goutte-froide-qui-fait-regner-linstabilite-en-france-14-05-2023-PMN7SUHMLFBEVCHSPTCWT2G2DQ.php\" target=\"_blank\" rel=\"noreferrer nofollow noopener\">une goutte froide<\/a>. Cette d\u00e9pression isol\u00e9e des courants d\u2019air dominants et au comportement erratique va agir comme une pompe \u00e0 chaleur. Tournant dans le sens inverse des aiguilles d\u2019une montre, elle va faire remonter de l\u2019air tr\u00e8s chaud en provenance du nord de l\u2019Afrique.<\/p>\n<p class=\"paragraph text_align_left\">Les fortes temp\u00e9ratures vont s\u2019installer progressivement \u00e0 partir de mardi. Les 30 \u00b0C seront atteints et localement d\u00e9pass\u00e9s dans le Sud-Ouest. Cela correspond au seuil de forte chaleur. Mercredi, il fera au moins entre 25 \u00b0C et 30 \u00b0C dans quasiment tout le pays. Seule la pointe de la Manche fera exception.<\/p>\n<p>Une inflexion jeudi<\/p>\n<p class=\"paragraph text_align_left\">Cette carte fournie par <a href=\"https:\/\/www.meteociel.fr\/modeles\/arpege.php?ech=63&amp;mode=0&amp;map=300\" target=\"_blank\" rel=\"noreferrer nofollow noopener\">M\u00e9t\u00e9ociel<\/a> et se fondant sur le mod\u00e8le Arp\u00e8ge de M\u00e9t\u00e9o France, montre que c\u2019est dans le Sud-Ouest que la temp\u00e9rature montera le plus.<\/p>\n<p class=\"paragraph text_align_left\">En retirant 2 \u00b0C ou 3 \u00b0C aux donn\u00e9es brutes comme c\u2019est g\u00e9n\u00e9ralement le cas entre ce qu\u2019anticipe ce mod\u00e8le et ce qu\u2019il se passe vraiment, cela donne quand m\u00eame des valeurs localement sup\u00e9rieures \u00e0 35 \u00b0C, soit le seuil de tr\u00e8s forte chaleur.<\/p>\n<p><img decoding=\"async\" class=\"image \" loading=\"lazy\" src=\"https:\/\/www.europesays.com\/fr\/wp-content\/uploads\/2025\/06\/FX3NAWDEMZBWJBC2SHYZJYUL7Q.JPG\" alt=\"\/M\u00e9t\u00e9ociel\" align=\"\" data-rubrique-principale=\"\" data-article-type=\"\" fetchpriority=\"auto\"\/>\/M\u00e9t\u00e9ociel<\/p>\n<p class=\"paragraph text_align_left\">\u00c0 l\u2019\u00e9chelle de l\u2019ensemble du pays et sous l\u2019influence <a href=\"https:\/\/www.leparisien.fr\/meteo\/orages-tout-savoir-sur-ce-phenomene-meteorologique-15-02-2024-SD2OPBTS5RGFPEKGDK2743323U.php\" target=\"_blank\" rel=\"noreferrer nofollow noopener\">d\u2019orages<\/a>, la journ\u00e9e de jeudi pourrait marquer une l\u00e9g\u00e8re inflexion. Vendredi, le thermom\u00e8tre poursuivrait sa hausse, mais elle concernerait essentiellement les r\u00e9gions du centre, du nord et de l\u2019est du pays comparativement \u00e0 la veille, comme le montre cette carte du <a href=\"https:\/\/www.meteociel.fr\/modeles\/icon-eu.php?ech=3&amp;mode=0&amp;map=500\" target=\"_blank\" rel=\"noreferrer nofollow noopener\">mod\u00e8le allemand Icon<\/a>, qui a eu tendance \u00e0 se montrer performant ces derni\u00e8res ann\u00e9es.<\/p>\n<p><img decoding=\"async\" class=\"image \" loading=\"lazy\" src=\"https:\/\/www.europesays.com\/fr\/wp-content\/uploads\/2025\/06\/W7ZF7K2GYBBYJISA2DLOV4RS6I.JPG\" alt=\"\/M\u00e9t\u00e9ociel\" align=\"\" data-rubrique-principale=\"\" data-article-type=\"\" fetchpriority=\"auto\"\/>\/M\u00e9t\u00e9ociel<\/p>\n<p class=\"paragraph text_align_left\">Dans ces conditions, mardi et mercredi devraient donc \u00eatre les journ\u00e9es les plus chaudes dans le Sud-Ouest. Dans le cas de Bordeaux (Gironde), les 35 \u00b0C pourraient \u00eatre approch\u00e9s mardi et d\u00e9pass\u00e9s mercredi selon certains sc\u00e9narios. Angoul\u00eame (Charente) et P\u00e9rigueux (Dordogne) devraient aussi compter parmi les endroits les plus chauds.<\/p>\n<p><img decoding=\"async\" class=\"image \" loading=\"lazy\" src=\"https:\/\/www.europesays.com\/fr\/wp-content\/uploads\/2025\/06\/P5C3DL4DONEPHKKPAQRNS245QI.JPG\" alt=\"\/M\u00e9t\u00e9o France\" align=\"\" data-rubrique-principale=\"\" data-article-type=\"\" fetchpriority=\"auto\"\/>\/M\u00e9t\u00e9o France35 \u00b0C vendredi \u00e0 Paris<\/p>\n<p class=\"paragraph text_align_left\">Mercredi, c\u2019est tout l\u2019ouest de la France qui conna\u00eetrait de fortes chaleurs. \u00c0 Rennes (Ille-et-Vilaine) par exemple, il pourrait faire un peu plus de 30 \u00b0C.<\/p>\n<p class=\"paragraph text_align_left\">Dans le cas de Lille (Nord) et Paris, ce sont jeudi et vendredi qui devraient \u00eatre les journ\u00e9es les plus chaudes. Il devrait faire une trentaine de degr\u00e9s jeudi au nord du pays, un peu plus vendredi.<\/p>\n<p class=\"paragraph text_align_left\">Dans la capitale et sa r\u00e9gion, possiblement sous les orages, c\u2019est vendredi qui s\u2019annonce comme la journ\u00e9e la plus chaude, avec le seuil des tr\u00e8s fortes chaleurs et des 35 \u00b0C qui serait approch\u00e9.<\/p>\n<p><img decoding=\"async\" class=\"image \" loading=\"lazy\" src=\"https:\/\/www.europesays.com\/fr\/wp-content\/uploads\/2025\/06\/X7J7ZDAGDNEDRLHQOMXDQTWM3E.JPG\" alt=\"\/M\u00e9t\u00e9o France\" align=\"\" data-rubrique-principale=\"\" data-article-type=\"\" fetchpriority=\"auto\"\/>\/M\u00e9t\u00e9o France<\/p>\n<p class=\"paragraph text_align_left\">Enfin, une ville comme Strasbourg (Bas-Rhin) conna\u00eetrait des valeurs similaires \u00e0 celles de Lille jeudi et vendredi, soit autour d\u2019une trentaine de degr\u00e9s. Mais \u00e0 la diff\u00e9rence de la ville nordiste, ces niveaux pourraient se maintenir en d\u00e9but de week-end.<\/p>\n<p class=\"paragraph text_align_left\">Les temp\u00e9ratures maximales pr\u00e9vues \u00e0 partir de mercredi vont exploser les compteurs par rapport aux moyennes saisonni\u00e8res. Il fera g\u00e9n\u00e9ralement entre une dizaine et une douzaine de degr\u00e9s de plus que ce qui est attendu \u00e0 cette \u00e9poque de l\u2019ann\u00e9e. En juin, les records de chaleur datent g\u00e9n\u00e9ralement de la fin du mois, plus chaude que les premiers jours. Mais des records pour une premi\u00e8re quinzaine pourraient localement \u00eatre battus.<\/p>\n<p>\u00ab Orages localement forts \u00bb<\/p>\n<p class=\"paragraph text_align_left\">Les orages vont tenir un r\u00f4le d\u00e9terminant dans l\u2019\u00e9volution de la situation. D\u00e8s mercredi, les premiers d\u2019entre eux devraient arriver par le sud-ouest et l\u2019ouest de la France. Dans sa <a href=\"https:\/\/rpcache-aa.meteofrance.com\/internet2018client\/2.0\/report?domain=france&amp;report_type=vigilance&amp;report_subtype=jours%20suivants&amp;token=eyJ0eXAiOiJKV1QiLCJhbGciOiJIUzI1NiIsImV4cCI6MTc0OTQ1NTM0OX0.eyJqdGkiOiJnOVlxUnZFSW4iLCJpYXQiOjE3NDk0NTUzNDl9._LN2nDjf5vOI2GPNnd2kaDEYSTmSCitztoJFZEAbTgA\" target=\"_blank\" rel=\"noreferrer nofollow noopener\">pr\u00e9vision des ph\u00e9nom\u00e8nes dangereux<\/a>, M\u00e9t\u00e9o France anticipe des \u00ab orages localement forts \u00bb. Ils pourraient se poursuivre jeudi et vendredi. Mais la fiabilit\u00e9 de la pr\u00e9vision diminue grandement \u00e0 partir de ces deux journ\u00e9es.<\/p>\n<p class=\"paragraph text_align_left\">La persistance des orages dans l\u2019Est et le Nord-Est ainsi que la masse d\u2019air qui va avec pourraient faire baisser les temp\u00e9ratures de pr\u00e8s d\u2019une dizaine de degr\u00e9s et les faire retrouver des valeurs de saison pendant le week-end. Mais cela ne reste qu\u2019une tendance. Certains mod\u00e8les tablent sur des temp\u00e9ratures qui restent bien plus \u00e9lev\u00e9es.<\/p>\n<p class=\"paragraph text_align_left\">L\u2019\u00e9volution d\u00e9finitive permettra de qualifier l\u2019\u00e9v\u00e9nement. Il est possible que la France connaisse ainsi une vague de chaleur. Deux crit\u00e8res cumulatifs doivent \u00eatre remplis pour qu\u2019elle existe. La temp\u00e9rature moyenne \u00e0 l\u2019\u00e9chelle de l\u2019ensemble du pays doit atteindre 25,3 \u00b0C au moins une journ\u00e9e et elle doit atteindre au moins 23,4 \u00b0C pendant au moins trois jours.<\/p>\n<p class=\"paragraph text_align_left\">La dur\u00e9e des fortes chaleurs et les temp\u00e9ratures la nuit d\u00e9termineront si, au-del\u00e0 de la vague de chaleur, une canicule prendra forme. Ce n\u2019est pas la piste privil\u00e9gi\u00e9e pour l\u2019instant. Mais elle n\u2019est pas encore compl\u00e8tement exclue.<\/p>\n","protected":false},"excerpt":{"rendered":"La m\u00e9t\u00e9o cette semaine en France est plac\u00e9e sous le signe de la chaleur. Le thermom\u00e8tre va passer&hellip;\n","protected":false},"author":2,"featured_media":162898,"comment_status":"","ping_status":"","sticky":false,"template":"","format":"standard","meta":{"footnotes":""},"categories":[2815],"tags":[1111,11,1777,674,1011,27,811,1307,2487,12,25],"class_list":{"0":"post-162897","1":"post","2":"type-post","3":"status-publish","4":"format-standard","5":"has-post-thumbnail","7":"category-lille","8":"tag-actu","9":"tag-actualites","10":"tag-eu","11":"tag-europe","12":"tag-fr","13":"tag-france","14":"tag-hauts-de-france","15":"tag-lille","16":"tag-meteo","17":"tag-news","18":"tag-republique-francaise"},"share_on_mastodon":{"url":"https:\/\/pubeurope.com\/@fr\/114652655616088847","error":""},"_links":{"self":[{"href":"https:\/\/www.europesays.com\/fr\/wp-json\/wp\/v2\/posts\/162897","targetHints":{"allow":["GET"]}}],"collection":[{"href":"https:\/\/www.europesays.com\/fr\/wp-json\/wp\/v2\/posts"}],"about":[{"href":"https:\/\/www.europesays.com\/fr\/wp-json\/wp\/v2\/types\/post"}],"author":[{"embeddable":true,"href":"https:\/\/www.europesays.com\/fr\/wp-json\/wp\/v2\/users\/2"}],"replies":[{"embeddable":true,"href":"https:\/\/www.europesays.com\/fr\/wp-json\/wp\/v2\/comments?post=162897"}],"version-history":[{"count":0,"href":"https:\/\/www.europesays.com\/fr\/wp-json\/wp\/v2\/posts\/162897\/revisions"}],"wp:featuredmedia":[{"embeddable":true,"href":"https:\/\/www.europesays.com\/fr\/wp-json\/wp\/v2\/media\/162898"}],"wp:attachment":[{"href":"https:\/\/www.europesays.com\/fr\/wp-json\/wp\/v2\/media?parent=162897"}],"wp:term":[{"taxonomy":"category","embeddable":true,"href":"https:\/\/www.europesays.com\/fr\/wp-json\/wp\/v2\/categories?post=162897"},{"taxonomy":"post_tag","embeddable":true,"href":"https:\/\/www.europesays.com\/fr\/wp-json\/wp\/v2\/tags?post=162897"}],"curies":[{"name":"wp","href":"https:\/\/api.w.org\/{rel}","templated":true}]}}