{"id":162899,"date":"2025-06-09T09:17:08","date_gmt":"2025-06-09T09:17:08","guid":{"rendered":"https:\/\/www.europesays.com\/fr\/162899\/"},"modified":"2025-06-09T09:17:08","modified_gmt":"2025-06-09T09:17:08","slug":"dates-reservations-la-braderie-de-lille-de-2025-se-prepare-deja","status":"publish","type":"post","link":"https:\/\/www.europesays.com\/fr\/162899\/","title":{"rendered":"Dates, r\u00e9servations&#8230; La Braderie de Lille de 2025 se pr\u00e9pare (d\u00e9j\u00e0)"},"content":{"rendered":"<p>            Par<br \/>\n        <strong><br \/>\n            <a href=\"https:\/\/actu.fr\/auteur\/amandine-vachez\" title=\"Consulter tous les articles de Amandine Vachez\" rel=\"nofollow noopener\" target=\"_blank\">Amandine Vachez<\/a><br \/>\n        <\/strong><\/p>\n<p>        Publi\u00e9 le<\/p>\n<p>            9 juin 2025 \u00e0 11h04        <\/p>\n<p>Elle arrive, tranquillement mais s\u00fbrement. La <a href=\"https:\/\/actu.fr\/tag\/braderie-de-lille\" rel=\"nofollow noopener\" target=\"_blank\">Braderie de Lille<\/a> (Nord) sera de retour en <b>2025 <\/b>le<b> premier week-end de septembre. <\/b><a href=\"https:\/\/actu.fr\/hauts-de-france\/lille_59350\/jo-2024-la-braderie-de-lille-est-reportee-voici-quand-elle-aura-lieu_56903627.html\" rel=\"nofollow noopener\" target=\"_blank\">D\u00e9cal\u00e9e l\u2019an dernier en raison des JO<\/a>, elle retrouve ses dates traditionnelles. Dates et horaires, inscriptions\u2026 L\u2019essentiel \u00e0 avoir en t\u00eate sur<b> l\u2019\u00e9v\u00e9nement <\/b>qui se pr\u00e9pare d\u00e9j\u00e0 en juin.\u00a0<\/p>\n<p>L\u2019essentiel \u00e0 savoir pour l\u2019\u00e9dition 2025<\/p>\n<p class=\" wall-content\">La Braderie de Lille de 2025 se tiendra les <b>samedi 6 et dimanche 7 septembre <\/b>et non sur le week-end pr\u00e9c\u00e9dent, \u00e0 cheval sur le 31 ao\u00fbt et le 1er septembre.\u00a0Vous pourrez en profiter du samedi 8h au dimanche soir \u00e0 18h, annonce la municipalit\u00e9.\u00a0<\/p>\n<ul class=\" wall-content\">\n<li><b>Quand s\u2019inscrire pour vendre ?\u00a0<\/b><\/li>\n<\/ul>\n<p class=\" wall-content\">Pour celles et ceux qui voudraient tenir un stand, vous pourrez tr\u00e8s bient\u00f4t r\u00e9server. Obligatoire pour tous, la <b>r\u00e9servation sera ouverte en ligne d\u00e8s le 12 juin<\/b> et jusqu\u2019au 19 ao\u00fbt sur le site : <a href=\"http:\/\/reservation-braderie.lille.fr\/\" rel=\"nofollow noopener\" target=\"_blank\">reservation-braderie.lille.fr<\/a>. Attention, il s\u2019agit du seul site officiel de r\u00e9servation !<\/p>\n<p class=\" wall-content\">Il sera aussi possible de r\u00e9server \u00e0 des guichets physiques, \u00e0 compter <b>du 8 juillet et jusqu\u2019au 19 ao\u00fbt,<\/b> du mardi au vendredi de 9h \u00e0 17h, au 5, rue Jules de Vicq \u00e0 Lille.<\/p>\n<p>Vid\u00e9os : en ce moment sur Actu<\/p>\n<p class=\" wall-content\">La Ville rappelle que l\u2019inscription \u00e0 l\u2019\u00e9v\u00e9nement est gratuit pour les particuliers.<\/p>\n<ul class=\" wall-content\">\n<li><b>Quel p\u00e9rim\u00e8tre pour qui ?\u00a0<\/b><\/li>\n<\/ul>\n<p class=\" wall-content\">Pour les<b> stands particuliers<\/b>, on retrouvera le p\u00e9rim\u00e8tre classique des \u00e9ditions pr\u00e9c\u00e9dentes, principalement \u00e9tendu dans les quartiers de Lille-Centre, le Vieux-Lille, \u00e0 Wazemmes et bien s\u00fbr dans la grande rue Gambetta.\u00a0<\/p>\n<p class=\" wall-content\">Il y aura le fameux<b> \u00ab\u00a0axe de la chine\u00a0\u00bb <\/b>avec les professionnels, brocanteurs et antiquaires. Ils s\u2019\u00e9tendront sur les boulevards Louis XIV et de la Libert\u00e9, l\u2019avenue du Pr\u00e9sident Kennedy et autour du Champ de Mars. D\u2019ailleurs, \u00e0 ce moment, la f\u00eate foraine est ouverte toute proche ! L\u2019occasion de poursuivre les festivit\u00e9s entre sensations fortes et gourmandises\u2026\u00a0<\/p>\n<p class=\" wall-content\">La <b>braderie des enfants<\/b> sera install\u00e9e \u00e0 la gare Saint-Sauveur le samedi et la <b>braderie de la BD<\/b> au Palais des Beaux-arts. Les deux attirent chaque ann\u00e9es les foules, mieux vaut s\u2019y rendre t\u00f4t !<\/p>\n<p class=\" wall-content\">Le traditionnel <b>village des associations <\/b>sera ouvert les deux jours autour de la Porte de Paris. Changement notable cette ann\u00e9e : la visite municipale ne sera plus men\u00e9e par le maire <a href=\"https:\/\/actu.fr\/tag\/martine-aubry\" rel=\"nofollow noopener\" target=\"_blank\">Martine Aubry<\/a>, mais par <a href=\"https:\/\/actu.fr\/hauts-de-france\/lille_59350\/demission-de-martine-aubry-qui-est-le-nouveau-maire-de-lille_62406681.html\" rel=\"nofollow noopener\" target=\"_blank\">son successeur sur cette fin de mandat Arnaud Deslandes<\/a>, omnipr\u00e9sent <a href=\"https:\/\/actu.fr\/hauts-de-france\/lille_59350\/limage-martine-aubry-fait-son-traditionnel-tour-de-la-braderie-de-lille-loccasion-de-se-rassembler_61606467.html\" rel=\"nofollow noopener\" target=\"_blank\">\u00e0 ses c\u00f4t\u00e9s en 2024<\/a>.<\/p>\n<p class=\" wall-content\">Evidemment, il y aura de quoi boire, manger et s\u2019enjailler ! Mais nous aurons l\u2019occasion d\u2019y revenir\u2026<\/p>\n<p class=\" wall-content\">Pour en savoir plus, sachez que le <b>guide pratique de l\u2019\u00e9dition 2025<\/b> est <a href=\"https:\/\/www.calameo.com\/read\/00289880543cdf1b5cc0e?page=1\" rel=\"nofollow noopener\" target=\"_blank\">en ligne sur le site de la Ville<\/a>.<\/p>\n<p class=\" wall-content\">Suivez toute l\u2019actualit\u00e9 de vos villes et m\u00e9dias favoris en vous inscrivant \u00e0 <a href=\"https:\/\/moncompte.actu.fr\" title=\"D\u00e9couvez Mon Actu\" rel=\"nofollow noopener\" data-trk=\"{&quot;cta&quot;:{&quot;action&quot;:&quot;https:\\\/\\\/moncompte.actu.fr&quot;,&quot;category&quot;:&quot;mon compte&quot;,&quot;from&quot;:&quot;article footer&quot;,&quot;name&quot;:&quot;Mon actu&quot;,&quot;type&quot;:&quot;cta&quot;}}\" target=\"_blank\">Mon Actu<\/a>.<\/p>\n","protected":false},"excerpt":{"rendered":"Par Amandine Vachez Publi\u00e9 le 9 juin 2025 \u00e0 11h04 Elle arrive, tranquillement mais s\u00fbrement. La Braderie de&hellip;\n","protected":false},"author":2,"featured_media":162900,"comment_status":"","ping_status":"","sticky":false,"template":"","format":"standard","meta":{"footnotes":""},"categories":[2815],"tags":[1111,11,18703,1777,674,1011,27,811,1307,1652,12,25],"class_list":{"0":"post-162899","1":"post","2":"type-post","3":"status-publish","4":"format-standard","5":"has-post-thumbnail","7":"category-lille","8":"tag-actu","9":"tag-actualites","10":"tag-braderie-de-lille","11":"tag-eu","12":"tag-europe","13":"tag-fr","14":"tag-france","15":"tag-hauts-de-france","16":"tag-lille","17":"tag-loisirs-culture","18":"tag-news","19":"tag-republique-francaise"},"share_on_mastodon":{"url":"https:\/\/pubeurope.com\/@fr\/114652659399292480","error":""},"_links":{"self":[{"href":"https:\/\/www.europesays.com\/fr\/wp-json\/wp\/v2\/posts\/162899","targetHints":{"allow":["GET"]}}],"collection":[{"href":"https:\/\/www.europesays.com\/fr\/wp-json\/wp\/v2\/posts"}],"about":[{"href":"https:\/\/www.europesays.com\/fr\/wp-json\/wp\/v2\/types\/post"}],"author":[{"embeddable":true,"href":"https:\/\/www.europesays.com\/fr\/wp-json\/wp\/v2\/users\/2"}],"replies":[{"embeddable":true,"href":"https:\/\/www.europesays.com\/fr\/wp-json\/wp\/v2\/comments?post=162899"}],"version-history":[{"count":0,"href":"https:\/\/www.europesays.com\/fr\/wp-json\/wp\/v2\/posts\/162899\/revisions"}],"wp:featuredmedia":[{"embeddable":true,"href":"https:\/\/www.europesays.com\/fr\/wp-json\/wp\/v2\/media\/162900"}],"wp:attachment":[{"href":"https:\/\/www.europesays.com\/fr\/wp-json\/wp\/v2\/media?parent=162899"}],"wp:term":[{"taxonomy":"category","embeddable":true,"href":"https:\/\/www.europesays.com\/fr\/wp-json\/wp\/v2\/categories?post=162899"},{"taxonomy":"post_tag","embeddable":true,"href":"https:\/\/www.europesays.com\/fr\/wp-json\/wp\/v2\/tags?post=162899"}],"curies":[{"name":"wp","href":"https:\/\/api.w.org\/{rel}","templated":true}]}}