{"id":162905,"date":"2025-06-09T09:20:08","date_gmt":"2025-06-09T09:20:08","guid":{"rendered":"https:\/\/www.europesays.com\/fr\/162905\/"},"modified":"2025-06-09T09:20:08","modified_gmt":"2025-06-09T09:20:08","slug":"voici-ce-quil-se-passe-2","status":"publish","type":"post","link":"https:\/\/www.europesays.com\/fr\/162905\/","title":{"rendered":"voici ce qu&rsquo;il se passe"},"content":{"rendered":"<p>            Par<br \/>\n        <strong><br \/>\n            <a href=\"https:\/\/actu.fr\/auteur\/theo-zuili\" title=\"Consulter tous les articles de Th\u00e9o Zuili\" target=\"_blank\" rel=\"noopener\">Th\u00e9o Zuili<\/a><br \/>\n        <\/strong><\/p>\n<p>        Publi\u00e9 le<\/p>\n<p>            9 juin 2025 \u00e0 10h49        <\/p>\n<p>Le ciel bleu appara\u00eet <strong>laiteux, blanch\u00e2tre, voire d\u00e9lav\u00e9<\/strong> ce lundi 9 juin 2025 \u00e0 <a href=\"https:\/\/actu.fr\/lyon\/\" target=\"_blank\" rel=\"noopener\">Lyon<\/a> et dans le Rh\u00f4ne. Pourtant, la m\u00e9t\u00e9o est g\u00e9n\u00e9reuse apr\u00e8s une semaine sous les nuages : pas un cumulonimbus n\u2019est attendu au-dessus de l\u2019agglom\u00e9ration lyonnaise.<\/p>\n<p class=\" wall-content\">Gr\u00e2ce aux outils de mesure, les sp\u00e9cialistes ont pu d\u00e9terminer l\u2019origine de ce voile gris pr\u00e9sent depuis dimanche d\u00e9j\u00e0.<\/p>\n<p>Les fum\u00e9es du Canada arrivent \u00e0 Lyon<\/p>\n<p class=\" wall-content\">\u00ab\u00a0Des fum\u00e9es provenant des feux de for\u00eat des provinces canadiennes du Manitoba et de la Saskatchewan ont travers\u00e9 l\u2019Atlantique, atteignant l\u2019Europe ces derniers jours\u00a0\u00bb \u00e9crit le service Copernicus pour la surveillance de la qualit\u00e9 de l\u2019air (CAMS) d\u00e9but juin. Un voyage de <strong>plus de 5 000 km<\/strong>.<\/p>\n<p>    <a href=\"https:\/\/www.facebook.com\/plugins\/post.php?href=https%3A%2F%2Fwww.facebook.com%2Flyonmeteo%2Fposts%2Fpfbid02PoZeu8P55H3qezgaZ9uC2kjBYWzWyuQ6G4PNLSDtUaRj6u6MYA6B5QeVGy1dyd1hl&amp;show_text=false&amp;width=350\" title=\"Ouvrie le lien\" target=\"_blank\" rel=\"noopener\">Cliquez ici pour visualiser le contenu<\/a><\/p>\n<p class=\" wall-content\">Les satellites ont observ\u00e9 un transport des fum\u00e9es, compos\u00e9es notamment de monoxyde de carbone, \u00e0 travers l\u2019Atlantique.\u00a0 <strong>Les panaches arrivent par vagues jusqu\u2019en Europe<\/strong> depuis mi-mai, et c\u2019est le dimanche 8 juin que la fum\u00e9e a empli le ciel Lyonnais.<\/p>\n<p>Vid\u00e9os : en ce moment sur ActuDes couchers de soleil rouge<\/p>\n<p class=\" wall-content\">Pour les habitants de Lyon et du Rh\u00f4ne, \u00ab\u00a0les effets typiques de ces \u00e9pisodes se manifestent par un ciel plus brumeux avec <strong>des couchers de soleil rouge<\/strong>\/orange\u00a0\u00bb.<\/p>\n<p class=\" wall-content\">Les particules de fum\u00e9e, tr\u00e8s en altitude, n\u2019ont pas d\u2019impact significatif sur la qualit\u00e9 de l\u2019air. Au Canada en revanche, l\u2019\u00e9tat d\u2019urgence est activ\u00e9 et des milliers d\u2019habitants sont \u00e9vacu\u00e9s.<\/p>\n<p>    <a href=\"https:\/\/www.facebook.com\/plugins\/post.php?href=https%3A%2F%2Fwww.facebook.com%2Flyonmeteo%2Fposts%2Fpfbid02UdMqeN1fZCqJ3ePpwAtg2RqhAxKive16ckwSg83iUn2Uuf8n2kddWxtnauPK67wGl&amp;show_text=true&amp;width=350\" title=\"Ouvrie le lien\" target=\"_blank\" rel=\"noopener\">Cliquez ici pour visualiser le contenu<\/a><\/p>\n<p class=\" wall-content\">Pour rappel, <a href=\"https:\/\/actu.fr\/auvergne-rhone-alpes\/lyon_69123\/meteo-lyon-voici-pourquoi-la-couleur-du-ciel-est-inhabituelle-ce-lundi_61500036.html\" target=\"_blank\" rel=\"noopener\">un \u00e9pisode similaire avait eu lieu en ao\u00fbt 2024<\/a>. Cette fois, la saison des feux outre-Atlantique est bien plus pr\u00e9coce.<\/p>\n<p>Le sable du Sahara va prendre le relai<\/p>\n<p class=\" wall-content\">Selon Romain Weber, pr\u00e9visionniste et fondateur de Lyon M\u00e9t\u00e9o, ces fum\u00e9es des incendies du Canada persisteront dans le ciel du Rh\u00f4ne <strong>jusqu\u2019\u00e0 mardi 10 juin<\/strong>. Le pic de concentration dans l\u2019atmosph\u00e8re sera atteint ce lundi.<\/p>\n<p class=\" wall-content\">Mais le ciel ne retrouvera pas sa teinte bleue qu\u2019on conna\u00eet bien de sit\u00f4t. \u00ab\u00a0D\u00e8s mercredi et surtout jeudi, ce sont <a href=\"https:\/\/actu.fr\/auvergne-rhone-alpes\/lyon_69123\/meteo-a-lyon-le-sable-du-sahara-en-approche-dans-le-ciel-ce-qui-nous-attend_62499321.html\" target=\"_blank\" rel=\"noopener\">les poussi\u00e8res du Sahara<\/a> prendront le relais ! Il sera donc <strong>difficile d\u2019obtenir un ciel bien bleu ces prochains jours<\/strong>, malgr\u00e9 l\u2019absence de nuages\u00a0\u00bb, pr\u00e9vient Romain Weber. Un pic de chaleur accompagnera ces poussi\u00e8res de sable, port\u00e9es par un vent du sud.<\/p>\n<p class=\" wall-content\">Suivez toute l\u2019actualit\u00e9 de vos villes et m\u00e9dias favoris en vous inscrivant \u00e0 <a href=\"https:\/\/moncompte.actu.fr\" title=\"D\u00e9couvez Mon Actu\" rel=\"nofollow noopener\" data-trk=\"{&quot;cta&quot;:{&quot;action&quot;:&quot;https:\\\/\\\/moncompte.actu.fr&quot;,&quot;category&quot;:&quot;mon compte&quot;,&quot;from&quot;:&quot;article footer&quot;,&quot;name&quot;:&quot;Mon actu&quot;,&quot;type&quot;:&quot;cta&quot;}}\" target=\"_blank\">Mon Actu<\/a>.<\/p>\n","protected":false},"excerpt":{"rendered":"Par Th\u00e9o Zuili Publi\u00e9 le 9 juin 2025 \u00e0 10h49 Le ciel bleu appara\u00eet laiteux, blanch\u00e2tre, voire d\u00e9lav\u00e9&hellip;\n","protected":false},"author":2,"featured_media":162906,"comment_status":"","ping_status":"","sticky":false,"template":"","format":"standard","meta":{"footnotes":""},"categories":[1889],"tags":[1111,11,2430,574,1777,674,1011,27,1310,1757,2428,2487,12,25],"class_list":{"0":"post-162905","1":"post","2":"type-post","3":"status-publish","4":"format-standard","5":"has-post-thumbnail","7":"category-lyon","8":"tag-actu","9":"tag-actualites","10":"tag-auvergne-rhone-alpes","11":"tag-canada","12":"tag-eu","13":"tag-europe","14":"tag-fr","15":"tag-france","16":"tag-incendie","17":"tag-insolite","18":"tag-lyon","19":"tag-meteo","20":"tag-news","21":"tag-republique-francaise"},"share_on_mastodon":{"url":"https:\/\/pubeurope.com\/@fr\/114652671183378360","error":""},"_links":{"self":[{"href":"https:\/\/www.europesays.com\/fr\/wp-json\/wp\/v2\/posts\/162905","targetHints":{"allow":["GET"]}}],"collection":[{"href":"https:\/\/www.europesays.com\/fr\/wp-json\/wp\/v2\/posts"}],"about":[{"href":"https:\/\/www.europesays.com\/fr\/wp-json\/wp\/v2\/types\/post"}],"author":[{"embeddable":true,"href":"https:\/\/www.europesays.com\/fr\/wp-json\/wp\/v2\/users\/2"}],"replies":[{"embeddable":true,"href":"https:\/\/www.europesays.com\/fr\/wp-json\/wp\/v2\/comments?post=162905"}],"version-history":[{"count":0,"href":"https:\/\/www.europesays.com\/fr\/wp-json\/wp\/v2\/posts\/162905\/revisions"}],"wp:featuredmedia":[{"embeddable":true,"href":"https:\/\/www.europesays.com\/fr\/wp-json\/wp\/v2\/media\/162906"}],"wp:attachment":[{"href":"https:\/\/www.europesays.com\/fr\/wp-json\/wp\/v2\/media?parent=162905"}],"wp:term":[{"taxonomy":"category","embeddable":true,"href":"https:\/\/www.europesays.com\/fr\/wp-json\/wp\/v2\/categories?post=162905"},{"taxonomy":"post_tag","embeddable":true,"href":"https:\/\/www.europesays.com\/fr\/wp-json\/wp\/v2\/tags?post=162905"}],"curies":[{"name":"wp","href":"https:\/\/api.w.org\/{rel}","templated":true}]}}