{"id":162912,"date":"2025-06-09T09:24:11","date_gmt":"2025-06-09T09:24:11","guid":{"rendered":"https:\/\/www.europesays.com\/fr\/162912\/"},"modified":"2025-06-09T09:24:11","modified_gmt":"2025-06-09T09:24:11","slug":"revu-a-la-hausse-lexcedent-budgetaire-des-jeux-depasse-largement-les-previsions","status":"publish","type":"post","link":"https:\/\/www.europesays.com\/fr\/162912\/","title":{"rendered":"revu \u00e0 la hausse, l&rsquo;exc\u00e9dent budg\u00e9taire des Jeux d\u00e9passe largement les pr\u00e9visions"},"content":{"rendered":"<p>            Par<br \/>\n        <strong><br \/>\n            <a href=\"https:\/\/actu.fr\/auteur\/redaction-paris\" title=\"Consulter tous les articles de R\u00e9daction Paris\" rel=\"nofollow noopener\" target=\"_blank\">R\u00e9daction Paris<\/a><br \/>\n        <\/strong><\/p>\n<p>        Publi\u00e9 le<\/p>\n<p>            9 juin 2025 \u00e0 11h16        <\/p>\n<p>\u00c0 quelques jours de la cl\u00f4ture des comptes, le Comit\u00e9 d\u2019organisation des <a href=\"https:\/\/actu.fr\/tag\/jo-paris-2024\" rel=\"nofollow noopener\" target=\"_blank\">Jeux olympiques de Paris 2024<\/a> (<strong>Cojo<\/strong>) a annonc\u00e9, dimanche 8\u00a0juin 2025, une nette am\u00e9lioration de son solde budg\u00e9taire, avec un exc\u00e9dent d\u00e9sormais<strong> estim\u00e9 \u00e0 environ 76\u00a0millions d\u2019euros<\/strong>, contre 27\u00a0millions annonc\u00e9s en d\u00e9cembre dernier, a d\u00e9clar\u00e9 Tony Estanguet, pr\u00e9sident du Comit\u00e9 d\u2019organisation, \u00e0 un groupe de journalistes, dont ceux de l\u2019AFP.<\/p>\n<p>Un co\u00fbt public global situ\u00e9 \u00ab\u2009entre 3 et 5\u00a0milliards\u2009\u00bb<\/p>\n<p class=\" wall-content\">Selon le directeur financier de Paris 2024, Fabrice Lacroix, le budget de l\u2019organisation s\u2019\u00e9l\u00e8ve \u00e0 4,494\u00a0milliards d\u2019euros en recettes, <strong>pour 4,418\u00a0milliards en d\u00e9penses<\/strong>. Initialement chiffr\u00e9 \u00e0 3,2\u00a0milliards dans le dossier de candidature, ce budget avait \u00e9t\u00e9 r\u00e9vis\u00e9 \u00e0 3,8\u00a0milliards en 2018.<\/p>\n<p class=\" wall-content\">Enti\u00e8rement adoss\u00e9 \u00e0 des ressources priv\u00e9es, le financement du Cojo repose sur les sponsors, la dotation du Comit\u00e9 international olympique (CIO) ainsi que la billetterie.<\/p>\n<p class=\" wall-content\">En parall\u00e8le, le financement public <strong>\u2013 port\u00e9 par l\u2019\u00c9tat et les collectivit\u00e9s \u2013<\/strong>\u00a0couvre notamment une partie des infrastructures olympiques. Il s\u2019\u00e9tablit, selon un document du budget 2025, \u00e0 2,46\u00a0milliards d\u2019euros, un montant encore partiel. En mars\u00a02024, Pierre Moscovici, premier pr\u00e9sident de la Cour des comptes, \u00e9voquait toutefois un co\u00fbt public global situ\u00e9 <strong>\u00ab\u2009entre 3 et 5\u00a0milliards\u2009\u00bb<\/strong>.<\/p>\n<p>Un exc\u00e9dent final \u00ab\u2009au-del\u00e0\u2009\u00bb des 76\u00a0millions d\u2019euros<\/p>\n<p class=\" wall-content\">L\u2019annonce de cette hausse de l\u2019exc\u00e9dent intervient \u00e0 quelques jours de la r\u00e9union du conseil d\u2019administration du Cojo, pr\u00e9vue le 17\u00a0juin. Celle-ci marquera <strong>la cl\u00f4ture des comptes<\/strong> et ouvrira la voie \u00e0 la dissolution du comit\u00e9, confi\u00e9e \u00e0 un liquidateur.<\/p>\n<p>Vid\u00e9os : en ce moment sur Actu<\/p>\n<p class=\" wall-content\">Tony Estanguet a pr\u00e9cis\u00e9 que l\u2019exc\u00e9dent final serait <strong>\u00ab\u2009au-del\u00e0\u2009\u00bb des 76\u00a0millions d\u2019euros<\/strong>. Fabrice Lacroix a expliqu\u00e9 cette progression par la cl\u00f4ture de plusieurs n\u00e9gociations, des ajustements contractuels avec les fournisseurs, ainsi que par quelques \u00ab\u2009bonnes nouvelles\u2009\u00bb, telles que des effets favorables de taux de change, <strong>des r\u00e9sultats de placements<\/strong>, ou encore des recettes de billetterie et de produits sous licence.<\/p>\n<p>Une partie de l\u2019exc\u00e9dent sera revers\u00e9e pour le sport fran\u00e7ais<\/p>\n<p class=\" wall-content\">Le pr\u00e9sident du Cojo a soulign\u00e9 que cet exc\u00e9dent b\u00e9n\u00e9ficiera directement au sport\u2009: 20\u2009% seront vers\u00e9s au Comit\u00e9 national olympique et sportif fran\u00e7ais (CNOSF), <strong>60\u2009% iront au fonds de dotation de Paris 2024<\/strong>, g\u00e9r\u00e9 notamment par le CNOSF, le Comit\u00e9 paralympique, la Ville de <a href=\"https:\/\/actu.fr\/paris\/\" rel=\"nofollow noopener\" target=\"_blank\">Paris<\/a> et la r\u00e9gion <a href=\"https:\/\/actu.fr\/ile-de-france\/\" rel=\"nofollow noopener\" target=\"_blank\">\u00cele-de-France<\/a>, tandis que les 20\u2009% restants reviendront au CIO.<\/p>\n<p class=\" wall-content\">Enfin, le Cojo a pr\u00e9vu une contribution de <strong>5\u00a0millions d\u2019euros<\/strong> pour <a href=\"https:\/\/actu.fr\/ile-de-france\/paris_75056\/la-vasque-olympique-va-faire-son-retour-a-paris-ou-et-quand-l-admirer-a-nouveau-dans-la-capitale_62650072.html\" rel=\"nofollow noopener\" target=\"_blank\">le retour de la vasque olympique dans les jardins des Tuileries<\/a> \u00e0 Paris, pour les trois prochains \u00e9t\u00e9s.<\/p>\n<p class=\" wall-content\">Avec AFP<\/p>\n<p class=\" wall-content\">Suivez toute l\u2019actualit\u00e9 de vos villes et m\u00e9dias favoris en vous inscrivant \u00e0 <a href=\"https:\/\/moncompte.actu.fr\" title=\"D\u00e9couvez Mon Actu\" rel=\"nofollow noopener\" data-trk=\"{&quot;cta&quot;:{&quot;action&quot;:&quot;https:\\\/\\\/moncompte.actu.fr&quot;,&quot;category&quot;:&quot;mon compte&quot;,&quot;from&quot;:&quot;article footer&quot;,&quot;name&quot;:&quot;Mon actu&quot;,&quot;type&quot;:&quot;cta&quot;}}\" target=\"_blank\">Mon Actu<\/a>.<\/p>\n","protected":false},"excerpt":{"rendered":"Par R\u00e9daction Paris Publi\u00e9 le 9 juin 2025 \u00e0 11h16 \u00c0 quelques jours de la cl\u00f4ture des comptes,&hellip;\n","protected":false},"author":2,"featured_media":162913,"comment_status":"","ping_status":"","sticky":false,"template":"","format":"standard","meta":{"footnotes":""},"categories":[1888],"tags":[1111,1928,11,1927,1003,1777,674,1011,27,7941,12,1926,626,1925,25,104],"class_list":{"0":"post-162912","1":"post","2":"type-post","3":"status-publish","4":"format-standard","5":"has-post-thumbnail","7":"category-paris","8":"tag-actu","9":"tag-actu-paris","10":"tag-actualites","11":"tag-actualites-paris","12":"tag-budget","13":"tag-eu","14":"tag-europe","15":"tag-fr","16":"tag-france","17":"tag-jo-paris-2024","18":"tag-news","19":"tag-news-paris","20":"tag-paris","21":"tag-paris-news","22":"tag-republique-francaise","23":"tag-societe"},"share_on_mastodon":{"url":"https:\/\/pubeurope.com\/@fr\/114652686805350587","error":""},"_links":{"self":[{"href":"https:\/\/www.europesays.com\/fr\/wp-json\/wp\/v2\/posts\/162912","targetHints":{"allow":["GET"]}}],"collection":[{"href":"https:\/\/www.europesays.com\/fr\/wp-json\/wp\/v2\/posts"}],"about":[{"href":"https:\/\/www.europesays.com\/fr\/wp-json\/wp\/v2\/types\/post"}],"author":[{"embeddable":true,"href":"https:\/\/www.europesays.com\/fr\/wp-json\/wp\/v2\/users\/2"}],"replies":[{"embeddable":true,"href":"https:\/\/www.europesays.com\/fr\/wp-json\/wp\/v2\/comments?post=162912"}],"version-history":[{"count":0,"href":"https:\/\/www.europesays.com\/fr\/wp-json\/wp\/v2\/posts\/162912\/revisions"}],"wp:featuredmedia":[{"embeddable":true,"href":"https:\/\/www.europesays.com\/fr\/wp-json\/wp\/v2\/media\/162913"}],"wp:attachment":[{"href":"https:\/\/www.europesays.com\/fr\/wp-json\/wp\/v2\/media?parent=162912"}],"wp:term":[{"taxonomy":"category","embeddable":true,"href":"https:\/\/www.europesays.com\/fr\/wp-json\/wp\/v2\/categories?post=162912"},{"taxonomy":"post_tag","embeddable":true,"href":"https:\/\/www.europesays.com\/fr\/wp-json\/wp\/v2\/tags?post=162912"}],"curies":[{"name":"wp","href":"https:\/\/api.w.org\/{rel}","templated":true}]}}