{"id":162916,"date":"2025-06-09T09:26:08","date_gmt":"2025-06-09T09:26:08","guid":{"rendered":"https:\/\/www.europesays.com\/fr\/162916\/"},"modified":"2025-06-09T09:26:08","modified_gmt":"2025-06-09T09:26:08","slug":"paris-demain-tous-economes-en-eau-le-ixe-arrondissement-met-ses-habitants-au-defi","status":"publish","type":"post","link":"https:\/\/www.europesays.com\/fr\/162916\/","title":{"rendered":"Paris\u00a0: demain, tous \u00e9conomes en eau\u00a0? Le IXe\u00a0arrondissement met ses habitants au d\u00e9fi"},"content":{"rendered":"<p class=\"paragraph text_align_left\">Pour la plan\u00e8te, mais aussi pour all\u00e9ger sa facture\u2026 \u00ab Avec deux enfants en bas \u00e2ge, on essaie de faire attention \u00e0 notre consommation d\u2019eau \u00bb, explique Astrid, 40 ans. La maman dispose depuis quelques semaines dans sa salle de bains d\u2019un pommeau de douche \u00e9conome, fourni gratuitement par la <a href=\"https:\/\/www.leparisien.fr\/faits-divers\/paris-incendie-dans-le-ixe-arrondissement-la-batterie-dun-velo-electrique-en-cause-30-05-2025-UQBF3FDZIJHLTKRAV3D4INZG74.php\" target=\"_self\" rel=\"noopener\">mairie du IXe arrondissement<\/a>, o\u00f9 r\u00e9side sa famille. Depuis ce printemps, la municipalit\u00e9 locale distribue des kits d\u2019\u00e9conomie d\u2019eau dans le cadre d\u2019une exp\u00e9rimentation.<\/p>\n<p class=\"paragraph text_align_left\">Les habitants peuvent r\u00e9cup\u00e9rer leur petite bo\u00eete en carton \u00e0 la mairie. \u00c0 l\u2019int\u00e9rieur : un pommeau de douche \u00e9conome, des limitateurs de d\u00e9bit pour la cuisine et la salle de bains, quatre joints et un sac permettant de diminuer le volume d\u2019eau par chasse d\u2019eau tir\u00e9e. Objectif : encourager les foyers \u00e0 adopter des gestes simples pour <a href=\"https:\/\/www.leparisien.fr\/economie\/consommation\/un-mur-dinvestissements-pourquoi-votre-facture-deau-risque-encore-daugmenter-dans-les-prochains-mois-25-06-2024-4TEIIUIYPJH7HDJXLEVUI4Z4PM.php\" target=\"_self\" rel=\"noopener\">consommer moins d\u2019eau<\/a> au quotidien.<\/p>\n","protected":false},"excerpt":{"rendered":"Pour la plan\u00e8te, mais aussi pour all\u00e9ger sa facture\u2026 \u00ab Avec deux enfants en bas \u00e2ge, on essaie&hellip;\n","protected":false},"author":2,"featured_media":162917,"comment_status":"","ping_status":"","sticky":false,"template":"","format":"standard","meta":{"footnotes":""},"categories":[1888],"tags":[11,1777,674,1011,27,3746,1944,12,626,25],"class_list":{"0":"post-162916","1":"post","2":"type-post","3":"status-publish","4":"format-standard","5":"has-post-thumbnail","7":"category-paris","8":"tag-actualites","9":"tag-eu","10":"tag-europe","11":"tag-fr","12":"tag-france","13":"tag-futurs","14":"tag-ma-ville","15":"tag-news","16":"tag-paris","17":"tag-republique-francaise"},"share_on_mastodon":{"url":"https:\/\/pubeurope.com\/@fr\/114652694738721753","error":""},"_links":{"self":[{"href":"https:\/\/www.europesays.com\/fr\/wp-json\/wp\/v2\/posts\/162916","targetHints":{"allow":["GET"]}}],"collection":[{"href":"https:\/\/www.europesays.com\/fr\/wp-json\/wp\/v2\/posts"}],"about":[{"href":"https:\/\/www.europesays.com\/fr\/wp-json\/wp\/v2\/types\/post"}],"author":[{"embeddable":true,"href":"https:\/\/www.europesays.com\/fr\/wp-json\/wp\/v2\/users\/2"}],"replies":[{"embeddable":true,"href":"https:\/\/www.europesays.com\/fr\/wp-json\/wp\/v2\/comments?post=162916"}],"version-history":[{"count":0,"href":"https:\/\/www.europesays.com\/fr\/wp-json\/wp\/v2\/posts\/162916\/revisions"}],"wp:featuredmedia":[{"embeddable":true,"href":"https:\/\/www.europesays.com\/fr\/wp-json\/wp\/v2\/media\/162917"}],"wp:attachment":[{"href":"https:\/\/www.europesays.com\/fr\/wp-json\/wp\/v2\/media?parent=162916"}],"wp:term":[{"taxonomy":"category","embeddable":true,"href":"https:\/\/www.europesays.com\/fr\/wp-json\/wp\/v2\/categories?post=162916"},{"taxonomy":"post_tag","embeddable":true,"href":"https:\/\/www.europesays.com\/fr\/wp-json\/wp\/v2\/tags?post=162916"}],"curies":[{"name":"wp","href":"https:\/\/api.w.org\/{rel}","templated":true}]}}