{"id":16292,"date":"2025-04-11T01:48:26","date_gmt":"2025-04-11T01:48:26","guid":{"rendered":"https:\/\/www.europesays.com\/fr\/16292\/"},"modified":"2025-04-11T01:48:26","modified_gmt":"2025-04-11T01:48:26","slug":"aston-villa-bronca-et-patates-sous-la-barre-comment-paris-a-venge-le-peuple-francais-du-vilain-dibu-martinez","status":"publish","type":"post","link":"https:\/\/www.europesays.com\/fr\/16292\/","title":{"rendered":"Aston Villa\u00a0: Bronca et patates sous la barre, comment Paris a veng\u00e9 le peuple fran\u00e7ais du vilain \u00ab\u00a0Dibu\u00a0\u00bb Martinez"},"content":{"rendered":"<p>Toujours partant quand il faut aller \u00e0 la mailloche pour lib\u00e9rer le pays des griffes et des humiliations des inf\u00e2mes tyrans (parlez-en \u00e0 Louis XVI), Paris a de nouveau sorti son costume de super-h\u00e9ros, mercredi soir, en <a href=\"https:\/\/www.20minutes.fr\/sport\/football\/ligue_des_champions\/4147658-20250409-direct-psg-aston-villa-paris-retrouve-ex-quart-finale-aller-ligue-champions-suivez-match\" target=\"_blank\" class=\"color-ultramarine c-link\" rel=\"noopener\">quart de finale aller de Ligue des champions<\/a>, pour r\u00e9gler son compte \u00e0 une vieille canaille qui hante nos nuits \u00e0 tous depuis bient\u00f4t trois ans. On parle \u00e9videmment d\u2019Emiliano Martinez, <a href=\"https:\/\/www.20minutes.fr\/sport\/coupe_du_monde_2022\/4021798-20230203-france-argentine-encore-travers-gorge-toute-vie-raconte-kolo-muani\" target=\"_blank\" class=\"color-ultramarine c-link\" rel=\"noopener\">le cauchemar du peuple fran\u00e7ais<\/a> (et de Kolo Muani) depuis la tragique nuit de d\u00e9cembre\u00a02022 \u00e0 Doha, venu d\u00e9fier le PSG apr\u00e8s avoir mis le pays tout entier en PLS.<\/p>\n<p>D\u00e8s lors, ils \u00e9taient plus nombreux que pr\u00e9vu mercredi \u00e0 soutenir le club de la capitale et \u00e0 se d\u00e9lecter des patatas de D\u00e9sir\u00e9 Dou\u00e9, Khvicha Kvaratskhelia et Nuno Mendes sous la barre de \u00ab\u00a0Dibu\u00a0\u00bb qui, les yeux perdus dans le lointain, semblait moins fringant sur les coups de 22h50 que la veille, quand il a d\u00e9barqu\u00e9 sur le tarmac parisien <a href=\"https:\/\/www.20minutes.fr\/sport\/football\/ligue_des_champions\/4147742-20250409-psg-aston-villa-emiliano-martinez-debarque-paris-mode-provoc-casquette-argentine-tete\" target=\"_blank\" class=\"color-ultramarine c-link\" rel=\"noopener\">avec une casquette de l\u2019Argentine<\/a> championne du monde sur la carafe.<\/p>\n<blockquote class=\"twitter-tweet\" align=\"center\" data-lang=\"fr_FR\">\n<p lang=\"fr\" dir=\"ltr\">Tu sais qu&rsquo;Emiliano Martinez est propri\u00e9taire d&rsquo;un 6 pi\u00e8ces rooftop plein sud dans la t\u00eate de tout le pays quand les Fran\u00e7ais se r\u00e9jouissent d&rsquo;une victoire du PSG<\/p>\n<p>\u2014 F\u00e9d\u00e9 \ud83c\uddeb\ud83c\uddf7 de la Lose (@FFLose) <a href=\"https:\/\/twitter.com\/FFLose\/status\/1910082032509604082?ref_src=twsrc%5Etfw\" target=\"_blank\" rel=\"noopener\">April 9, 2025<\/a><\/p><\/blockquote>\n<p class=\"mb-m@xs text-l@xs\">En cliquant sur\u00ab J\u2019accepte \u00bb, vous acceptez le d\u00e9p\u00f4t de cookies par des services externes et aurez ainsi acc\u00e8s aux contenus de nos partenaires.<\/p>\n<p class=\"mb-xl@xs text-s@xs\">Plus d\u2019informations sur la page<a href=\"https:\/\/www.20minutes.fr\/gestion-cookies\" class=\"mx-xxs@xs color-ultramarine\" target=\"_blank\" rel=\"noopener\">Politique de gestion des cookies<\/a><\/p>\n<p>J\u2019accepte<\/p>\n<p>Et pourtant, bondiou de bondiou, que ce fut dur de transpercer le mur des Villans, auteur de nombreux arr\u00eats d\u00e9cisifs avant la lib\u00e9ration de la 39e minute et ce scud du tonnerre sign\u00e9 du nouveau g\u00e9nie fran\u00e7ais D\u00e9sir\u00e9 Dou\u00e9. Le public du Parc avait tout fait de son c\u00f4t\u00e9 pour mettre ses joueurs dans de bonnes dispositions et an\u00e9antir par la m\u00eame occasion celles du gardien d\u2019Aston Villa, qui n\u2019aura pas, comme pr\u00e9vu, touch\u00e9 un ballon sans recevoir une bronca des enfers mercredi. De son c\u00f4t\u00e9, le virage Auteuil s\u2019\u00e9tait appliqu\u00e9 en avant-match \u00e0 chanter \u00e0 gorges d\u00e9ploy\u00e9es contre Martinez (et sa pauvre m\u00e8re qui n\u2019avait rien demand\u00e9).<\/p>\n<\/p>\n<p>Une muraille puis la d\u00e9ferlante<\/p>\n<p>Mais, on le savait, ce genre d\u2019ambiance hostile \u00e9lectrise plus que tout le portier de l\u2019Albiceleste et il fallait de grands attaquants pour parvenir \u00e0 effacer ce rictus du visage de l\u2019ennemi public num\u00e9ro un. Ce que sont incontestablement Dou\u00e9 et \u00ab\u00a0Kvara\u00a0\u00bb, \u00e0 l\u2019origine du r\u00e9veil et de la r\u00e9volte parisienne, en fin de premi\u00e8re p\u00e9riode pour le premier (1-1, 39e), et au retour des vestiaires pour le second (2-1, 49e).<\/p>\n<p>En parachevant le travail au bout du bout des arr\u00eats de jeu et en mettant Martinez sur les fesses apr\u00e8s ce crochet d\u00e9vastateur, Nuno Mendes est venu d\u00e9finitivement mettre la t\u00eate de \u00ab\u00a0Dibu\u00a0\u00bb dans un \u00e9tau pour offrir (au PSG) un succ\u00e8s plus ample (3-1) et confortable avant le match retour, et (aux Fran\u00e7ais) une revanche sur l\u2019histoire et une nouvelle tranquillit\u00e9 d\u2019esprit. Alors, m\u00eame si cela doit co\u00fbter \u00e0 certains de le dire, ce matin, on dit merci Paris.<\/p>\n<p><script async src=\"https:\/\/platform.twitter.com\/widgets.js\" charset=\"utf-8\"><\/script><\/p>\n","protected":false},"excerpt":{"rendered":"Toujours partant quand il faut aller \u00e0 la mailloche pour lib\u00e9rer le pays des griffes et des humiliations&hellip;\n","protected":false},"author":2,"featured_media":16293,"comment_status":"","ping_status":"","sticky":false,"template":"","format":"standard","meta":{"footnotes":""},"categories":[1888],"tags":[1111,1928,11,1927,6715,6255,6714,6713,1777,674,63,1011,27,447,12,1926,626,1925,2332,25,517],"class_list":{"0":"post-16292","1":"post","2":"type-post","3":"status-publish","4":"format-standard","5":"has-post-thumbnail","7":"category-paris","8":"tag-actu","9":"tag-actu-paris","10":"tag-actualites","11":"tag-actualites-paris","12":"tag-argentine","13":"tag-aston-villa-fc","14":"tag-coupe-du-monde-2022","15":"tag-equipe-de-france-de-football","16":"tag-eu","17":"tag-europe","18":"tag-football","19":"tag-fr","20":"tag-france","21":"tag-ligue-des-champions","22":"tag-news","23":"tag-news-paris","24":"tag-paris","25":"tag-paris-news","26":"tag-paris-saint-germain-psg","27":"tag-republique-francaise","28":"tag-sport"},"share_on_mastodon":{"url":"https:\/\/pubeurope.com\/@fr\/114316817428346941","error":""},"_links":{"self":[{"href":"https:\/\/www.europesays.com\/fr\/wp-json\/wp\/v2\/posts\/16292","targetHints":{"allow":["GET"]}}],"collection":[{"href":"https:\/\/www.europesays.com\/fr\/wp-json\/wp\/v2\/posts"}],"about":[{"href":"https:\/\/www.europesays.com\/fr\/wp-json\/wp\/v2\/types\/post"}],"author":[{"embeddable":true,"href":"https:\/\/www.europesays.com\/fr\/wp-json\/wp\/v2\/users\/2"}],"replies":[{"embeddable":true,"href":"https:\/\/www.europesays.com\/fr\/wp-json\/wp\/v2\/comments?post=16292"}],"version-history":[{"count":0,"href":"https:\/\/www.europesays.com\/fr\/wp-json\/wp\/v2\/posts\/16292\/revisions"}],"wp:featuredmedia":[{"embeddable":true,"href":"https:\/\/www.europesays.com\/fr\/wp-json\/wp\/v2\/media\/16293"}],"wp:attachment":[{"href":"https:\/\/www.europesays.com\/fr\/wp-json\/wp\/v2\/media?parent=16292"}],"wp:term":[{"taxonomy":"category","embeddable":true,"href":"https:\/\/www.europesays.com\/fr\/wp-json\/wp\/v2\/categories?post=16292"},{"taxonomy":"post_tag","embeddable":true,"href":"https:\/\/www.europesays.com\/fr\/wp-json\/wp\/v2\/tags?post=16292"}],"curies":[{"name":"wp","href":"https:\/\/api.w.org\/{rel}","templated":true}]}}