{"id":162928,"date":"2025-06-09T09:32:17","date_gmt":"2025-06-09T09:32:17","guid":{"rendered":"https:\/\/www.europesays.com\/fr\/162928\/"},"modified":"2025-06-09T09:32:17","modified_gmt":"2025-06-09T09:32:17","slug":"chevalier-a-la-place-de-donnarumma-allemagne-france-et-portugal-espagne","status":"publish","type":"post","link":"https:\/\/www.europesays.com\/fr\/162928\/","title":{"rendered":"Chevalier \u00e0 la place de Donnarumma, Allemagne\/France et Portugal\/Espagne"},"content":{"rendered":"<p><strong>Ce lundi 9 juin, la presse fran\u00e7aise (sur l\u2019aspect sportif) s\u2019est concentr\u00e9e du c\u00f4t\u00e9 du Paris Saint-Germain sur le retour de la rumeur d\u2019<a href=\"https:\/\/www.parisfans.fr\/transferts\/mercato-chevalier-au-psg-ca-avance-822548.html\" target=\"_blank\" rel=\"noopener\">un int\u00e9r\u00eat pour Lucas Chevalier<\/a> (gardien de 23 ans du LOSC) afin de remplacer <a href=\"https:\/\/www.parisfans.fr\/transferts\/mercato-coup-de-tonnerre-au-psg-le-depart-de-donnarumma-se-dessine-815409.html\" target=\"_blank\" rel=\"noopener\">Gianluigi Donnarumma (26 ans) s\u2019il ne prolonge pas prochainement<\/a>, la tentative de recruter <a href=\"https:\/\/www.parisfans.fr\/transferts\/mercato-zabarnyi-au-psg-ca-se-confirme-avec-une-surprise-850782.html\" target=\"_blank\" rel=\"noopener\">Ilya Zabarnyi <\/a>(d\u00e9fenseur de 22 ans de Bournemouth et de l\u2019Ukraine), ainsi que les matchs de Ligue des Nations Allemagne\/France (0-2, petite finale) et la finale Portugal\/Espagne (2-2, puis 5-3 aux TAB).<\/strong><\/p>\n<p>Le Parisien \u2013<\/p>\n<p><img loading=\"lazy\" decoding=\"async\" class=\"aligncenter size-full wp-image-851627 lazyload\" alt=\"\" width=\"1279\" height=\"145\" data-eio=\"p\" src=\"https:\/\/www.europesays.com\/fr\/wp-content\/uploads\/2025\/06\/presse-9.png\"  data- data-eio-rwidth=\"1279\" data-eio-rheight=\"145\"\/><\/p>\n<p>L\u2019Equipe \u2013<\/p>\n<p><img loading=\"lazy\" decoding=\"async\" class=\"aligncenter size-full wp-image-851634 lazyload\" alt=\"\" width=\"1255\" height=\"221\" data-eio=\"p\" src=\"https:\/\/www.europesays.com\/fr\/wp-content\/uploads\/2025\/06\/presse-10.png\"  data- data-eio-rwidth=\"1255\" data-eio-rheight=\"221\"\/> <img loading=\"lazy\" decoding=\"async\" class=\"aligncenter size-full wp-image-851633 lazyload\" alt=\"\" width=\"397\" height=\"503\" data-eio=\"p\" src=\"https:\/\/www.europesays.com\/fr\/wp-content\/uploads\/2025\/06\/presse2-12.png\"  data- data-eio-rwidth=\"397\" data-eio-rheight=\"503\"\/> <img loading=\"lazy\" decoding=\"async\" class=\"aligncenter size-full wp-image-851632 lazyload\" alt=\"\" width=\"891\" height=\"131\" data-eio=\"p\" src=\"https:\/\/www.europesays.com\/fr\/wp-content\/uploads\/2025\/06\/presse3-8.png\"  data- data-eio-rwidth=\"891\" data-eio-rheight=\"131\"\/> <img loading=\"lazy\" decoding=\"async\" class=\"aligncenter size-full wp-image-851631 lazyload\" alt=\"\" width=\"395\" height=\"551\" data-eio=\"p\" src=\"https:\/\/www.europesays.com\/fr\/wp-content\/uploads\/2025\/06\/presse4-6.png\"  data- data-eio-rwidth=\"395\" data-eio-rheight=\"551\"\/> <img loading=\"lazy\" decoding=\"async\" class=\"aligncenter size-full wp-image-851630 lazyload\" alt=\"\" width=\"609\" height=\"127\" data-eio=\"p\" src=\"https:\/\/www.europesays.com\/fr\/wp-content\/uploads\/2025\/06\/presse5-4.png\"  data- data-eio-rwidth=\"609\" data-eio-rheight=\"127\"\/> <img loading=\"lazy\" decoding=\"async\" class=\"aligncenter size-full wp-image-851629 lazyload\" alt=\"\" width=\"961\" height=\"141\" data-eio=\"p\" src=\"https:\/\/www.europesays.com\/fr\/wp-content\/uploads\/2025\/06\/presse6-6.png\"  data- data-eio-rwidth=\"961\" data-eio-rheight=\"141\"\/> <img loading=\"lazy\" decoding=\"async\" class=\"aligncenter size-full wp-image-851628 lazyload\" alt=\"\" width=\"759\" height=\"171\" data-eio=\"p\" src=\"https:\/\/www.europesays.com\/fr\/wp-content\/uploads\/2025\/06\/presse8-4.png\"  data- data-eio-rwidth=\"759\" data-eio-rheight=\"171\"\/><\/p>\n<p>Le mercato a d\u00e9marr\u00e9, les rumeurs se multiplient. Souvent avec des choses plus ou moins cr\u00e9dibles, mais surtout sans \u00e9l\u00e9ment concret pour le moment. Sauf les d\u00e9clarations de Donnarumma et son agent avec comme priorit\u00e9 de prolonger au PSG. Les m\u00e9dias vont tout de m\u00eame dans le sens d\u2019un d\u00e9part derni\u00e8rement, difficile alors de tout suivre.<\/p>\n<p>On esp\u00e8re surtout du concret prochainement. Peut-\u00eatre avec une prolongation, peut-\u00eatre avec Zabarnyi. Possiblement avec d\u2019autres annonces. En tout cas, il faut attendre pour en savoir plus.<\/p>\n<p>En attendant, justement, la France s\u2019est relanc\u00e9e contre l\u2019Allemagne au terme d\u2019un match difficile. Alors sur le Portugal a remport\u00e9 la Ligue des Nations aux tirs au but. Une belle rencontre pour 2e titre en une semaine pour les Portugais du PSG : Nuno Mendes, Vitinha, Jo\u00e3o Neves et Gon\u00e7alo Ramos.<\/p>\n<p>\t\t\t\t\t\t\t\t\t\t\t\t\t\t\t\t\t\t\t\t\t\t\t<img loading=\"lazy\" src=\"https:\/\/www.europesays.com\/fr\/wp-content\/uploads\/2025\/04\/ParisFans_Logo.png\" decoding=\"async\" class=\"lazyload\" width=\"240\" height=\"54\" data-eio-rwidth=\"240\" data-eio-rheight=\"54\"\/><\/p>\n","protected":false},"excerpt":{"rendered":"Ce lundi 9 juin, la presse fran\u00e7aise (sur l\u2019aspect sportif) s\u2019est concentr\u00e9e du c\u00f4t\u00e9 du Paris Saint-Germain sur&hellip;\n","protected":false},"author":2,"featured_media":162929,"comment_status":"","ping_status":"","sticky":false,"template":"","format":"standard","meta":{"footnotes":""},"categories":[1587],"tags":[11,672,1804,1805,1803,1777,674,1801,12,4048,1802,96],"class_list":{"0":"post-162928","1":"post","2":"type-post","3":"status-publish","4":"format-standard","5":"has-post-thumbnail","7":"category-allemagne","8":"tag-actualites","9":"tag-allemagne","10":"tag-bundesrepublik-deutschland","11":"tag-de","12":"tag-deutschland","13":"tag-eu","14":"tag-europe","15":"tag-germany","16":"tag-news","17":"tag-presse","18":"tag-republique-federale-dallemagne","19":"tag-une"},"share_on_mastodon":{"url":"https:\/\/pubeurope.com\/@fr\/114652718580403669","error":""},"_links":{"self":[{"href":"https:\/\/www.europesays.com\/fr\/wp-json\/wp\/v2\/posts\/162928","targetHints":{"allow":["GET"]}}],"collection":[{"href":"https:\/\/www.europesays.com\/fr\/wp-json\/wp\/v2\/posts"}],"about":[{"href":"https:\/\/www.europesays.com\/fr\/wp-json\/wp\/v2\/types\/post"}],"author":[{"embeddable":true,"href":"https:\/\/www.europesays.com\/fr\/wp-json\/wp\/v2\/users\/2"}],"replies":[{"embeddable":true,"href":"https:\/\/www.europesays.com\/fr\/wp-json\/wp\/v2\/comments?post=162928"}],"version-history":[{"count":0,"href":"https:\/\/www.europesays.com\/fr\/wp-json\/wp\/v2\/posts\/162928\/revisions"}],"wp:featuredmedia":[{"embeddable":true,"href":"https:\/\/www.europesays.com\/fr\/wp-json\/wp\/v2\/media\/162929"}],"wp:attachment":[{"href":"https:\/\/www.europesays.com\/fr\/wp-json\/wp\/v2\/media?parent=162928"}],"wp:term":[{"taxonomy":"category","embeddable":true,"href":"https:\/\/www.europesays.com\/fr\/wp-json\/wp\/v2\/categories?post=162928"},{"taxonomy":"post_tag","embeddable":true,"href":"https:\/\/www.europesays.com\/fr\/wp-json\/wp\/v2\/tags?post=162928"}],"curies":[{"name":"wp","href":"https:\/\/api.w.org\/{rel}","templated":true}]}}