{"id":162935,"date":"2025-06-09T09:36:11","date_gmt":"2025-06-09T09:36:11","guid":{"rendered":"https:\/\/www.europesays.com\/fr\/162935\/"},"modified":"2025-06-09T09:36:11","modified_gmt":"2025-06-09T09:36:11","slug":"isere-un-jeune-speleologue-gravement-blesse-dans-la-grotte-du-guiers-mort-a-saint-pierre-de-chartreuse-le-dauphine-libere","status":"publish","type":"post","link":"https:\/\/www.europesays.com\/fr\/162935\/","title":{"rendered":"Is\u00e8re. Un jeune sp\u00e9l\u00e9ologue gravement bless\u00e9 dans la grotte du Guiers-Mort \u00e0 Saint-Pierre-de-Chartreuse &#8211; Le Dauphin\u00e9 Lib\u00e9r\u00e9"},"content":{"rendered":"<ol>\n<li><a href=\"https:\/\/news.google.com\/rss\/articles\/CBMi5gFBVV95cUxOdHFPSTVpemlkYUc0TlpQUDJqYmI4MktEOEtDd3M0S2RsUHdQcUczOTlFb0lkSEhSMHhDRFBvV0s4OEtZa0dRejA3MER2U3RsTWRqYWRMVm01dUZsMlpOb2NtakdUcGUteWR5TzM4Mk9BdHZ1MlJxQl9MTy1MNkJwOU8xWS13VnZURFZtU1lnMWdhSFAxM2FzbklBeXlzNXU4Y3hPVldsN1ZHX1R3dHFub096djBlTE1hcVpPTmZvdHdhNDF1cGNzZFEwMDBlV0paMnQ2MFZ0ODRmM2NkZ0VQSXRVRXNfZw?oc=5\" target=\"_blank\" rel=\"noopener\">Is\u00e8re. Un jeune sp\u00e9l\u00e9ologue gravement bless\u00e9 dans la grotte du Guiers-Mort \u00e0 Saint-Pierre-de-Chartreuse<\/a>&nbsp;&nbsp;Le Dauphin\u00e9 Lib\u00e9r\u00e9<\/li>\n<li><a href=\"https:\/\/news.google.com\/rss\/articles\/CBMi_gFBVV95cUxNdHJCeGdpdHhMODg4UV9BaGJrQ1dHak9QUURvTDJjM3Q3eXNsX1FFZGpiNUhhVUJiODF2Y3hVd21OZ0F3TGU1S2lYS1lheC1XOWwxdjk5ZEo1dFJ3azNBZ0xMVzZtVXhUNmVwdy1lTzVlUWMzMDkwMm0yUm9WTnlLeWdmRGpFaDlsNkYwQTJ5Nm9xb01FSnFOcEoxR2hwUlgxdmtDYW1XSHFIck5mVE5CdWRrdWJpYW01c2EtVU9hMnVwUDZSeFpOeVNMY290RkZURlIxSFBnMFp1S3BSREtaLTVMZ1FkVnR0X2t5UVZWZVQ5cEh2bzdYNkF0QmcxZw?oc=5\" target=\"_blank\" rel=\"noopener\">Is\u00e8re : bless\u00e9 au bras et souffrant d&rsquo;hypothermie, le dernier sp\u00e9l\u00e9ologue toujours coinc\u00e9 a \u00e9t\u00e9 extrait de la grotte<\/a>&nbsp;&nbsp;Orange<\/li>\n<li><a href=\"https:\/\/news.google.com\/rss\/articles\/CBMi3gFBVV95cUxPN3JmWkRST0tHc2NMUktTVXlsT3N6aF81SGRMdEJReERSNVAxc0QtaWdITU0yQWZobGNZd21ybEhHVmhRRnJaZ3Vwb2h5c1J2WldtdVpyY1JTbW1hTWt0Tl9VZ3d2MTRRZVpIeThjbkNzTG9lczBaeGgwdXVzU2ZsbVNqcW5jT1lXU3BfTF9KblNQLUdWdllaLTZKRnpxZl9BN0VFdFNJM0xwRDRiRlRQNGwzLXZOdi0tTFRrSUVfZzdiUHhEYkZfd0hqT1N0dGlWS29JQkRCTDNvSGphZXc?oc=5\" target=\"_blank\" rel=\"noopener\">Les trois sp\u00e9l\u00e9ologues bloqu\u00e9s dans une grotte de l\u2019Is\u00e8re en ont \u00e9t\u00e9 extraits<\/a>&nbsp;&nbsp;Le Monde.fr<\/li>\n<li><a href=\"https:\/\/news.google.com\/rss\/articles\/CBMi2gFBVV95cUxNcUluTUFZV2NXQy1WTVROeVdySE5qOU04c2tUWlBWT0g2QUp1WVUxOURCM290YjhBZzJQRHBDNEdDc1dXZ1lEZ2xSYVZmamwwXzdmT2V4SlJZaExKV1pjTU1odzhvMmo2STV4TFNZODROTno2YTNVNzZmcklQQ1NFZWFVRmZraGE5Z1hQeU05LU0zOGkwTFJhV1FFdE1FUFFnNVhXUkFzenlfQnpaM0ZqTzRwZXM2MWNZNkdnVW1kWHRlM2tJYTFfb3NFeUlJVmxvU0N1bEZoZWQ2UQ?oc=5\" target=\"_blank\" rel=\"noopener\">INFO RTL &#8211; Is\u00e8re : le sp\u00e9l\u00e9ologue de 25 ans, bless\u00e9 et bloqu\u00e9 dans une grotte, a \u00e9t\u00e9 secouru<\/a>&nbsp;&nbsp;RTL.fr<\/li>\n<li><a href=\"https:\/\/news.google.com\/rss\/articles\/CBMivAFBVV95cUxQMF94cVgyQ2FWM3VyUUVSNVZJOUpMWWlMb1luNVktcnFWWGl5ckp3SDRhMVNLSkpLcEp2cDhUMWVIbU9TMThKN2lGMVZ4SkRlUmtpcjlJQWpRT2tRcGM0eU8tSTlFOWdFa0VIUFlKbnVEdnhSMmdqUEtSS0NhSGlBeW14MnU0ZEVFcWlVSWZiWE9IX2FadzhRR0RhOXFJd25HanBkb0FNWF9ENGpaNnoybWo3T3lfd3d0Q2ZWQQ?oc=5\" target=\"_blank\" rel=\"noopener\">Is\u00e8re : le sp\u00e9l\u00e9ologue bless\u00e9 a \u00e9t\u00e9 extrait de la grotte du Guiers Mort<\/a>&nbsp;&nbsp;TF1 Info<\/li>\n<\/ol>\n","protected":false},"excerpt":{"rendered":"Is\u00e8re. Un jeune sp\u00e9l\u00e9ologue gravement bless\u00e9 dans la grotte du Guiers-Mort \u00e0 Saint-Pierre-de-Chartreuse&nbsp;&nbsp;Le Dauphin\u00e9 Lib\u00e9r\u00e9 Is\u00e8re : bless\u00e9&hellip;\n","protected":false},"author":2,"featured_media":162936,"comment_status":"","ping_status":"","sticky":false,"template":"","format":"standard","meta":{"footnotes":""},"categories":[2],"tags":[119,11,12773,114,274,107,1011,27,108,12,25,29585],"class_list":{"0":"post-162935","1":"post","2":"type-post","3":"status-publish","4":"format-standard","5":"has-post-thumbnail","7":"category-actualites","8":"tag-accident","9":"tag-actualites","10":"tag-chartreuse","11":"tag-edition-voiron-saint-marcellin","12":"tag-faits-divers-justice","13":"tag-fil-info","14":"tag-fr","15":"tag-france","16":"tag-isere","17":"tag-news","18":"tag-republique-francaise","19":"tag-saint-pierre-de-chartreuse"},"share_on_mastodon":{"url":"https:\/\/pubeurope.com\/@fr\/114652734108897561","error":""},"_links":{"self":[{"href":"https:\/\/www.europesays.com\/fr\/wp-json\/wp\/v2\/posts\/162935","targetHints":{"allow":["GET"]}}],"collection":[{"href":"https:\/\/www.europesays.com\/fr\/wp-json\/wp\/v2\/posts"}],"about":[{"href":"https:\/\/www.europesays.com\/fr\/wp-json\/wp\/v2\/types\/post"}],"author":[{"embeddable":true,"href":"https:\/\/www.europesays.com\/fr\/wp-json\/wp\/v2\/users\/2"}],"replies":[{"embeddable":true,"href":"https:\/\/www.europesays.com\/fr\/wp-json\/wp\/v2\/comments?post=162935"}],"version-history":[{"count":0,"href":"https:\/\/www.europesays.com\/fr\/wp-json\/wp\/v2\/posts\/162935\/revisions"}],"wp:featuredmedia":[{"embeddable":true,"href":"https:\/\/www.europesays.com\/fr\/wp-json\/wp\/v2\/media\/162936"}],"wp:attachment":[{"href":"https:\/\/www.europesays.com\/fr\/wp-json\/wp\/v2\/media?parent=162935"}],"wp:term":[{"taxonomy":"category","embeddable":true,"href":"https:\/\/www.europesays.com\/fr\/wp-json\/wp\/v2\/categories?post=162935"},{"taxonomy":"post_tag","embeddable":true,"href":"https:\/\/www.europesays.com\/fr\/wp-json\/wp\/v2\/tags?post=162935"}],"curies":[{"name":"wp","href":"https:\/\/api.w.org\/{rel}","templated":true}]}}