{"id":162937,"date":"2025-06-09T09:37:11","date_gmt":"2025-06-09T09:37:11","guid":{"rendered":"https:\/\/www.europesays.com\/fr\/162937\/"},"modified":"2025-06-09T09:37:11","modified_gmt":"2025-06-09T09:37:11","slug":"voilier-humanitaire-intercepte-par-israel-la-france-demande-a-exercer-sa-protection-consulaire","status":"publish","type":"post","link":"https:\/\/www.europesays.com\/fr\/162937\/","title":{"rendered":"Voilier humanitaire intercept\u00e9 par Isra\u00ebl : la France demande \u00e0 \u00ab\u00a0exercer sa protection consulaire\u00a0\u00bb"},"content":{"rendered":"<ul class=\"jsx-862013697 ArticleChapo__List\">\n<li class=\"jsx-862013697 ArticleChapo__List_Item flex\">Le navire humanitaire Madleen transportant notamment Rima Hassan et Greta Thunberg vers Gaza, a \u00e9t\u00e9 intercept\u00e9 ce lundi par les autorit\u00e9s isra\u00e9liennes.<\/li>\n<li class=\"jsx-862013697 ArticleChapo__List_Item flex\">Le gouvernement fran\u00e7ais \u00ab\u00a0a demand\u00e9 \u00e0 pouvoir exercer sa protection consulaire \u00e0 l&rsquo;\u00e9gard\u00a0\u00bb des six Fran\u00e7ais \u00e0 bord du bateau, a indiqu\u00e9 le ministre des Affaires \u00e9trang\u00e8res, Jean-No\u00ebl Barrot.<\/li>\n<\/ul>\n<p data-module=\"article-paragraph\" class=\"jsx-3046738180 Paragraph Paragraph__End\">Le gouvernement r\u00e9agit. T\u00f4t ce lundi 9 juin, les autorit\u00e9s isra\u00e9liennes ont indiqu\u00e9 avoir <a href=\"https:\/\/www.tf1info.fr\/international\/gaza-le-voilier-humanitaire-a-ete-intercepte-par-l-armee-israelienne-rima-hassan-et-greta-thunberg-a-bord-2375800.html\" target=\"_blank\" rel=\"noopener\">intercept\u00e9 le navire humanitaire<\/a> Madleen qui tentait de rallier Gaza, avec \u00e0 son bord notamment l&rsquo;activiste su\u00e9doise Greta Thunberg et<a href=\"https:\/\/www.tf1info.fr\/politique\/le-hamas-a-une-action-legitime-les-propos-de-rima-hassan-lfi-suscitent-un-tolle-dans-la-classe-politique-2356513.html\" target=\"_blank\" rel=\"noopener\"> l&rsquo;eurod\u00e9put\u00e9e LFI Rima Hassan<\/a>. Le voilier \u00ab\u00a0fait route en toute s\u00e9curit\u00e9 vers les c\u00f4tes d&rsquo;Isra\u00ebl\u00a0\u00bb, a d\u00e9clar\u00e9 le minist\u00e8re des Affaires \u00e9trang\u00e8res isra\u00e9lien.<\/p>\n<blockquote class=\"jsx-2786790838 Quote__Text\"><p>Faciliter leur retour rapide en France<\/p><\/blockquote>\n<p>Jean-No\u00ebl Barrot, ministre des Affaires \u00e9trang\u00e8res<\/p>\n<p data-module=\"article-paragraph\" class=\"jsx-3046738180 Paragraph Paragraph__End\">Au total, six Fran\u00e7ais sont pr\u00e9sents \u00e0 bord de ce bateau. \u00ab\u00a0Ils ont \u00e9t\u00e9 appr\u00e9hend\u00e9s en mer par les forces de s\u00e9curit\u00e9 isra\u00e9liennes\u00a0\u00bb, confirme dans un communiqu\u00e9 le ministre des Affaires \u00e9trang\u00e8res, <a href=\"https:\/\/www.tf1info.fr\/actualite\/jean-noel-barrot-13800\/\" target=\"_blank\" rel=\"noopener\">Jean-No\u00ebl Barrot<\/a>. \u00ab\u00a0Depuis que nous avons eu connaissance de leur projet, contre les risques duquel nous les avons mis en garde, nous avons \u00e9t\u00e9 en lien avec les autorit\u00e9s isra\u00e9liennes pour pr\u00e9venir tout incident.\u00a0\u00bb<\/p>\n<p><a href=\"https:\/\/www.tf1info.fr\/international\/qui-etait-mohammed-sinouar-le-chef-du-hamas-a-gaza-dont-israel-confirme-avoir-identifie-le-corps-2375818.html\" rel=\"noopener\" class=\"jsx-3308031228 Link flex\" target=\"_blank\"><img decoding=\"async\" src=\"https:\/\/www.europesays.com\/fr\/wp-content\/uploads\/2025\/06\/bande-de-gaza-guerre-israel-hamas-7-decembre-2023-b37d2c-0@1x.jpeg\" alt=\"De violents combats ont lieu jeudi 7 d\u00e9cembre 2023 entre l'arm\u00e9e isra\u00e9lienne et le Hamas dans la bande de Gaza.\" loading=\"lazy\" importance=\"low\" fetchpriority=\"low\" class=\"\"\/><\/p>\n<p class=\"jsx-3657663356 ReadMoreArticle__Title\">Lire aussi<\/p>\n<p class=\"jsx-3657663356\">Qui \u00e9tait Mohammed Sinouar, le chef du Hamas \u00e0 Gaza dont le corps vient d&rsquo;\u00eatre identifi\u00e9 par Isra\u00ebl ?<\/p>\n<p><\/a><\/p>\n<p data-module=\"article-paragraph\" class=\"jsx-3046738180 Paragraph Paragraph__End\">D\u00e9sormais, la France demande \u00e0 Isra\u00ebl \u00ab\u00a0d&rsquo;exercer (sa) protection consulaire \u00e0 l&rsquo;\u00e9gard\u00a0\u00bb de ses six ressortissants. \u00ab\u00a0Notre consulat a demand\u00e9 \u00e0 pouvoir leur rendre visite d\u00e8s lors qu&rsquo;ils auront rejoint le port d&rsquo;Ashdod, en vue de s&rsquo;assurer de leur situation et de faciliter leur retour rapide en France\u00a0\u00bb, a poursuivi le ministre, appelant dans le m\u00eame temps \u00ab\u00a0le gouvernement isra\u00e9lien \u00e0 permettre l&rsquo;acc\u00e8s imm\u00e9diat, massif et sans entrave de l&rsquo;aide humanitaire \u00e0 Gaza.\u00a0\u00bb<\/p>\n<p>I.N<\/p>\n","protected":false},"excerpt":{"rendered":"Le navire humanitaire Madleen transportant notamment Rima Hassan et Greta Thunberg vers Gaza, a \u00e9t\u00e9 intercept\u00e9 ce lundi&hellip;\n","protected":false},"author":2,"featured_media":162938,"comment_status":"","ping_status":"","sticky":false,"template":"","format":"standard","meta":{"footnotes":""},"categories":[4],"tags":[1111,11,1921,4628,1011,27,26418,1922,664,29586,2121,12,25,133,1920],"class_list":{"0":"post-162937","1":"post","2":"type-post","3":"status-publish","4":"format-standard","5":"has-post-thumbnail","7":"category-france","8":"tag-actu","9":"tag-actualites","10":"tag-article-video","11":"tag-bande-de-gaza","12":"tag-fr","13":"tag-france","14":"tag-greta-thunberg","15":"tag-info","16":"tag-israel","17":"tag-israel-et-le-hamas-en-guerre","18":"tag-jean-noel-barrot","19":"tag-news","20":"tag-republique-francaise","21":"tag-video","22":"tag-video-international"},"share_on_mastodon":{"url":"https:\/\/pubeurope.com\/@fr\/114652738023456888","error":""},"_links":{"self":[{"href":"https:\/\/www.europesays.com\/fr\/wp-json\/wp\/v2\/posts\/162937","targetHints":{"allow":["GET"]}}],"collection":[{"href":"https:\/\/www.europesays.com\/fr\/wp-json\/wp\/v2\/posts"}],"about":[{"href":"https:\/\/www.europesays.com\/fr\/wp-json\/wp\/v2\/types\/post"}],"author":[{"embeddable":true,"href":"https:\/\/www.europesays.com\/fr\/wp-json\/wp\/v2\/users\/2"}],"replies":[{"embeddable":true,"href":"https:\/\/www.europesays.com\/fr\/wp-json\/wp\/v2\/comments?post=162937"}],"version-history":[{"count":0,"href":"https:\/\/www.europesays.com\/fr\/wp-json\/wp\/v2\/posts\/162937\/revisions"}],"wp:featuredmedia":[{"embeddable":true,"href":"https:\/\/www.europesays.com\/fr\/wp-json\/wp\/v2\/media\/162938"}],"wp:attachment":[{"href":"https:\/\/www.europesays.com\/fr\/wp-json\/wp\/v2\/media?parent=162937"}],"wp:term":[{"taxonomy":"category","embeddable":true,"href":"https:\/\/www.europesays.com\/fr\/wp-json\/wp\/v2\/categories?post=162937"},{"taxonomy":"post_tag","embeddable":true,"href":"https:\/\/www.europesays.com\/fr\/wp-json\/wp\/v2\/tags?post=162937"}],"curies":[{"name":"wp","href":"https:\/\/api.w.org\/{rel}","templated":true}]}}