{"id":162941,"date":"2025-06-09T09:39:11","date_gmt":"2025-06-09T09:39:11","guid":{"rendered":"https:\/\/www.europesays.com\/fr\/162941\/"},"modified":"2025-06-09T09:39:11","modified_gmt":"2025-06-09T09:39:11","slug":"le-tournoi-de-charge-cest-une-institution-depuis-1952","status":"publish","type":"post","link":"https:\/\/www.europesays.com\/fr\/162941\/","title":{"rendered":"Le tournoi de Charg\u00e9, c\u2019est une institution depuis 1952 !"},"content":{"rendered":"<p>Soixante terrains de volleyball, 180 \u00e9quipes engag\u00e9es, une cinquantaine de b\u00e9n\u00e9voles aux petits soins. L\u2019image est spectaculaire. Au deuxi\u00e8me jour du tournoi international de Charg\u00e9, sur les bords de Loire pr\u00e8s d\u2019Amboise, une ambiance de colonie de vacances r\u00e8gne sur le camping du Verdeau.<\/p>\n<p>Il est 10\u00a0h et les joueurs tout juste sortis de leur tente de camping s\u2019\u00e9chauffent sur l\u2019herbe. Depuis hier, samedi 7\u00a0juin 2025, les \u00e9quipes encha\u00eenent les parties de 4 contre 4 ou de 3 contre 3. \ufeff\u00ab\u00a0Il y a des \u00e9quipes f\u00e9minines et masculines, mais aussi des \u00e9quipes mixtes\u00a0\u00bb, pr\u00e9cise Laurent Lacoste, l\u2019un des organisateurs du tournoi. La plupart des joueurs ont la vingtaine, pratiquent le volley en club \u00ab\u00a0en d\u00e9partemental, r\u00e9gional voire national. Ils ont fini leur saison et viennent ici pour s\u2019amuser.\u00a0\u00bb Sans stress ni comp\u00e9tition.<\/p>\n<p><img alt=\"Quand on vous dit que l\u2019ambiance est d\u00e9contract\u00e9e \u00e0 Charg\u00e9\u00a0: l\u2019\u00e9quipe de joueurs, d\u00e9guis\u00e9s en h\u00f4tesses de l\u2019air a fait sensation ce week-end de Pentec\u00f4te.\" loading=\"lazy\" width=\"980\" height=\"573\" decoding=\"async\" data-nimg=\"1\" class=\"img-responsive spinner-show\" style=\"color:transparent;background-size:cover;background-position:50% 50%;background-repeat:no-repeat;background-image:url(&quot;data:image\/svg+xml;charset=utf-8,%3Csvg xmlns=\" http:=\"\" viewbox=\"0 0 980 573\" id=\"b\" color-interpolation-filters=\"sRGB\" stddeviation=\"20\" values=\"1 0 0 0 0 0 1 0 0 0 0 0 1 0 0 0 0 0 100 -1\" result=\"s\" x=\"0\" y=\"0\" operator=\"out\" in=\"s\" in2=\"SourceGraphic\" preserveaspectratio=\"none\" href=\"https:\/\/images.lanouvellerepublique.fr\/image\/upload\/t_88w\/f_auto\/6845ccbe92d1c2a30e8b45c8.jpg\"   src=\"https:\/\/www.europesays.com\/fr\/wp-content\/uploads\/2025\/06\/6845ccbe92d1c2a30e8b45c8.jpg\"\/><\/p>\n<p style=\"background-color:#F2F2F2;padding:5px;margin-top:0px;margin-bottom:10px\">Quand on vous dit que l\u2019ambiance est d\u00e9contract\u00e9e \u00e0 Charg\u00e9\u00a0: l\u2019\u00e9quipe de joueurs, d\u00e9guis\u00e9s en h\u00f4tesses de l\u2019air a fait sensation ce week-end de Pentec\u00f4te.<br \/> \u00a9 Photo NR, Pascaline Mesnage<\/p>\n<p>Volley, grillades et bi\u00e8re \u00e0 petit prix<\/p>\n<p>\u00ab\u00a0On est plus lib\u00e9r\u00e9s ici\u00a0\u00bb, confirme No\u00e9mie, licenci\u00e9e du club de volley d\u2019Anthony, en r\u00e9gion parisienne. Elle s\u2019est inscrite avec Talhya et Chlo\u00e9, des amies du club, et aussi la Nantaise Lola, rencontr\u00e9e sur un autre tournoi. \u00ab\u00a0C\u2019est la deuxi\u00e8me ann\u00e9e qu\u2019on vient \u00e0 Charg\u00e9. On a fait des tournois sur le sable mais on pr\u00e9f\u00e8re jouer sur l\u2019herbe. Ce n\u2019est pas du tout le m\u00eame type de jeu.\u00a0\u00bb<\/p>\n","protected":false},"excerpt":{"rendered":"Soixante terrains de volleyball, 180 \u00e9quipes engag\u00e9es, une cinquantaine de b\u00e9n\u00e9voles aux petits soins. L\u2019image est spectaculaire. Au&hellip;\n","protected":false},"author":2,"featured_media":162942,"comment_status":"","ping_status":"","sticky":false,"template":"","format":"standard","meta":{"footnotes":""},"categories":[1417],"tags":[1392,7502,17070,1011,27,4387,60,1470,1469],"class_list":{"0":"post-162941","1":"post","2":"type-post","3":"status-publish","4":"format-standard","5":"has-post-thumbnail","7":"category-volley","8":"tag-a-la-une-local","9":"tag-amboise","10":"tag-charge","11":"tag-fr","12":"tag-france","13":"tag-loisirs-sportifs","14":"tag-sports","15":"tag-volley","16":"tag-volleyball"},"share_on_mastodon":{"url":"https:\/\/pubeurope.com\/@fr\/114652745882961219","error":""},"_links":{"self":[{"href":"https:\/\/www.europesays.com\/fr\/wp-json\/wp\/v2\/posts\/162941","targetHints":{"allow":["GET"]}}],"collection":[{"href":"https:\/\/www.europesays.com\/fr\/wp-json\/wp\/v2\/posts"}],"about":[{"href":"https:\/\/www.europesays.com\/fr\/wp-json\/wp\/v2\/types\/post"}],"author":[{"embeddable":true,"href":"https:\/\/www.europesays.com\/fr\/wp-json\/wp\/v2\/users\/2"}],"replies":[{"embeddable":true,"href":"https:\/\/www.europesays.com\/fr\/wp-json\/wp\/v2\/comments?post=162941"}],"version-history":[{"count":0,"href":"https:\/\/www.europesays.com\/fr\/wp-json\/wp\/v2\/posts\/162941\/revisions"}],"wp:featuredmedia":[{"embeddable":true,"href":"https:\/\/www.europesays.com\/fr\/wp-json\/wp\/v2\/media\/162942"}],"wp:attachment":[{"href":"https:\/\/www.europesays.com\/fr\/wp-json\/wp\/v2\/media?parent=162941"}],"wp:term":[{"taxonomy":"category","embeddable":true,"href":"https:\/\/www.europesays.com\/fr\/wp-json\/wp\/v2\/categories?post=162941"},{"taxonomy":"post_tag","embeddable":true,"href":"https:\/\/www.europesays.com\/fr\/wp-json\/wp\/v2\/tags?post=162941"}],"curies":[{"name":"wp","href":"https:\/\/api.w.org\/{rel}","templated":true}]}}