{"id":162961,"date":"2025-06-09T09:50:20","date_gmt":"2025-06-09T09:50:20","guid":{"rendered":"https:\/\/www.europesays.com\/fr\/162961\/"},"modified":"2025-06-09T09:50:20","modified_gmt":"2025-06-09T09:50:20","slug":"jerome-le-catalan-koh-lanta-2025-evoque-son-etat-de-sante-et-sa-condition-physique-apres-laventure","status":"publish","type":"post","link":"https:\/\/www.europesays.com\/fr\/162961\/","title":{"rendered":"J\u00e9r\u00f4me le Catalan (Koh-Lanta 2025) \u00e9voque son \u00e9tat de sant\u00e9 et sa condition physique apr\u00e8s l&rsquo;aventure"},"content":{"rendered":"<p>\u00c0 quelques semaines seulement de la finale de Koh-Lanta, La revanche des quatre terres, J\u00e9r\u00f4me se confie sur la difficult\u00e9 du jeu. En rentrant, il a eu du mal \u00e0 reprendre des forces.<\/p>\n<p>Les aventuriers de <a href=\"https:\/\/www.programme-tv.net\/news\/people\/380436-koh-lanta-2025-deux-candidats-de-la-revanche-des-4-terres-se-retrouvent-et-rejouent-une-epreuve-mythique-du-jeu-de-tf1\/\" data-api-deeplink=\"teleloisirs:\/\/news\/380436\" target=\"_blank\" rel=\"noopener\">Koh-Lanta, La revanche des quatre terres<\/a> touchent presque leur but du doigt. Ils ne sont plus que six \u00e0 pouvoir pr\u00e9tendre \u00e0 la victoire. Avant l\u2019\u00e9pisode de ce mardi 10 juin, qui d\u00e9terminera les cinq candidats \u00e0 acc\u00e9der \u00e0 la mythique <a href=\"https:\/\/www.programme-tv.net\/news\/tv\/379857-koh-lanta-2025-on-connait-la-date-de-diffusion-de-la-mythique-epreuve-d-orientation\/\" data-api-deeplink=\"teleloisirs:\/\/news\/379857\" target=\"_blank\" rel=\"noopener\">\u00e9preuve d\u2019orientation<\/a>, J\u00e9r\u00f4me le Catalan a accord\u00e9 une interview \u00e0 T\u00e9l\u00e9 Star. Alors qu\u2019il pensait son aventure termin\u00e9e, \u00e9tant le dernier survivant de la tribu bleue, alli\u00e9 avec Claire, seule violette encore en lice, il a fait dans l\u2019\u00e9pisode du 3 juin ce que <a href=\"https:\/\/www.programme-tv.net\/biographie\/4383-brogniart-denis\/\" data-link-people=\"2580c48c-1b4f-411c-8ab6-8f62dfe1f8ca\" target=\"_blank\" rel=\"noopener\">Denis Brogniart<\/a> a appel\u00e9 <a href=\"https:\/\/www.programme-tv.net\/news\/tv\/379764-koh-lanta-2025-quel-est-le-plus-grand-coup-de-bluff-de-l-histoire-qui-vous-attend-la-semaine-prochaine\/\" data-api-deeplink=\"teleloisirs:\/\/news\/379764\" target=\"_blank\" rel=\"noopener\">\u00ab\u00a0le plus grand coup de bluff de l\u2019histoire de Koh-Lanta\u00a0\u00bb.<\/a> Claire et lui ont fait croire au reste de la tribu r\u00e9unifi\u00e9e qu\u2019ils avaient trouv\u00e9 un collier qui les prot\u00e9geait tous les deux. Mais l\u2019accessoire \u00e9tait un faux. Une strat\u00e9gie qui a pay\u00e9 puisque c\u2019est No\u00e9mie qui a finalement \u00e9t\u00e9 \u00e9limin\u00e9e. Une belle performance qui a s\u00fbrement consol\u00e9<a href=\"https:\/\/www.programme-tv.net\/news\/tv\/380283-ils-etaient-trop-confiants-jerome-le-catalan-koh-lanta-2025-donne-son-avis-cash-sur-l-alliance-adverse\/\" data-api-deeplink=\"teleloisirs:\/\/news\/380283\" target=\"_blank\" rel=\"noopener\"> J\u00e9r\u00f4me le Catalan <\/a>\u00e0 son retour en France, tr\u00e8s difficile.<\/p>\n<p>J\u00e9r\u00f4me le Catalan a eu beaucoup de mal \u00e0 retrouver du poil de la b\u00eate apr\u00e8s Koh-Lanta<\/p>\n<p>\u00ab\u00a0Tous ceux qui ont pass\u00e9 le cap des trente jours ont pris cher\u00a0\u00bb, confie J\u00e9r\u00f4me \u00e0 la journaliste de T\u00e9l\u00e9 Star. \u00c0 l\u2019\u00e9cran, les t\u00e9l\u00e9spectateurs le voient en effet affaibli et tr\u00e8s amaigri par rapport au d\u00e9but du jeu. Une transformation physique dont les fans de Koh-Lanta ont l\u2019habitude mais qui impressionne toujours. \u00ab\u00a0J\u2019ai eu beaucoup de mal \u00e0 me remettre en condition, j\u2019ai d\u00fb faire une cure de vitamines, magn\u00e9sium et compagnie, explique le Catalan. Koh-Lanta, \u00e7a tape vraiment dans les r\u00e9serves !\u00a0\u00bb<\/p>\n<p>                        Que fera J\u00e9r\u00f4me le Catalan des 100 000 euros s\u2019il gagne Koh-Lanta ?<\/p>\n<p>J\u00e9r\u00f4me le Catalan a \u00e9galement profit\u00e9 de cette interview pour d\u00e9voiler ce qu\u2019il ferait des 100 000 euros promis au vainqueur s\u2019il remporte cette \u00e9dition de Koh-Lanta : \u00ab\u00a0J\u2019en donnerai une partie \u00e0 la clinique de Perpignan o\u00f9 ma femme a \u00e9t\u00e9 trait\u00e9e pour son cancer du sein. Pour remercier les soignants et am\u00e9liorer le confort des malades.\u00a0\u00bb Il compte \u00e9galement renouveler ses v\u0153ux \u00ab\u00a0pour offrir un vrai mariage\u00a0\u00bb \u00e0 son \u00e9pouse. Il ne reste plus que trois \u00e9missions avant de conna\u00eetre le nom du grand gagnant de cette \u00e9dition de Koh-Lanta. J\u00e9r\u00f4me le Catalan sera-t-il finaliste ? R\u00e9ponse le mardi 24 juin \u00e0 21h10 sur TF1.<\/p>\n<p>Article \u00e9crit en collaboration avec 6M\u00e9dias<\/p>\n","protected":false},"excerpt":{"rendered":"\u00c0 quelques semaines seulement de la finale de Koh-Lanta, La revanche des quatre terres, J\u00e9r\u00f4me se confie sur&hellip;\n","protected":false},"author":2,"featured_media":162962,"comment_status":"","ping_status":"","sticky":false,"template":"","format":"standard","meta":{"footnotes":""},"categories":[1356],"tags":[244,58,59,1011,27,28352,680,24107,2277,252,199,2175,1364],"class_list":{"0":"post-162961","1":"post","2":"type-post","3":"status-publish","4":"format-standard","5":"has-post-thumbnail","7":"category-television","8":"tag-commentaire","9":"tag-divertissement","10":"tag-entertainment","11":"tag-fr","12":"tag-france","13":"tag-ju00e9ru00f4me-m-koh-lanta","14":"tag-koh-lanta","15":"tag-koh-lanta-2252025-0910-pm-tf1","16":"tag-la-revanche-des-4-terres","17":"tag-television","18":"tag-tf1","19":"tag-tl-story","20":"tag-tv"},"share_on_mastodon":{"url":"https:\/\/pubeurope.com\/@fr\/114652789161071776","error":""},"_links":{"self":[{"href":"https:\/\/www.europesays.com\/fr\/wp-json\/wp\/v2\/posts\/162961","targetHints":{"allow":["GET"]}}],"collection":[{"href":"https:\/\/www.europesays.com\/fr\/wp-json\/wp\/v2\/posts"}],"about":[{"href":"https:\/\/www.europesays.com\/fr\/wp-json\/wp\/v2\/types\/post"}],"author":[{"embeddable":true,"href":"https:\/\/www.europesays.com\/fr\/wp-json\/wp\/v2\/users\/2"}],"replies":[{"embeddable":true,"href":"https:\/\/www.europesays.com\/fr\/wp-json\/wp\/v2\/comments?post=162961"}],"version-history":[{"count":0,"href":"https:\/\/www.europesays.com\/fr\/wp-json\/wp\/v2\/posts\/162961\/revisions"}],"wp:featuredmedia":[{"embeddable":true,"href":"https:\/\/www.europesays.com\/fr\/wp-json\/wp\/v2\/media\/162962"}],"wp:attachment":[{"href":"https:\/\/www.europesays.com\/fr\/wp-json\/wp\/v2\/media?parent=162961"}],"wp:term":[{"taxonomy":"category","embeddable":true,"href":"https:\/\/www.europesays.com\/fr\/wp-json\/wp\/v2\/categories?post=162961"},{"taxonomy":"post_tag","embeddable":true,"href":"https:\/\/www.europesays.com\/fr\/wp-json\/wp\/v2\/tags?post=162961"}],"curies":[{"name":"wp","href":"https:\/\/api.w.org\/{rel}","templated":true}]}}