{"id":162973,"date":"2025-06-09T09:56:09","date_gmt":"2025-06-09T09:56:09","guid":{"rendered":"https:\/\/www.europesays.com\/fr\/162973\/"},"modified":"2025-06-09T09:56:09","modified_gmt":"2025-06-09T09:56:09","slug":"microsoft-devoile-sa-toute-premiere-console-portable","status":"publish","type":"post","link":"https:\/\/www.europesays.com\/fr\/162973\/","title":{"rendered":"Microsoft d\u00e9voile sa toute premi\u00e8re console portable"},"content":{"rendered":"<p>Les ROG Xbox Ally et Ally X, con\u00e7ues en partenariat avec Asus, seront commercialis\u00e9es pour les f\u00eates de fin d\u2019ann\u00e9e. Elles doivent permettre de jouer n\u2019importe o\u00f9, sur le mod\u00e8le de la Switch de Nintendo.<\/p>\n<p class=\"fig-paragraph\">Microsoft a d\u00e9voil\u00e9 dimanche les premi\u00e8res consoles portables estampill\u00e9es\u00a0<a href=\"http:\/\/www.lefigaro.fr\/secteur\/high-tech\/xbox-microsoft-releve-a-son-tour-le-prix-de-sa-console-et-justifie-les-conditions-de-marche-20250501\" data-fig-type=\"NewsFlash\" data-gtm-custom-categorie=\"navigation\" data-gtm-custom-action=\"crossclick\" data-gtm-custom-label=\"Contextuel\" data-gtm-event=\"customEventSPE\" data-fig-domain=\"LEFIGARO\" target=\"_blank\" rel=\"noopener\">Xbox<\/a>, pr\u00e9sent\u00e9es comme un nouveau moyen pour les joueurs d&rsquo;acc\u00e9der au vaste catalogue de jeux vid\u00e9o de la marque, n&rsquo;importe o\u00f9. Con\u00e7ues en partenariat avec Asus, les ROG Xbox Ally et Ally X seront commercialis\u00e9es pour les f\u00eates de fin d&rsquo;ann\u00e9e, a annonc\u00e9 la patronne de Xbox, Sarah Bond, \u00e0 l&rsquo;occasion d&rsquo;un \u00e9v\u00e9nement en ligne.<\/p>\n<p class=\"fig-paragraph\">\u00abLa Xbox Ally est une Xbox que vous pouvez tenir dans vos mains, r\u00e9unissant la puissance de la Xbox et la libert\u00e9 de Windows\u00bb, a-t-elle d\u00e9clar\u00e9. \u00abSur cette Xbox, vous pouvez jouer \u00e0 des jeux issus de l&rsquo;ensemble de votre biblioth\u00e8que, y compris ceux des boutiques de jeux PC sous Windows, qu&rsquo;il s&rsquo;agisse du Xbox Store, de Battle.net, de Steam, de GOG (Good Old Games) ou d&rsquo;Ubisoft Connect\u00bb, a-t-elle ajout\u00e9.<\/p>\n<p>Jouer \u00abentre deux avions\u00bb<\/p>\n<p class=\"fig-paragraph\">Le prix des consoles et la date exacte de leur lancement seront annonc\u00e9s dans les mois qui viennent, selon\u00a0<a href=\"http:\/\/www.lefigaro.fr\/societes\/aurora-le-modele-d-ia-de-microsoft-surpasse-a-son-tour-les-previsions-meteo-traditionnelles-20250521\" data-fig-type=\"NewsFlash\" data-gtm-custom-categorie=\"navigation\" data-gtm-custom-action=\"crossclick\" data-gtm-custom-label=\"Contextuel\" data-gtm-event=\"customEventSPE\" data-fig-domain=\"LEFIGARO\" target=\"_blank\" rel=\"noopener\">Microsoft<\/a>. Le design des deux mod\u00e8les \u00e9voque les manettes traditionnelles de la marque, avec les m\u00eames boutons, joysticks et poign\u00e9es, mais avec un format plus allong\u00e9 pour int\u00e9grer un \u00e9cran central. \u00abLes Xbox Ally et Xbox Ally X sont parfaites pour les joueurs \u00e0 la recherche d&rsquo;une exp\u00e9rience de jeu accessible en d\u00e9placement, que ce soit entre deux avions, ou entre deux fauteuils confortables du salon\u00bb, a expliqu\u00e9 Microsoft dans un communiqu\u00e9.<\/p>\n<p class=\"fig-paragraph\">Cette annonce est intervenue quelques jours apr\u00e8s le lancement de la Switch 2 par le g\u00e9ant japonais Nintendo. B\u00e9n\u00e9ficiant d&rsquo;une importante vague de pr\u00e9commandes, cette derni\u00e8re aura la lourde t\u00e2che de succ\u00e9der \u00e0 la Switch, l&rsquo;une des consoles les plus populaires de l&rsquo;histoire du jeu vid\u00e9o.<\/p>\n","protected":false},"excerpt":{"rendered":"Les ROG Xbox Ally et Ally X, con\u00e7ues en partenariat avec Asus, seront commercialis\u00e9es pour les f\u00eates de&hellip;\n","protected":false},"author":2,"featured_media":162974,"comment_status":"","ping_status":"","sticky":false,"template":"","format":"standard","meta":{"footnotes":""},"categories":[7],"tags":[47,722,723,1011,27,727,726,142,310,655,5533,720,719,43,40,41,39,724,725,717,42,44,718,721,728,1027],"class_list":{"0":"post-162973","1":"post","2":"type-post","3":"status-publish","4":"format-standard","5":"has-post-thumbnail","7":"category-sciences-et-technologies","8":"tag-actualite","9":"tag-blog","10":"tag-blogs","11":"tag-fr","12":"tag-france","13":"tag-gadget","14":"tag-gadgets","15":"tag-high-tech","16":"tag-internet","17":"tag-iphone","18":"tag-microsoft","19":"tag-multimedia","20":"tag-nouvelles-technolgies","21":"tag-science","22":"tag-science-and-technology","23":"tag-sciences","24":"tag-sciences-et-technologies","25":"tag-smartphone","26":"tag-tablette","27":"tag-technologie","28":"tag-technologies","29":"tag-technology","30":"tag-tic","31":"tag-web","32":"tag-widgets","33":"tag-xbox"},"share_on_mastodon":{"url":"https:\/\/pubeurope.com\/@fr\/114652812816582705","error":""},"_links":{"self":[{"href":"https:\/\/www.europesays.com\/fr\/wp-json\/wp\/v2\/posts\/162973","targetHints":{"allow":["GET"]}}],"collection":[{"href":"https:\/\/www.europesays.com\/fr\/wp-json\/wp\/v2\/posts"}],"about":[{"href":"https:\/\/www.europesays.com\/fr\/wp-json\/wp\/v2\/types\/post"}],"author":[{"embeddable":true,"href":"https:\/\/www.europesays.com\/fr\/wp-json\/wp\/v2\/users\/2"}],"replies":[{"embeddable":true,"href":"https:\/\/www.europesays.com\/fr\/wp-json\/wp\/v2\/comments?post=162973"}],"version-history":[{"count":0,"href":"https:\/\/www.europesays.com\/fr\/wp-json\/wp\/v2\/posts\/162973\/revisions"}],"wp:featuredmedia":[{"embeddable":true,"href":"https:\/\/www.europesays.com\/fr\/wp-json\/wp\/v2\/media\/162974"}],"wp:attachment":[{"href":"https:\/\/www.europesays.com\/fr\/wp-json\/wp\/v2\/media?parent=162973"}],"wp:term":[{"taxonomy":"category","embeddable":true,"href":"https:\/\/www.europesays.com\/fr\/wp-json\/wp\/v2\/categories?post=162973"},{"taxonomy":"post_tag","embeddable":true,"href":"https:\/\/www.europesays.com\/fr\/wp-json\/wp\/v2\/tags?post=162973"}],"curies":[{"name":"wp","href":"https:\/\/api.w.org\/{rel}","templated":true}]}}