{"id":162977,"date":"2025-06-09T09:58:09","date_gmt":"2025-06-09T09:58:09","guid":{"rendered":"https:\/\/www.europesays.com\/fr\/162977\/"},"modified":"2025-06-09T09:58:09","modified_gmt":"2025-06-09T09:58:09","slug":"le-chef-de-lotan-appelle-a-augmenter-de-400-ses-capacites-de-defense-aerienne-et-antimissile-2","status":"publish","type":"post","link":"https:\/\/www.europesays.com\/fr\/162977\/","title":{"rendered":"le chef de l&rsquo;Otan appelle \u00e0 augmenter de 400% ses capacit\u00e9s de d\u00e9fense a\u00e9rienne et antimissile"},"content":{"rendered":"<p>\u00abNous avons besoin de faire un bond en avant dans notre d\u00e9fense collective (&#8230;) Le fait est que le danger ne dispara\u00eetra pas, m\u00eame avec la fin de la guerre en Ukraine\u00bb, doit d\u00e9clarer Mark Rutte, selon un communiqu\u00e9.<\/p>\n<p class=\"fig-paragraph\">Le secr\u00e9taire g\u00e9n\u00e9ral de l&rsquo;Otan\u00a0<a href=\"http:\/\/www.lefigaro.fr\/international\/adhesion-de-l-ukraine-menace-russe-donald-trump-les-multiples-defis-de-mark-rutte-le-nouveau-secretaire-general-de-l-otan-20240930\" target=\"_blank\" data-fig-type=\"Article\" rel=\"noopener nofollow\" data-gtm-custom-categorie=\"navigation\" data-gtm-custom-action=\"crossclick\" data-gtm-custom-label=\"Contextuel\" data-gtm-event=\"customEventSPE\" data-fig-domain=\"LEFIGARO\">Mark Rutte<\/a>\u00a0doit appeler lundi 9 juin lors d&rsquo;une conf\u00e9rence \u00e0 Londres \u00e0 augmenter de 400% les capacit\u00e9s de d\u00e9fense a\u00e9rienne et antimissile de l&rsquo;Alliance, pour faire face notamment \u00e0 une Russie qui \u00abs\u00e8me la terreur par le ciel\u00bb.<\/p>\n<p class=\"fig-paragraph\">\u00abNous avons besoin de faire un bond en avant dans notre d\u00e9fense collective (&#8230;) Le fait est que le danger ne dispara\u00eetra pas, m\u00eame avec la fin de la guerre en Ukraine\u00bb, doit-il d\u00e9clarer, selon un communiqu\u00e9, lors de cet \u00e9v\u00e8nement du think tank Chatham House. Pour maintenir une dissuasion et une d\u00e9fense cr\u00e9dibles, \u00abl&rsquo;Otan a besoin d&rsquo;une augmentation de 400% de sa d\u00e9fense a\u00e9rienne et antimissile\u00bb, pr\u00e9voit-il d&rsquo;ajouter en amont du sommet de l&rsquo;Otan \u00e0 La Haye les 24 et 25 juin.<\/p>\n<p>Pressions de Donald Trump<\/p>\n<p class=\"fig-paragraph\">\u00abNous voyons en Ukraine comment la Russie s\u00e8me la terreur par le ciel, nous allons donc renforcer le bouclier qui prot\u00e8ge notre espace a\u00e9rien\u00bb, doit encore souligner Mark Rutte, qui sera re\u00e7u lundi par le Premier ministre Keir Starmer \u00e0 Downing Street.<\/p>\n<p class=\"fig-paragraph\">Leur rencontre intervient au moment o\u00f9 le\u00a0<a href=\"http:\/\/www.lefigaro.fr\/international\/affaire-jeffrey-epstein-donald-trump-risque-t-il-vraiment-un-impeachment-20250606\" target=\"_blank\" data-fig-type=\"Article\" rel=\"noopener nofollow\" data-gtm-custom-categorie=\"navigation\" data-gtm-custom-action=\"crossclick\" data-gtm-custom-label=\"Contextuel\" data-gtm-event=\"customEventSPE\" data-fig-domain=\"LEFIGARO\">pr\u00e9sident am\u00e9ricain Donald Trump<\/a>\u00a0exige des Alli\u00e9s europ\u00e9ens et du Canada qu&rsquo;ils s&rsquo;engagent \u00e0 consacrer au moins 5% de leur produit int\u00e9rieur brut (PIB) \u00e0 leur d\u00e9fense, sous peine de ne plus garantir leur s\u00e9curit\u00e9.<\/p>\n<p class=\"fig-paragraph\">Le secr\u00e9taire am\u00e9ricain \u00e0 la D\u00e9fense Pete Hegseth a indiqu\u00e9 jeudi \u00e0 Bruxelles que les alli\u00e9s \u00e9taient proches d&rsquo;un accord sur cet objectif qui pourrait \u00eatre formalis\u00e9 lors du sommet \u00e0 La Haye.<\/p>\n<p>\u00abMilliers de v\u00e9hicules blind\u00e9s et chars suppl\u00e9mentaires\u00bb<\/p>\n<p class=\"fig-paragraph\">Pour assurer son succ\u00e8s, Mark Rutte a propos\u00e9 un chiffre global de 5%, mais sous la forme d&rsquo;une addition de deux types de d\u00e9penses. Il doit \u00e9galement d\u00e9clarer lundi que les arm\u00e9es de l&rsquo;Otan ont \u00abbesoin de milliers de v\u00e9hicules blind\u00e9s et de chars suppl\u00e9mentaires, de millions d&rsquo;obus d&rsquo;artillerie en plus\u00bb.<\/p>\n<p class=\"fig-paragraph\">D&rsquo;autre part, Mark Rutte saluera la nouvelle strat\u00e9gie de d\u00e9fense du Royaume-Uni, pr\u00e9sent\u00e9e il y a une semaine, qui selon lui \u00abrenforcera la d\u00e9fense collective de l&rsquo;Otan\u00bb.<\/p>\n<p class=\"fig-paragraph\">Le Royaume-Uni va construire jusqu&rsquo;\u00e0 douze sous-marins nucl\u00e9aires d&rsquo;attaque et six usines de munitions pour r\u00e9armer le pays face notamment \u00e0 la \u00abmenace\u00bb pos\u00e9e par la Russie, a annonc\u00e9 le Premier ministre Keir Starmer.<\/p>\n","protected":false},"excerpt":{"rendered":"\u00abNous avons besoin de faire un bond en avant dans notre d\u00e9fense collective (&#8230;) Le fait est que&hellip;\n","protected":false},"author":2,"featured_media":162978,"comment_status":"","ping_status":"","sticky":false,"template":"","format":"standard","meta":{"footnotes":""},"categories":[5],"tags":[259,11,260,1011,27,131,14,261,12,136,262,28],"class_list":{"0":"post-162977","1":"post","2":"type-post","3":"status-publish","4":"format-standard","5":"has-post-thumbnail","7":"category-international","8":"tag-actualite-internationale","9":"tag-actualites","10":"tag-affaires-etrangeres","11":"tag-fr","12":"tag-france","13":"tag-guerre-en-ukraine","14":"tag-international","15":"tag-ministere-des-affaires-etrangeres","16":"tag-news","17":"tag-otan","18":"tag-politique-etrangere","19":"tag-world"},"share_on_mastodon":{"url":"https:\/\/pubeurope.com\/@fr\/114652820498119742","error":""},"_links":{"self":[{"href":"https:\/\/www.europesays.com\/fr\/wp-json\/wp\/v2\/posts\/162977","targetHints":{"allow":["GET"]}}],"collection":[{"href":"https:\/\/www.europesays.com\/fr\/wp-json\/wp\/v2\/posts"}],"about":[{"href":"https:\/\/www.europesays.com\/fr\/wp-json\/wp\/v2\/types\/post"}],"author":[{"embeddable":true,"href":"https:\/\/www.europesays.com\/fr\/wp-json\/wp\/v2\/users\/2"}],"replies":[{"embeddable":true,"href":"https:\/\/www.europesays.com\/fr\/wp-json\/wp\/v2\/comments?post=162977"}],"version-history":[{"count":0,"href":"https:\/\/www.europesays.com\/fr\/wp-json\/wp\/v2\/posts\/162977\/revisions"}],"wp:featuredmedia":[{"embeddable":true,"href":"https:\/\/www.europesays.com\/fr\/wp-json\/wp\/v2\/media\/162978"}],"wp:attachment":[{"href":"https:\/\/www.europesays.com\/fr\/wp-json\/wp\/v2\/media?parent=162977"}],"wp:term":[{"taxonomy":"category","embeddable":true,"href":"https:\/\/www.europesays.com\/fr\/wp-json\/wp\/v2\/categories?post=162977"},{"taxonomy":"post_tag","embeddable":true,"href":"https:\/\/www.europesays.com\/fr\/wp-json\/wp\/v2\/tags?post=162977"}],"curies":[{"name":"wp","href":"https:\/\/api.w.org\/{rel}","templated":true}]}}