{"id":162979,"date":"2025-06-09T09:59:15","date_gmt":"2025-06-09T09:59:15","guid":{"rendered":"https:\/\/www.europesays.com\/fr\/162979\/"},"modified":"2025-06-09T09:59:15","modified_gmt":"2025-06-09T09:59:15","slug":"emmanuel-macron-appelle-a-la-mobilisation-pour-sauver-des-oceans-en-ebullition","status":"publish","type":"post","link":"https:\/\/www.europesays.com\/fr\/162979\/","title":{"rendered":"Emmanuel Macron appelle \u00e0 la \u00abmobilisation\u00bb pour sauver des oc\u00e9ans \u00aben \u00e9bullition\u00bb"},"content":{"rendered":"<p>Le trait\u00e9 sur la haute mer sera ratifi\u00e9 par suffisamment de pays pour pouvoir entrer en vigueur, a confirm\u00e9 le pr\u00e9sident fran\u00e7ais Emmanuel Macron en annon\u00e7ant de nouveaux engagements de pays pour atteindre au moins 60 ratifications.<\/p>\n<p class=\"fig-paragraph\">\u00abSi la terre se r\u00e9chauffe, l&rsquo;oc\u00e9an quant \u00e0 lui est en \u00e9bullition\u00bb :\u00a0<a href=\"http:\/\/www.lefigaro.fr\/politique\/immigration-faits-divers-emmanuel-macron-denonce-une-surenchere-securitaire-20250608\" target=\"_blank\" data-fig-type=\"Article\" rel=\"noopener nofollow\" data-gtm-custom-categorie=\"navigation\" data-gtm-custom-action=\"crossclick\" data-gtm-custom-label=\"Contextuel\" data-gtm-event=\"customEventSPE\" data-fig-domain=\"LEFIGARO\">Emmanuel Macron<\/a>\u00a0a appel\u00e9 \u00e0 la \u00abmobilisation\u00bb ce lundi 9 juin en ouverture de la\u00a0<a href=\"http:\/\/www.lefigaro.fr\/sciences\/au-sommet-mondial-sur-l-ocean-la-difficile-mise-en-oeuvre-du-traite-sur-la-protection-de-la-haute-mer-20250608\" target=\"_blank\" data-fig-type=\"Article\" rel=\"noopener nofollow\" data-gtm-custom-categorie=\"navigation\" data-gtm-custom-action=\"crossclick\" data-gtm-custom-label=\"Contextuel\" data-gtm-event=\"customEventSPE\" data-fig-domain=\"LEFIGARO\">conf\u00e9rence de l&rsquo;ONU sur les oc\u00e9ans \u00e0 Nice<\/a>\u00a0(Alpes-Maritimes).<\/p>\n<p class=\"fig-paragraph\">\u00abLa premi\u00e8re r\u00e9ponse c&rsquo;est donc le multilat\u00e9ralisme\u00bb, a d\u00e9clar\u00e9 le pr\u00e9sident fran\u00e7ais. \u00abLe climat comme la biodiversit\u00e9, ce n&rsquo;est pas une question d&rsquo;opinion, c&rsquo;est une question de faits scientifiquement \u00e9tablis\u00bb, a-t-il aussi insist\u00e9.<\/p>\n<p><strong>Le trait\u00e9 sur la haute mer \u00absera bien mis en \u0153uvre\u00bb\u00a0<\/strong><\/p>\n<p class=\"fig-paragraph\">Le trait\u00e9 sur la haute mer sera ratifi\u00e9 par suffisamment de pays pour pouvoir entrer en vigueur, a confirm\u00e9 le pr\u00e9sident fran\u00e7ais Emmanuel Macron en annon\u00e7ant de nouveaux engagements de pays pour atteindre au moins 60 ratifications.<\/p>\n<p class=\"fig-paragraph\">\u00ab\u00c0 la cinquantaine de ratifications d\u00e9j\u00e0 d\u00e9pos\u00e9es ici m\u00eame ces derni\u00e8res heures, quinze pays se sont formellement engag\u00e9s \u00e0 les rejoindre\u00bb, a d\u00e9clar\u00e9 Emmanuel Macron en ouverture de la conf\u00e9rence de l\u2019ONU sur les oc\u00e9ans \u00e0 Nice (sud-est de la France). \u00abCe qui fait que l\u2019accord politique est obtenu, qui nous permet de dire que ce trait\u00e9 sur la haute mer sera bien mis en \u0153uvre. C\u2019est donc gagn\u00e9\u00bb, a-t-il ajout\u00e9, sans pr\u00e9ciser de calendrier.<\/p>\n<p class=\"fig-paragraph\">Le trait\u00e9, sign\u00e9 en 2023, entrera en vigueur 120 jours apr\u00e8s la 60e ratification. La France souhaitait initialement obtenir ces 60 ratifications d\u2019ici la conf\u00e9rence de Nice.<\/p>\n<p>\u00abLes abysses ne sont pas \u00e0 vendre, pas plus que le Groenland\u00bb<\/p>\n<p class=\"fig-paragraph\">Le pr\u00e9sident de la R\u00e9publique a de \u00e9galement martel\u00e9 que le Groenland, o\u00f9 il doit se rendre en fin de semaine mais qui est\u00a0<a href=\"http:\/\/www.lefigaro.fr\/international\/etats-unis-pour-s-emparer-du-groenland-donald-trump-envisage-de-verser-10-000-dollars-a-chaque-habitant-20250413\" target=\"_blank\" data-fig-type=\"NewsFlash\" rel=\"noopener nofollow\" data-gtm-custom-categorie=\"navigation\" data-gtm-custom-action=\"crossclick\" data-gtm-custom-label=\"Contextuel\" data-gtm-event=\"customEventSPE\" data-fig-domain=\"LEFIGARO\">convoit\u00e9 par les \u00c9tats-Unis<\/a>\u00a0de Donald Trump, n\u2019\u00e9tait \u00abpas \u00e0 vendre\u00bb.<\/p>\n<p class=\"fig-paragraph\">\u00abLes abysses ne sont pas \u00e0 vendre, et pas plus que le Groenland n\u2019est \u00e0 vendre, pas plus que l\u2019Antarctique ou la haute mer ne sont \u00e0 vendre\u00bb, a lanc\u00e9 le pr\u00e9sident fran\u00e7ais en ouverture de la conf\u00e9rence de l\u2019ONU sur les oc\u00e9ans \u00e0 Nice (sud-est de la France).<\/p>\n<p class=\"fig-paragraph\">Le sommet mondial sur les oc\u00e9ans s\u2019est ouvert ce lundi \u00e0 Nice, en France, avec des appels \u00e0 interdire le chalutage de fond et \u00e0 renforcer la protection des aires marines prot\u00e9g\u00e9es dans le monde. D\u00e9crite comme un sommet de \u00abmobilisation\u00bb, la conf\u00e9rence va permettre d\u2019\u00abaugmenter le niveau de protection des eaux mondiales\u00bb, a annonc\u00e9 dimanche la ministre fran\u00e7aise de la Transition \u00e9cologique Agn\u00e8s Pannier-Runacher.<\/p>\n","protected":false},"excerpt":{"rendered":"Le trait\u00e9 sur la haute mer sera ratifi\u00e9 par suffisamment de pays pour pouvoir entrer en vigueur, a&hellip;\n","protected":false},"author":2,"featured_media":162980,"comment_status":"","ping_status":"","sticky":false,"template":"","format":"standard","meta":{"footnotes":""},"categories":[4],"tags":[47,49,11,48,51,1073,54,1011,27,12,2401,12687,52,25,41,50,53],"class_list":{"0":"post-162979","1":"post","2":"type-post","3":"status-publish","4":"format-standard","5":"has-post-thumbnail","7":"category-france","8":"tag-actualite","9":"tag-actualite-scientifique","10":"tag-actualites","11":"tag-astronomie","12":"tag-ecologie","13":"tag-emmanuel-macron","14":"tag-faune-et-flore","15":"tag-fr","16":"tag-france","17":"tag-news","18":"tag-nice","19":"tag-oceans","20":"tag-planete","21":"tag-republique-francaise","22":"tag-sciences","23":"tag-sciences-humaines","24":"tag-zoologie"},"share_on_mastodon":{"url":"https:\/\/pubeurope.com\/@fr\/114652824468300291","error":""},"_links":{"self":[{"href":"https:\/\/www.europesays.com\/fr\/wp-json\/wp\/v2\/posts\/162979","targetHints":{"allow":["GET"]}}],"collection":[{"href":"https:\/\/www.europesays.com\/fr\/wp-json\/wp\/v2\/posts"}],"about":[{"href":"https:\/\/www.europesays.com\/fr\/wp-json\/wp\/v2\/types\/post"}],"author":[{"embeddable":true,"href":"https:\/\/www.europesays.com\/fr\/wp-json\/wp\/v2\/users\/2"}],"replies":[{"embeddable":true,"href":"https:\/\/www.europesays.com\/fr\/wp-json\/wp\/v2\/comments?post=162979"}],"version-history":[{"count":0,"href":"https:\/\/www.europesays.com\/fr\/wp-json\/wp\/v2\/posts\/162979\/revisions"}],"wp:featuredmedia":[{"embeddable":true,"href":"https:\/\/www.europesays.com\/fr\/wp-json\/wp\/v2\/media\/162980"}],"wp:attachment":[{"href":"https:\/\/www.europesays.com\/fr\/wp-json\/wp\/v2\/media?parent=162979"}],"wp:term":[{"taxonomy":"category","embeddable":true,"href":"https:\/\/www.europesays.com\/fr\/wp-json\/wp\/v2\/categories?post=162979"},{"taxonomy":"post_tag","embeddable":true,"href":"https:\/\/www.europesays.com\/fr\/wp-json\/wp\/v2\/tags?post=162979"}],"curies":[{"name":"wp","href":"https:\/\/api.w.org\/{rel}","templated":true}]}}