{"id":162983,"date":"2025-06-09T10:02:09","date_gmt":"2025-06-09T10:02:09","guid":{"rendered":"https:\/\/www.europesays.com\/fr\/162983\/"},"modified":"2025-06-09T10:02:09","modified_gmt":"2025-06-09T10:02:09","slug":"le-maire-gael-perdriau-satisfait-de-la-date-de-son-proces-2","status":"publish","type":"post","link":"https:\/\/www.europesays.com\/fr\/162983\/","title":{"rendered":"le maire Ga\u00ebl Perdriau satisfait de la date de son proc\u00e8s"},"content":{"rendered":"<p>            Par<br \/>\n        <strong><br \/>\n            <a href=\"https:\/\/actu.fr\/auteur\/redaction-saint-etienne\" title=\"Consulter tous les articles de R\u00e9daction Saint-\u00c9tienne\" rel=\"nofollow noopener\" target=\"_blank\">R\u00e9daction Saint-\u00c9tienne<\/a><br \/>\n        <\/strong><\/p>\n<p>        Publi\u00e9 le<\/p>\n<p>            9 juin 2025 \u00e0 11h43        <\/p>\n<p>Le maire de <a href=\"https:\/\/actu.fr\/saint-etienne\/\" rel=\"nofollow noopener\" target=\"_blank\">Saint-Etienne<\/a>, <a href=\"https:\/\/actu.fr\/tag\/gael-perdriau\" rel=\"nofollow noopener\" target=\"_blank\">Ga\u00ebl Perdriau<\/a>, ex-LR, accus\u00e9 d\u2019avoir fait chanter son premier adjoint avec une vid\u00e9o intime, est\u00a0<strong>satisfait de son renvoi en correctionnelle<\/strong> d\u00e8s septembre prochain, a indiqu\u00e9 dimanche \u00e0 l\u2019AFP un de ses avocats.<\/p>\n<p class=\" wall-content\">\u00ab\u2009Ga\u00ebl Perdriau est tr\u00e8s content qu\u2019une audience soit fix\u00e9e \u00e0 une date proche afin qu\u2019il puisse s\u2019exprimer le plus vite possible devant un tribunal en toute transparence\u2009\u00bb, a d\u00e9clar\u00e9 \u00e0 l\u2019AFP Me Jean-F\u00e9lix Luciani apr\u00e8s s\u2019\u00eatre entretenu avec l\u2019\u00e9lu de retour dimanche d\u2019un d\u00e9placement en Ukraine.<\/p>\n<p>Une date qui \u00ab\u2009n\u2019interf\u00e9rera pas trop\u2009\u00bb avec la campagne des municipales de 2026<\/p>\n<p class=\" wall-content\">\u00ab\u2009Le maire de Saint-Etienne va ainsi pouvoir s\u2019expliquer dans un temps qui n\u2019interf\u00e8re pas trop avec la campagne pour les \u00e9lections municipales de 2026, afin qu\u2019elle puisse \u00eatre apais\u00e9e en \u00e9tant d\u00e9barrass\u00e9e de toute hypoth\u00e8que judiciaire et que les St\u00e9phanois s\u2019expriment tranquillement\u2009\u00bb, a poursuivi l\u2019avocat.<\/p>\n<p class=\" wall-content\">\u00ab\u2009Cela lui permettra aussi de prendre une d\u00e9cision et de l\u2019annoncer de fa\u00e7on plus <strong>sereine<\/strong> apr\u00e8s l\u2019audience\u2009\u00bb, ajoute Me Luciani concernant celui qui est \u00e9lu maire et pr\u00e9sident de la m\u00e9tropole st\u00e9phanoise depuis 2014.<\/p>\n<p class=\" wall-content\">Pr\u00e8s de trois ans apr\u00e8s le d\u00e9but du scandale, les juges d\u2019instruction ont ordonn\u00e9 le renvoi de Ga\u00ebl Perdriau devant le tribunal correctionnel pour \u00ab\u2009chantage, soustraction, d\u00e9tournement de fonds publics par un d\u00e9positaire de l\u2019autorit\u00e9 publique et participation \u00e0 une association de malfaiteurs\u2009\u00bb, un d\u00e9lit puni d\u2019au moins cinq ans de prison.<\/p>\n<p>Vid\u00e9os : en ce moment sur ActuLe proc\u00e8s se tiendra entre le 22 et le 26\u00a0septembre<\/p>\n<p class=\" wall-content\">Sous r\u00e9serve de recours, le proc\u00e8s se tiendra entre le<strong> 22 et le 26\u00a0septembre<\/strong>. L\u2019affaire porte sur une vid\u00e9o montrant l\u2019ancien premier adjoint centriste Gilles Artigues, un rival potentiel du maire, en train de se faire masser par un escort-boy dans une chambre d\u2019h\u00f4tel \u00e0 Paris en janvier\u00a02015.<\/p>\n<p class=\" wall-content\">Ga\u00ebl Perdriau, 52\u00a0ans, est soup\u00e7onn\u00e9 d\u2019avoir exig\u00e9 \u00ab\u2009la loyaut\u00e9 politique\u2009\u00bb de Gilles Artigues, \u00ab\u2009des arbitrages \u00e9lectoraux et son absence d\u2019opposition aux d\u00e9cisions du maire\u2009\u00bb contre la non-divulgation de ce film, selon un document judiciaire consult\u00e9 par l\u2019AFP.<\/p>\n<p class=\" wall-content\">Exclu du parti Les R\u00e9publicains et vilipend\u00e9 par ses opposants, le maire a toujours clam\u00e9 son innocence et refus\u00e9 de d\u00e9missionner, m\u00eame s\u2019il s\u2019est mis en retrait de ses fonctions \u00e0 la m\u00e9tropole. Il n\u2019a pas non plus exclu de se repr\u00e9senter aux \u00e9lections municipales de 2026.<\/p>\n<p class=\" wall-content\"><strong>Avec AFP<\/strong><\/p>\n<p class=\" wall-content\">Suivez toute l\u2019actualit\u00e9 de vos villes et m\u00e9dias favoris en vous inscrivant \u00e0 <a href=\"https:\/\/moncompte.actu.fr\" title=\"D\u00e9couvez Mon Actu\" rel=\"nofollow noopener\" data-trk=\"{&quot;cta&quot;:{&quot;action&quot;:&quot;https:\\\/\\\/moncompte.actu.fr&quot;,&quot;category&quot;:&quot;mon compte&quot;,&quot;from&quot;:&quot;article footer&quot;,&quot;name&quot;:&quot;Mon actu&quot;,&quot;type&quot;:&quot;cta&quot;}}\" target=\"_blank\">Mon Actu<\/a>.<\/p>\n","protected":false},"excerpt":{"rendered":"Par R\u00e9daction Saint-\u00c9tienne Publi\u00e9 le 9 juin 2025 \u00e0 11h43 Le maire de Saint-Etienne, Ga\u00ebl Perdriau, ex-LR, accus\u00e9&hellip;\n","protected":false},"author":2,"featured_media":162984,"comment_status":"","ping_status":"","sticky":false,"template":"","format":"standard","meta":{"footnotes":""},"categories":[9653],"tags":[1111,11,2430,1777,674,1011,27,12242,303,12,316,25,4001],"class_list":{"0":"post-162983","1":"post","2":"type-post","3":"status-publish","4":"format-standard","5":"has-post-thumbnail","7":"category-saint-etienne","8":"tag-actu","9":"tag-actualites","10":"tag-auvergne-rhone-alpes","11":"tag-eu","12":"tag-europe","13":"tag-fr","14":"tag-france","15":"tag-gael-perdriau","16":"tag-justice","17":"tag-news","18":"tag-politique","19":"tag-republique-francaise","20":"tag-saint-etienne"},"share_on_mastodon":{"url":"https:\/\/pubeurope.com\/@fr\/114652836311973936","error":""},"_links":{"self":[{"href":"https:\/\/www.europesays.com\/fr\/wp-json\/wp\/v2\/posts\/162983","targetHints":{"allow":["GET"]}}],"collection":[{"href":"https:\/\/www.europesays.com\/fr\/wp-json\/wp\/v2\/posts"}],"about":[{"href":"https:\/\/www.europesays.com\/fr\/wp-json\/wp\/v2\/types\/post"}],"author":[{"embeddable":true,"href":"https:\/\/www.europesays.com\/fr\/wp-json\/wp\/v2\/users\/2"}],"replies":[{"embeddable":true,"href":"https:\/\/www.europesays.com\/fr\/wp-json\/wp\/v2\/comments?post=162983"}],"version-history":[{"count":0,"href":"https:\/\/www.europesays.com\/fr\/wp-json\/wp\/v2\/posts\/162983\/revisions"}],"wp:featuredmedia":[{"embeddable":true,"href":"https:\/\/www.europesays.com\/fr\/wp-json\/wp\/v2\/media\/162984"}],"wp:attachment":[{"href":"https:\/\/www.europesays.com\/fr\/wp-json\/wp\/v2\/media?parent=162983"}],"wp:term":[{"taxonomy":"category","embeddable":true,"href":"https:\/\/www.europesays.com\/fr\/wp-json\/wp\/v2\/categories?post=162983"},{"taxonomy":"post_tag","embeddable":true,"href":"https:\/\/www.europesays.com\/fr\/wp-json\/wp\/v2\/tags?post=162983"}],"curies":[{"name":"wp","href":"https:\/\/api.w.org\/{rel}","templated":true}]}}