{"id":162985,"date":"2025-06-09T10:03:35","date_gmt":"2025-06-09T10:03:35","guid":{"rendered":"https:\/\/www.europesays.com\/fr\/162985\/"},"modified":"2025-06-09T10:03:35","modified_gmt":"2025-06-09T10:03:35","slug":"un-jour-une-histoire-laetitia-viratelle-sculpteuse-dailleurs-a-malzeville-2","status":"publish","type":"post","link":"https:\/\/www.europesays.com\/fr\/162985\/","title":{"rendered":"Un jour, une histoire. La\u00ebtitia Viratelle, sculpteuse d\u2019ailleurs \u00e0 Malz\u00e9ville"},"content":{"rendered":"<p>Ses \u0153uvres d\u2019art ne sont pas seulement magnifiques, \u00e9tranges, envo\u00fbtantes\u2026 Elles sont de fabuleux voyages. Perles, plumes, galons, pendeloques, bijoux, rubans, grelots\u2026 mais aussi animaux empaill\u00e9s, ossements, masques\u2026 tout se met soudain \u00e0 faire sens une fois assembl\u00e9 par <a href=\"https:\/\/www.estrepublicain.fr\/culture-loisirs\/2024\/09\/29\/pole-d-arts-la-fourmiliere-une-4e-edition-riche-en-animations\" target=\"_blank\" rel=\"noopener\">La\u00ebtitia Viratelle<\/a>. Tout se met \u00e0 raconter. Et les histoires sont belles. \u00ab\u00a0Je n\u2019ach\u00e8te des choses neuves que&#8230;<\/p>\n","protected":false},"excerpt":{"rendered":"Ses \u0153uvres d\u2019art ne sont pas seulement magnifiques, \u00e9tranges, envo\u00fbtantes\u2026 Elles sont de fabuleux voyages. Perles, plumes, galons,&hellip;\n","protected":false},"author":2,"featured_media":160396,"comment_status":"","ping_status":"","sticky":false,"template":"","format":"standard","meta":{"footnotes":""},"categories":[9635],"tags":[1111,11,5738,11679,1687,1704,1777,674,2271,1685,1011,27,2798,775,1702,1703,12,2661,11058,3456,25,3365],"class_list":{"0":"post-162985","1":"post","2":"type-post","3":"status-publish","4":"format-standard","5":"has-post-thumbnail","7":"category-nancy","8":"tag-actu","9":"tag-actualites","10":"tag-bourses","11":"tag-brocantes","12":"tag-culture-loisirs","13":"tag-edition-nancy-et-agglomeration","14":"tag-eu","15":"tag-europe","16":"tag-exposition-arts-plastiques","17":"tag-foire-et-salon","18":"tag-fr","19":"tag-france","20":"tag-galerie-photo","21":"tag-grand-est","22":"tag-nancy","23":"tag-nancy-ville-54b","24":"tag-news","25":"tag-patrimoine-culturel","26":"tag-region-franche-comte","27":"tag-region-lorraine","28":"tag-republique-francaise","29":"tag-vide-greniers"},"share_on_mastodon":{"url":"https:\/\/pubeurope.com\/@fr\/114652840155369405","error":""},"_links":{"self":[{"href":"https:\/\/www.europesays.com\/fr\/wp-json\/wp\/v2\/posts\/162985","targetHints":{"allow":["GET"]}}],"collection":[{"href":"https:\/\/www.europesays.com\/fr\/wp-json\/wp\/v2\/posts"}],"about":[{"href":"https:\/\/www.europesays.com\/fr\/wp-json\/wp\/v2\/types\/post"}],"author":[{"embeddable":true,"href":"https:\/\/www.europesays.com\/fr\/wp-json\/wp\/v2\/users\/2"}],"replies":[{"embeddable":true,"href":"https:\/\/www.europesays.com\/fr\/wp-json\/wp\/v2\/comments?post=162985"}],"version-history":[{"count":0,"href":"https:\/\/www.europesays.com\/fr\/wp-json\/wp\/v2\/posts\/162985\/revisions"}],"wp:featuredmedia":[{"embeddable":true,"href":"https:\/\/www.europesays.com\/fr\/wp-json\/wp\/v2\/media\/160396"}],"wp:attachment":[{"href":"https:\/\/www.europesays.com\/fr\/wp-json\/wp\/v2\/media?parent=162985"}],"wp:term":[{"taxonomy":"category","embeddable":true,"href":"https:\/\/www.europesays.com\/fr\/wp-json\/wp\/v2\/categories?post=162985"},{"taxonomy":"post_tag","embeddable":true,"href":"https:\/\/www.europesays.com\/fr\/wp-json\/wp\/v2\/tags?post=162985"}],"curies":[{"name":"wp","href":"https:\/\/api.w.org\/{rel}","templated":true}]}}