{"id":162997,"date":"2025-06-09T10:12:10","date_gmt":"2025-06-09T10:12:10","guid":{"rendered":"https:\/\/www.europesays.com\/fr\/162997\/"},"modified":"2025-06-09T10:12:10","modified_gmt":"2025-06-09T10:12:10","slug":"une-femme-recherchee-apres-avoir-saute-dune-passerelle","status":"publish","type":"post","link":"https:\/\/www.europesays.com\/fr\/162997\/","title":{"rendered":"une femme recherch\u00e9e apr\u00e8s avoir saut\u00e9 d\u2019une passerelle"},"content":{"rendered":"<p>\t\t\t\t\t\t\t\t\t\t\t<img loading=\"lazy\" decoding=\"async\" width=\"1110\" title=\"Pr\u00e8s de Grenoble\u00a0: une femme recherch\u00e9e apr\u00e8s avoir saut\u00e9 d\u2019une passerelle\" class=\"img-fluid not_lzld mb-3\" src=\"https:\/\/www.europesays.com\/fr\/wp-content\/uploads\/2025\/06\/1110x624_pres-de-grenoble-une-femme-recherchee-apres-avoir-saute-d-une-passerelle_6846ab8c83cdd.webp\" alt=\"Pr\u00e8s de Grenoble\u00a0: une femme recherch\u00e9e apr\u00e8s avoir saut\u00e9 d\u2019une passerelle\" itemprop=\"image\" height=\"624\"\/>\t\t\t\t\t\t\t\t\t\t\t\t<\/p>\n<p>Pr\u00e8s de Grenoble\u00a0: une femme recherch\u00e9e apr\u00e8s avoir saut\u00e9 d\u2019une passerelle &#8211; DR<\/p>\n<p itemprop=\"description\"><strong>Les faits ont eu lieu \u00e0 Gi\u00e8res, \u00e0 l\u2019est de Grenoble.<\/strong><\/p>\n<p class=\"x_MsoNormal\" style=\"color: #242424; font-style: normal; font-variant-ligatures: normal; font-variant-caps: normal; font-weight: 400; letter-spacing: normal; orphans: 2; text-align: start; text-indent: 0px; text-transform: none; widows: 2; word-spacing: 0px; -webkit-text-stroke-width: 0px; white-space: normal; background-color: #ffffff; text-decoration-thickness: initial; text-decoration-style: initial; text-decoration-color: initial; margin: 0cm 0cm 8pt; line-height: 18.4px; font-size: 12pt; font-family: Calibri, sans-serif;\">Samedi soir, une femme qui de promenait sur le chemin de la Digue, \u00e0 Gi\u00e8res, est tomb\u00e9e dans l\u2019Is\u00e8re en traversant la passerelle ralliant le parc de l\u2019Ile d\u2019Amour au domaine universitaire. Selon le Dauphin\u00e9 Lib\u00e9r\u00e9, il s\u2019agirait d\u2019une personne \u00e2g\u00e9e souffrant de la maladie d\u2019Alzheimer et ayant fugu\u00e9.<\/p>\n<p class=\"x_MsoNormal\" style=\"color: #242424; font-style: normal; font-variant-ligatures: normal; font-variant-caps: normal; font-weight: 400; letter-spacing: normal; orphans: 2; text-align: start; text-indent: 0px; text-transform: none; widows: 2; word-spacing: 0px; -webkit-text-stroke-width: 0px; white-space: normal; background-color: #ffffff; text-decoration-thickness: initial; text-decoration-style: initial; text-decoration-color: initial; margin: 0cm 0cm 8pt; line-height: 18.4px; font-size: 12pt; font-family: Calibri, sans-serif;\">Des t\u00e9moins de la sc\u00e8ne ont imm\u00e9diatement alert\u00e9 les sapeur-pompiers aux alentours de 21h30, qui ont engag\u00e9 des recherches. Plusieurs \u00e9quipes cynophiles et des sp\u00e9cialistes en secours aquatique ont \u00e9t\u00e9 d\u00e9ploy\u00e9s pour tenter de retrouver la personne.<\/p>\n<p class=\"x_MsoNormal\" style=\"color: #242424; font-style: normal; font-variant-ligatures: normal; font-variant-caps: normal; font-weight: 400; letter-spacing: normal; orphans: 2; text-align: start; text-indent: 0px; text-transform: none; widows: 2; word-spacing: 0px; -webkit-text-stroke-width: 0px; white-space: normal; background-color: #ffffff; text-decoration-thickness: initial; text-decoration-style: initial; text-decoration-color: initial; margin: 0cm 0cm 8pt; line-height: 18.4px; font-size: 12pt; font-family: Calibri, sans-serif;\">Les recherches ont dur\u00e9 toute la nuit de samedi \u00e0 dimanche. Mais, le courant de l\u2019Is\u00e8re \u00e9tant trop \u00e9lev\u00e9, les plongeurs n\u2019ont pas pu entrer en action. Les cam\u00e9ras en vision nocturne sur des drones n\u2019ont \u00e9galement pas r\u00e9ussi \u00e0 localiser la victime.<\/p>\n<p class=\"x_MsoNormal\" style=\"color: #242424; font-style: normal; font-variant-ligatures: normal; font-variant-caps: normal; font-weight: 400; letter-spacing: normal; orphans: 2; text-align: start; text-indent: 0px; text-transform: none; widows: 2; word-spacing: 0px; -webkit-text-stroke-width: 0px; white-space: normal; background-color: #ffffff; text-decoration-thickness: initial; text-decoration-style: initial; text-decoration-color: initial; margin: 0cm 0cm 8pt; line-height: 18.4px; font-size: 12pt; font-family: Calibri, sans-serif;\">\u00c0 l\u2019heure actuelle, la femme n\u2019a toujours pas \u00e9t\u00e9 retrouv\u00e9e.<\/p>\n","protected":false},"excerpt":{"rendered":"Pr\u00e8s de Grenoble\u00a0: une femme recherch\u00e9e apr\u00e8s avoir saut\u00e9 d\u2019une passerelle &#8211; DR Les faits ont eu lieu&hellip;\n","protected":false},"author":2,"featured_media":162998,"comment_status":"","ping_status":"","sticky":false,"template":"","format":"standard","meta":{"footnotes":""},"categories":[9566],"tags":[1111,11,7733,8279,2430,7736,650,7734,2889,2263,1777,674,1011,27,2731,8280,6417,1114,108,4662,12,3725,1825,25,7737],"class_list":{"0":"post-162997","1":"post","2":"type-post","3":"status-publish","4":"format-standard","5":"has-post-thumbnail","7":"category-grenoble","8":"tag-actu","9":"tag-actualites","10":"tag-alpes","11":"tag-alpes1","12":"tag-auvergne-rhone-alpes","13":"tag-cds","14":"tag-cinema","15":"tag-ecoute","16":"tag-emission","17":"tag-equipe","18":"tag-eu","19":"tag-europe","20":"tag-fr","21":"tag-france","22":"tag-grenoble","23":"tag-haute","24":"tag-information","25":"tag-infos","26":"tag-isere","27":"tag-journal","28":"tag-news","29":"tag-podcast","30":"tag-radio","31":"tag-republique-francaise","32":"tag-winamp"},"share_on_mastodon":{"url":"https:\/\/pubeurope.com\/@fr\/114652875630481818","error":""},"_links":{"self":[{"href":"https:\/\/www.europesays.com\/fr\/wp-json\/wp\/v2\/posts\/162997","targetHints":{"allow":["GET"]}}],"collection":[{"href":"https:\/\/www.europesays.com\/fr\/wp-json\/wp\/v2\/posts"}],"about":[{"href":"https:\/\/www.europesays.com\/fr\/wp-json\/wp\/v2\/types\/post"}],"author":[{"embeddable":true,"href":"https:\/\/www.europesays.com\/fr\/wp-json\/wp\/v2\/users\/2"}],"replies":[{"embeddable":true,"href":"https:\/\/www.europesays.com\/fr\/wp-json\/wp\/v2\/comments?post=162997"}],"version-history":[{"count":0,"href":"https:\/\/www.europesays.com\/fr\/wp-json\/wp\/v2\/posts\/162997\/revisions"}],"wp:featuredmedia":[{"embeddable":true,"href":"https:\/\/www.europesays.com\/fr\/wp-json\/wp\/v2\/media\/162998"}],"wp:attachment":[{"href":"https:\/\/www.europesays.com\/fr\/wp-json\/wp\/v2\/media?parent=162997"}],"wp:term":[{"taxonomy":"category","embeddable":true,"href":"https:\/\/www.europesays.com\/fr\/wp-json\/wp\/v2\/categories?post=162997"},{"taxonomy":"post_tag","embeddable":true,"href":"https:\/\/www.europesays.com\/fr\/wp-json\/wp\/v2\/tags?post=162997"}],"curies":[{"name":"wp","href":"https:\/\/api.w.org\/{rel}","templated":true}]}}