{"id":162999,"date":"2025-06-09T10:13:13","date_gmt":"2025-06-09T10:13:13","guid":{"rendered":"https:\/\/www.europesays.com\/fr\/162999\/"},"modified":"2025-06-09T10:13:13","modified_gmt":"2025-06-09T10:13:13","slug":"installee-depuis-30-ans-en-centre-ville-de-rennes-cette-enseigne-de-bijoux-ouvre-une-seconde-boutique","status":"publish","type":"post","link":"https:\/\/www.europesays.com\/fr\/162999\/","title":{"rendered":"Install\u00e9e depuis 30 ans en centre-ville de Rennes, cette enseigne de bijoux ouvre une seconde boutique"},"content":{"rendered":"<p>            Par<br \/>\n        <strong><br \/>\n            <a href=\"https:\/\/actu.fr\/auteur\/clemence-pays02-actu-fr\" title=\"Consulter tous les articles de Cl\u00e9mence Pays\" target=\"_blank\" rel=\"noopener\">Cl\u00e9mence Pays<\/a><br \/>\n        <\/strong><\/p>\n<p>        Publi\u00e9 le<\/p>\n<p>            9 juin 2025 \u00e0 11h04        <\/p>\n<p>Au 9, rue Vasselot \u00e0 Rennes, les \u00e9quipes de <strong>Salsa<\/strong> sont \u00e0 pied d\u2019\u0153uvre pour ouvrir la <strong>seconde boutique<\/strong> de cette enseigne historique. Bagues, colliers, boucles d\u2019oreilles ou encore piercings sont minutieusement d\u00e9ball\u00e9s avant d\u2019\u00eatre expos\u00e9s sur les portants et dans les vitrines du magasin.<\/p>\n<p class=\" wall-content\">Durant plusieurs jours, c\u2019\u00e9tait l\u2019effervescence pour \u00eatre pr\u00eat \u00e0 ouvrir <strong>vendredi 6\u00a0juin 2025.<\/strong> Pour l\u2019occasion, des cadeaux ont \u00e9t\u00e9 offerts aux premi\u00e8res clientes venues d\u00e9couvrir ce commerce.<\/p>\n<p>Des d\u00e9buts \u00e0 Dinard<\/p>\n<p class=\" wall-content\">\u00c0 la t\u00eate de l\u2019enseigne\u2009: Hari Tien. \u00ab\u2009Je suis un autodidacte\u2009! J\u2019ai commenc\u00e9 \u00e0 travailler avec les chevaux \u00e0 13\u00a0ans.\u2009\u00bb Quelques ann\u00e9es plus tard, il part voyager en <strong>Am\u00e9rique du Sud, en Indon\u00e9sie et en Tha\u00eflande.<\/strong><\/p>\n<p class=\" wall-content\">L\u00e0-bas, Hari Tien d\u00e9couvre de nouvelles cultures, mais aussi et surtout leur <strong>savoir-faire et leur artisanat.<\/strong> De retour en France, il lance sa marque sous le nom de Salsa. \u00ab\u2009On a commenc\u00e9 en faisant une saison <strong>en 1995<\/strong> \u00e0 Dinard, pour tester un peu\u2009\u00bb, raconte le commer\u00e7ant.<\/p>\n<blockquote class=\"ac-article-quote wall-content\">\n<p>\u00c7a n&rsquo;avait rien \u00e0 voir. On a \u00e9norm\u00e9ment \u00e9volu\u00e9 depuis.<\/p>\n<p>    <strong>Hari Tien<\/strong><br \/>\n        G\u00e9rant de Salsa    <\/p><\/blockquote>\n<p class=\" wall-content\">Quelques mois plus tard, en octobre, il ouvre sa premi\u00e8re boutique \u00e0 Rennes et vend du <strong>\u00ab\u2009pr\u00eat-\u00e0-porter \u00e9coresponsable, bio et 100\u2009% recycl\u00e9\u2009\u00bb,<\/strong> mais aussi un peu de d\u00e9coration et de bijoux.<\/p>\n<p>La part belle aux bijoux<\/p>\n<p class=\" wall-content\">Au fil du temps, l\u2019enseigne s\u2019illustre particuli\u00e8rement pour ses bijoux issus de marques artisanales. <strong>\u00ab\u2009Je fais aussi fabriquer moi-m\u00eame une partie des bijoux\u2009\u00bb,<\/strong> pr\u00e9cise Hari Tien.<\/p>\n<p class=\" wall-content\">Les 35\u2009m2 de la nouvelle boutique, rue Vasselot, sont d\u2019ailleurs enti\u00e8rement consacr\u00e9s \u00e0 ces accessoires, en acier inoxydable, en argent et plaqu\u00e9 or, d\u2019inspiration touareg, tha\u00eflandaise ou encore d\u2019Am\u00e9rique latine. \u00ab\u2009On a \u00e9norm\u00e9ment de r\u00e9f\u00e9rences avec <strong>deux \u00e0 trois collections par mois.\u2009\u00bb<\/strong><\/p>\n<p>    <img   decoding=\"async\" loading=\"lazy\" src=\"https:\/\/www.europesays.com\/fr\/wp-content\/uploads\/2025\/06\/1-rennes-salsa-rue-vasselot-commerce-bijouterie-boutique-magasin-bijoux-960x640.jpeg\" alt=\"Argent\u00e9 ou dor\u00e9, un large choix de bijoux et piercing est propos\u00e9 dans la nouvelle boutique Salsa.\" width=\"960\" height=\"640\"\/><br \/>\n    Argent\u00e9 ou dor\u00e9, un large choix de bijoux et piercings est propos\u00e9 dans la nouvelle boutique Salsa. (\u00a9 Cl\u00e9mence Pays\/actu Rennes)<\/p>\n<p class=\" wall-content\">\u00ab\u2009On va aussi <strong>d\u00e9velopper l\u2019offre de piercings\u2009\u00bb,<\/strong> souligne Hari Tien, qui note une forte demande.<\/p>\n<p class=\" wall-content\">L\u2019\u00e9quipe esp\u00e8re \u00e9galement<strong> toucher une nouvelle client\u00e8le,<\/strong> habitu\u00e9e \u00e0 fr\u00e9quenter le sud du centre-ville, plut\u00f4t que le nord, o\u00f9 est implant\u00e9 le magasin historique. \u00ab\u2009Toujours en proposant des <strong>produits de qualit\u00e9<\/strong> et en <strong>soignant l\u2019accueil<\/strong> avec le sourire\u2009!\u2009\u00bb, conclut Hari Tien.<\/p>\n<p><strong>Infos pratiques\u2009:<\/strong><br \/>Salsa, pr\u00eat-\u00e0-porter et bijoux, 4, rue de la Motte-Fablet, Rennes. Ouvert du lundi au samedi, de 10h \u00e0 19h.<br \/>Salsa, bijoux, 9, rue Vasselot, Rennes. Ouvert du lundi au samedi, de 10h30 \u00e0 19h.<\/p>\n<p class=\" wall-content\">Suivez toute l\u2019actualit\u00e9 de vos villes et m\u00e9dias favoris en vous inscrivant \u00e0 <a href=\"https:\/\/moncompte.actu.fr\" title=\"D\u00e9couvez Mon Actu\" rel=\"nofollow noopener\" data-trk=\"{&quot;cta&quot;:{&quot;action&quot;:&quot;https:\\\/\\\/moncompte.actu.fr&quot;,&quot;category&quot;:&quot;mon compte&quot;,&quot;from&quot;:&quot;article footer&quot;,&quot;name&quot;:&quot;Mon actu&quot;,&quot;type&quot;:&quot;cta&quot;}}\" target=\"_blank\">Mon Actu<\/a>.<\/p>\n<ul class=\"ac-article-tag wall-content\">\n<li><a href=\"https:\/\/actu.fr\/tag\/commerce\" data-trk=\"{&quot;cta&quot;:{&quot;action&quot;:&quot;Commerce&quot;,&quot;category&quot;:&quot;tag&quot;,&quot;from&quot;:&quot;article footer&quot;,&quot;name&quot;:&quot;Commerce&quot;,&quot;type&quot;:&quot;cta&quot;}}\" target=\"_blank\" rel=\"noopener\">#Commerce<\/a><\/li>\n<li><a href=\"https:\/\/actu.fr\/tag\/nouveaux-commerces\" data-trk=\"{&quot;cta&quot;:{&quot;action&quot;:&quot;Nouveaux commerces&quot;,&quot;category&quot;:&quot;tag&quot;,&quot;from&quot;:&quot;article footer&quot;,&quot;name&quot;:&quot;Nouveaux commerces&quot;,&quot;type&quot;:&quot;cta&quot;}}\" target=\"_blank\" rel=\"noopener\">#Nouveaux commerces<\/a><\/li>\n<\/ul>\n","protected":false},"excerpt":{"rendered":"Par Cl\u00e9mence Pays Publi\u00e9 le 9 juin 2025 \u00e0 11h04 Au 9, rue Vasselot \u00e0 Rennes, les \u00e9quipes&hellip;\n","protected":false},"author":2,"featured_media":163000,"comment_status":"","ping_status":"","sticky":false,"template":"","format":"standard","meta":{"footnotes":""},"categories":[2821],"tags":[1111,11,829,215,33,1777,674,1011,27,12,3147,584,25],"class_list":{"0":"post-162999","1":"post","2":"type-post","3":"status-publish","4":"format-standard","5":"has-post-thumbnail","7":"category-rennes","8":"tag-actu","9":"tag-actualites","10":"tag-bretagne","11":"tag-commerce","12":"tag-economie","13":"tag-eu","14":"tag-europe","15":"tag-fr","16":"tag-france","17":"tag-news","18":"tag-nouveaux-commerces","19":"tag-rennes","20":"tag-republique-francaise"},"share_on_mastodon":{"url":"https:\/\/pubeurope.com\/@fr\/114652879463335001","error":""},"_links":{"self":[{"href":"https:\/\/www.europesays.com\/fr\/wp-json\/wp\/v2\/posts\/162999","targetHints":{"allow":["GET"]}}],"collection":[{"href":"https:\/\/www.europesays.com\/fr\/wp-json\/wp\/v2\/posts"}],"about":[{"href":"https:\/\/www.europesays.com\/fr\/wp-json\/wp\/v2\/types\/post"}],"author":[{"embeddable":true,"href":"https:\/\/www.europesays.com\/fr\/wp-json\/wp\/v2\/users\/2"}],"replies":[{"embeddable":true,"href":"https:\/\/www.europesays.com\/fr\/wp-json\/wp\/v2\/comments?post=162999"}],"version-history":[{"count":0,"href":"https:\/\/www.europesays.com\/fr\/wp-json\/wp\/v2\/posts\/162999\/revisions"}],"wp:featuredmedia":[{"embeddable":true,"href":"https:\/\/www.europesays.com\/fr\/wp-json\/wp\/v2\/media\/163000"}],"wp:attachment":[{"href":"https:\/\/www.europesays.com\/fr\/wp-json\/wp\/v2\/media?parent=162999"}],"wp:term":[{"taxonomy":"category","embeddable":true,"href":"https:\/\/www.europesays.com\/fr\/wp-json\/wp\/v2\/categories?post=162999"},{"taxonomy":"post_tag","embeddable":true,"href":"https:\/\/www.europesays.com\/fr\/wp-json\/wp\/v2\/tags?post=162999"}],"curies":[{"name":"wp","href":"https:\/\/api.w.org\/{rel}","templated":true}]}}