{"id":163024,"date":"2025-06-09T10:28:09","date_gmt":"2025-06-09T10:28:09","guid":{"rendered":"https:\/\/www.europesays.com\/fr\/163024\/"},"modified":"2025-06-09T10:28:09","modified_gmt":"2025-06-09T10:28:09","slug":"trois-stations-non-desservies-en-raison-dun-bagage-abandonne","status":"publish","type":"post","link":"https:\/\/www.europesays.com\/fr\/163024\/","title":{"rendered":"trois stations non desservies en raison d&rsquo;un bagage abandonn\u00e9"},"content":{"rendered":"<p>Dans un communiqu\u00e9, la R\u00e9gie des transports m\u00e9tropolitains (RTM) annonce que sur la ligne 1 du m\u00e9tro \u00e0 Marseille \u00ab\u00a0trois stations sont non desservies : Colbert ; Vieux-Port et Estrangin.\u00a0\u00bb Et ce en raison d&rsquo;un bagage abandonn\u00e9 au niveau de la station Vieux-Port. Le service est en fait \u00ab\u00a0interrompu entre Saint-Charles et Castellane.\u00a0\u00bb<\/p>\n<p>\u00ab\u00a0La ligne sera r\u00e9tablie d\u00e8s que les conditions le permettront\u00a0\u00bb, ajoute la missive.\u00a0<\/p>\n<p><strong>Pour vous rendre\u00a0:<\/strong><\/p>\n<p>&#8211;\u00a0 En centre-ville depuis la station Saint Charles, empruntez l&rsquo;acc\u00e8s place des Marseillaises et descendre, \u00e0 pied, les bd d&rsquo;Ath\u00e8nes et Dugommier,<\/p>\n<p>&#8211;\u00a0 \u00c0 Estrangin Pr\u00e9fecture depuis la station Saint Charles, empruntez l&rsquo;acc\u00e8s place des Marseillaises et descendre, \u00e0 pied, les boulevards d&rsquo;Ath\u00e8nes et Dugommier, La Canebi\u00e8re puis le Bus 41 au terminus Vieux Port Ballard,<\/p>\n<p>&#8211;\u00a0 \u00c0 Castellane depuis la station Saint Charles,\u00a0empruntez l&rsquo;acc\u00e8s place des Marseillaises et descendre, \u00e0 pied, les bds d&rsquo;Ath\u00e8nes et Dugommier, La Canebi\u00e8re puis le Tram T3 \u00e0 la station Cours Saint Louis<\/p>\n","protected":false},"excerpt":{"rendered":"Dans un communiqu\u00e9, la R\u00e9gie des transports m\u00e9tropolitains (RTM) annonce que sur la ligne 1 du m\u00e9tro \u00e0&hellip;\n","protected":false},"author":2,"featured_media":163025,"comment_status":"","ping_status":"","sticky":false,"template":"","format":"standard","meta":{"footnotes":""},"categories":[2814],"tags":[17,1111,11,29588,1777,674,1011,27,3052,884,4047,12,2828,882,16,25,8400,1100],"class_list":{"0":"post-163024","1":"post","2":"type-post","3":"status-publish","4":"format-standard","5":"has-post-thumbnail","7":"category-marseille","8":"tag-17","9":"tag-actu","10":"tag-actualites","11":"tag-desservies","12":"tag-eu","13":"tag-europe","14":"tag-fr","15":"tag-france","16":"tag-ligne","17":"tag-marseille","18":"tag-metro","19":"tag-news","20":"tag-non","21":"tag-provence-alpes-cote-dazur","22":"tag-region","23":"tag-republique-francaise","24":"tag-stations","25":"tag-trois"},"share_on_mastodon":{"url":"https:\/\/pubeurope.com\/@fr\/114652938538714485","error":""},"_links":{"self":[{"href":"https:\/\/www.europesays.com\/fr\/wp-json\/wp\/v2\/posts\/163024","targetHints":{"allow":["GET"]}}],"collection":[{"href":"https:\/\/www.europesays.com\/fr\/wp-json\/wp\/v2\/posts"}],"about":[{"href":"https:\/\/www.europesays.com\/fr\/wp-json\/wp\/v2\/types\/post"}],"author":[{"embeddable":true,"href":"https:\/\/www.europesays.com\/fr\/wp-json\/wp\/v2\/users\/2"}],"replies":[{"embeddable":true,"href":"https:\/\/www.europesays.com\/fr\/wp-json\/wp\/v2\/comments?post=163024"}],"version-history":[{"count":0,"href":"https:\/\/www.europesays.com\/fr\/wp-json\/wp\/v2\/posts\/163024\/revisions"}],"wp:featuredmedia":[{"embeddable":true,"href":"https:\/\/www.europesays.com\/fr\/wp-json\/wp\/v2\/media\/163025"}],"wp:attachment":[{"href":"https:\/\/www.europesays.com\/fr\/wp-json\/wp\/v2\/media?parent=163024"}],"wp:term":[{"taxonomy":"category","embeddable":true,"href":"https:\/\/www.europesays.com\/fr\/wp-json\/wp\/v2\/categories?post=163024"},{"taxonomy":"post_tag","embeddable":true,"href":"https:\/\/www.europesays.com\/fr\/wp-json\/wp\/v2\/tags?post=163024"}],"curies":[{"name":"wp","href":"https:\/\/api.w.org\/{rel}","templated":true}]}}