{"id":163026,"date":"2025-06-09T10:29:09","date_gmt":"2025-06-09T10:29:09","guid":{"rendered":"https:\/\/www.europesays.com\/fr\/163026\/"},"modified":"2025-06-09T10:29:09","modified_gmt":"2025-06-09T10:29:09","slug":"qui-sont-les-deux-marseillais-a-bord-du-madleen-le-bateau-pour-gaza-intercepte-par-israel","status":"publish","type":"post","link":"https:\/\/www.europesays.com\/fr\/163026\/","title":{"rendered":"Qui sont les deux Marseillais \u00e0 bord du Madleen, le bateau pour Gaza intercept\u00e9 par Isra\u00ebl\u00a0?"},"content":{"rendered":"<p>            Par<br \/>\n        <strong><br \/>\n            <a href=\"https:\/\/actu.fr\/auteur\/fabien-binacchi\" title=\"Consulter tous les articles de Fabien Binacchi\" target=\"_blank\" rel=\"noopener\">Fabien Binacchi<\/a><br \/>\n        <\/strong><\/p>\n<p>        Publi\u00e9 le<\/p>\n<p>            9 juin 2025 \u00e0 12h09        <\/p>\n<p>\u00ab\u2009Si vous voyez cette vid\u00e9o, c\u2019est que nous avons \u00e9t\u00e9 arr\u00eat\u00e9s\u2009\u00bb. Baptiste Andr\u00e9 et Pascal Maurieras ont laiss\u00e9 le message sur <a href=\"https:\/\/actu.fr\/tag\/reseaux-sociaux\" target=\"_blank\" rel=\"noopener\">les r\u00e9seaux sociaux<\/a>. Les deux <a href=\"https:\/\/actu.fr\/marseille\/\" target=\"_blank\" rel=\"noopener\">Marseillais<\/a> font partie des passagers du <strong>bateau humanitaire,<\/strong> intercept\u00e9 dans la nuit de ce lundi 9\u00a0juin 2025 par les autorit\u00e9s isra\u00e9liennes alors qu\u2019<strong>il faisait route vers Gaza.<\/strong><\/p>\n<p class=\" wall-content\">\n<p class=\" wall-content\">En compagnie notamment de l\u2019activiste su\u00e9doise <strong>Greta Thunberg<\/strong> et de la d\u00e9put\u00e9e europ\u00e9enne LFI <strong>Rima Hassan<\/strong>, ils avaient embarqu\u00e9 \u00e0 bord du Madleen le 1er\u00a0juin dernier, depuis l\u2019Italie. Qui sont-ils et quelles \u00e9taient leurs motivations\u2009?<\/p>\n<p>Un m\u00e9decin et un marin amateur<\/p>\n<p class=\" wall-content\">Sur X, le maire Beno\u00eet Payan a adress\u00e9 son \u00ab\u2009soutien aux deux Marseillais, dont un m\u00e9decin de l\u2019AP-HM\u2009\u00bb. Baptiste Andr\u00e9 est en effet <strong>\u00ab\u2009sp\u00e9cialiste en m\u00e9decine interne\u2009\u00bb<\/strong> \u00e0 l\u2019h\u00f4pital de la Timone. \u00c0 <a href=\"https:\/\/france3-regions.franceinfo.fr\/provence-alpes-cote-d-azur\/bouches-du-rhone\/marseille\/notre-action-est-politique-deux-marseillais-a-bord-du-navire-humanitaire-pour-gaza-alors-que-les-autorites-israeliennes-ordonnent-son-blocage-3167583.html\" target=\"_blank\" rel=\"noopener\">France 3 Provence,<\/a> il avait expliqu\u00e9 s\u2019\u00eatre engag\u00e9 \u00ab\u2009en tant que m\u00e9decin de bord pour prendre soin de la sant\u00e9 de l\u2019\u00e9quipage\u2009\u00bb et \u00ab\u2009faire en sorte de g\u00e9rer l\u2019angoisse\u2009\u00bb.<\/p>\n<p class=\" wall-content\">\u00c0 ses c\u00f4t\u00e9s, Pascal Maurieras, est <strong>\u00ab\u2009ing\u00e9nieur informatique de profession\u2009\u00bb<\/strong>, a indiqu\u00e9 la Ville de Marseille \u00e0 actu Marseille. <strong>Marin amateur<\/strong>, il \u00e9tait charg\u00e9, avec deux autres personnes, en relais toutes les quatre heures, de faire avancer le bateau jusqu\u2019\u00e0 son but.<\/p>\n<p class=\" wall-content\">\n<p class=\" wall-content\">Ils font partie d\u2019un \u00e9quipage de <strong>douze militants internationaux.<\/strong> En plus de cinq Fran\u00e7ais, au total, un Turc, un N\u00e9erlandais, un Espagnol, un Br\u00e9silien, une Allemande et la Su\u00e9doise Greta Thunberg ont embarqu\u00e9 dans ce bateau de la \u00ab\u2009Coalition de la flottille de la libert\u00e9\u2009\u00bb.<\/p>\n<p>Vid\u00e9os : en ce moment sur ActuUne cargaison \u00ab\u2009symbolique\u2009\u00bb<\/p>\n<p class=\" wall-content\">L\u2019organisation voulait \u00ab\u2009d\u00e9monter le si\u00e8ge ill\u00e9gal de Gaza par Isra\u00ebl et \u00e9tablir un couloir maritime\u2009\u00bb. \u00ab\u2009Notre action est politique. On cherche \u00e0 briser ce si\u00e8ge et \u00e0 ouvrir la voie \u00e0 d\u2019autres navires\u2009\u00bb, avait confirm\u00e9 Baptiste Andr\u00e9 \u00e0 nos confr\u00e8res.<\/p>\n<p class=\" wall-content\">Le Madleen emportait \u00e9galement dans ses soutes <strong>\u00ab\u2009une aide vitale\u2009\u00bb<\/strong>\u2009: de la nourriture, mais \u00e9galement des m\u00e9dicaments de premi\u00e8re n\u00e9cessit\u00e9 et du mat\u00e9riel m\u00e9dical.<\/p>\n<p class=\" wall-content\">Une cargaison \u00ab\u2009plus symbolique qu\u2019autre chose\u2009\u00bb, avait admis Pascal Maurieras, aussi interrog\u00e9 par le m\u00e9dia, ajoutant\u2009: \u00ab\u2009ce n\u2019est pas avec ces quelques centaines de kilos que l\u2019on va changer le cours des choses\u2009\u00bb. Le Marseillais esp\u00e9rait bien, par contre, \u00ab\u2009aller jusqu\u2019\u00e0 Gaza\u2009\u00bb car \u00ab\u2009\u00e7a serait symboliquement une victoire\u2009\u00bb.<\/p>\n<p>\u00ab\u2009Il est pr\u00e9vu qu\u2019ils retournent dans leur pays\u2009\u00bb<\/p>\n<p class=\" wall-content\">Les autorit\u00e9s isra\u00e9liennes ne l\u2019ont pas permis. Le bateau a \u00e9t\u00e9 intercept\u00e9. Et \u00ab\u2009il est pr\u00e9vu que les passagers retournent dans leurs pays\u2009\u00bb, a indiqu\u00e9 le minist\u00e8re des Affaires \u00e9trang\u00e8res isra\u00e9lien dans un communiqu\u00e9, ce lundi 9\u00a0juin 2025.<\/p>\n<p class=\" wall-content\">Dans la nuit, Freedom Flotilla Coalition a annonc\u00e9 que l\u2019arm\u00e9e isra\u00e9lienne avait arraisonn\u00e9 le Madleen et que <strong>l\u2019\u00e9quipage avait \u00e9t\u00e9 \u00ab\u2009kidnapp\u00e9\u2009\u00bb.<\/strong> Une vid\u00e9o de l\u2019intervention des forces arm\u00e9es a \u00e9t\u00e9 diffus\u00e9e par l\u2019organisation.<\/p>\n<p class=\" wall-content\">\n<p class=\" wall-content\">Les autorit\u00e9s d\u2019Isra\u00ebl, qui ont rebaptis\u00e9 le bateau le \u00ab\u2009selfie yacht\u2009\u00bb, <a href=\"https:\/\/x.com\/IsraelMFA\/status\/1931885257604645074\">ont publi\u00e9 des images<\/a> montrant une distribution de sandwiches et d\u2019eau aux passagers, \u00e9quip\u00e9s de gilets de sauvetage. \u00ab\u2009The show is over\u2009\u00bb, \u00ab\u2009le spectacle est fini\u2009\u00bb, a \u00e9galement tweet\u00e9 le minist\u00e8re des Affaires \u00e9trang\u00e8res isra\u00e9lien.<\/p>\n<p class=\" wall-content\">Suivez toute l\u2019actualit\u00e9 de vos villes et m\u00e9dias favoris en vous inscrivant \u00e0 <a href=\"https:\/\/moncompte.actu.fr\" title=\"D\u00e9couvez Mon Actu\" rel=\"nofollow noopener\" data-trk=\"{&quot;cta&quot;:{&quot;action&quot;:&quot;https:\\\/\\\/moncompte.actu.fr&quot;,&quot;category&quot;:&quot;mon compte&quot;,&quot;from&quot;:&quot;article footer&quot;,&quot;name&quot;:&quot;Mon actu&quot;,&quot;type&quot;:&quot;cta&quot;}}\" target=\"_blank\">Mon Actu<\/a>.<\/p>\n","protected":false},"excerpt":{"rendered":"Par Fabien Binacchi Publi\u00e9 le 9 juin 2025 \u00e0 12h09 \u00ab\u2009Si vous voyez cette vid\u00e9o, c\u2019est que nous&hellip;\n","protected":false},"author":2,"featured_media":163027,"comment_status":"","ping_status":"","sticky":false,"template":"","format":"standard","meta":{"footnotes":""},"categories":[2814],"tags":[1111,11,1777,674,1011,27,5643,884,12,882,25,104],"class_list":{"0":"post-163026","1":"post","2":"type-post","3":"status-publish","4":"format-standard","5":"has-post-thumbnail","7":"category-marseille","8":"tag-actu","9":"tag-actualites","10":"tag-eu","11":"tag-europe","12":"tag-fr","13":"tag-france","14":"tag-guerre-israel-hamas","15":"tag-marseille","16":"tag-news","17":"tag-provence-alpes-cote-dazur","18":"tag-republique-francaise","19":"tag-societe"},"share_on_mastodon":{"url":"https:\/\/pubeurope.com\/@fr\/114652942445007584","error":""},"_links":{"self":[{"href":"https:\/\/www.europesays.com\/fr\/wp-json\/wp\/v2\/posts\/163026","targetHints":{"allow":["GET"]}}],"collection":[{"href":"https:\/\/www.europesays.com\/fr\/wp-json\/wp\/v2\/posts"}],"about":[{"href":"https:\/\/www.europesays.com\/fr\/wp-json\/wp\/v2\/types\/post"}],"author":[{"embeddable":true,"href":"https:\/\/www.europesays.com\/fr\/wp-json\/wp\/v2\/users\/2"}],"replies":[{"embeddable":true,"href":"https:\/\/www.europesays.com\/fr\/wp-json\/wp\/v2\/comments?post=163026"}],"version-history":[{"count":0,"href":"https:\/\/www.europesays.com\/fr\/wp-json\/wp\/v2\/posts\/163026\/revisions"}],"wp:featuredmedia":[{"embeddable":true,"href":"https:\/\/www.europesays.com\/fr\/wp-json\/wp\/v2\/media\/163027"}],"wp:attachment":[{"href":"https:\/\/www.europesays.com\/fr\/wp-json\/wp\/v2\/media?parent=163026"}],"wp:term":[{"taxonomy":"category","embeddable":true,"href":"https:\/\/www.europesays.com\/fr\/wp-json\/wp\/v2\/categories?post=163026"},{"taxonomy":"post_tag","embeddable":true,"href":"https:\/\/www.europesays.com\/fr\/wp-json\/wp\/v2\/tags?post=163026"}],"curies":[{"name":"wp","href":"https:\/\/api.w.org\/{rel}","templated":true}]}}