{"id":163028,"date":"2025-06-09T10:30:13","date_gmt":"2025-06-09T10:30:13","guid":{"rendered":"https:\/\/www.europesays.com\/fr\/163028\/"},"modified":"2025-06-09T10:30:13","modified_gmt":"2025-06-09T10:30:13","slug":"lyon-yanary-befort-celebre-coach-meurt-dun-cancer-a-32-ans-ses-adieux-sont-dechirants","status":"publish","type":"post","link":"https:\/\/www.europesays.com\/fr\/163028\/","title":{"rendered":"Lyon. Yanary Befort, c\u00e9l\u00e8bre coach, meurt d\u2019un cancer \u00e0 32 ans : ses adieux sont d\u00e9chirants"},"content":{"rendered":"<p>            Par<br \/>\n        <strong><br \/>\n            <a href=\"https:\/\/actu.fr\/auteur\/anthony-soudani\" title=\"Consulter tous les articles de Anthony Soudani\" target=\"_blank\" rel=\"noopener\">Anthony Soudani<\/a><br \/>\n        <\/strong><\/p>\n<p>        Publi\u00e9 le<\/p>\n<p>            9 juin 2025 \u00e0 12h05        <\/p>\n<p>Des adieux d\u00e9chirants. Yanary Befort, <strong>coach sportive lyonnaise<\/strong> atteinte d\u2019un cancer colorectal, est d\u00e9c\u00e9d\u00e9e le dimanche 1er juin \u00e0 l\u2019\u00e2ge de 32 ans. Suivie par des dizaines de milliers de personnes sur <a href=\"https:\/\/actu.fr\/tag\/instagram\" target=\"_blank\" rel=\"noopener\">Instagram<\/a>, elle partageait son combat face \u00e0 la maladie. L\u2019annonce de sa mort a provoqu\u00e9 une vague d\u2019\u00e9motions sur les r\u00e9seaux sociaux.\u00a0<\/p>\n<p>\u00ab\u00a0Aujourd\u2019hui, je vais rester \u00e0 regarder les rayons du soleil\u2026\u00a0\u00bb<\/p>\n<p class=\" wall-content\">\u00ab\u00a0Je viens vous informer que Yanou, notre ange, est devenue une \u00e9toile pendant cette nuit\u2026 On vous remercie de chaque message, vous ne savez pas comment vous lui avez apport\u00e9 ses derniers jours, elle adorait lire tous vos jolis messages. Elle \u00e9tait tr\u00e8s contente de pouvoir toucher autant de monde avec de l\u2019espoir, partager de l\u2019amour comme elle a toujours fait\u00a0\u00bb, \u00e9crit l\u2019un de ses proches sur sa derni\u00e8re vid\u00e9o.<\/p>\n<p class=\" wall-content\"><a href=\"https:\/\/www.instagram.com\/p\/DKJeFBgoXyU\/embed\" title=\"Ouvrir le lien sur Instagram\" target=\"_blank\" rel=\"noopener\">Visualiser le contenu sur Instagram<\/a><\/p>\n<p class=\" wall-content\">Sur cette publication, la jeune femme apparaissait tr\u00e8s affaiblie, mais <strong>toujours positive<\/strong>. \u00ab\u00a0Aujourd\u2019hui, je vais rester \u00e0 regarder les rayons du soleil\u2026 prendre le temps\u2026 \u00eatre dans l\u2019instant pr\u00e9sent.\u00a0\u00bb<\/p>\n<p class=\" wall-content\"><a href=\"https:\/\/www.instagram.com\/p\/DKfQxJ6tNxb\/embed\" title=\"Ouvrir le lien sur Instagram\" target=\"_blank\" rel=\"noopener\">Visualiser le contenu sur Instagram<\/a><\/p>\n<p>Une course en son honneur au parc de la T\u00eate d\u2019Or<\/p>\n<p class=\" wall-content\">Un long message a \u00e9t\u00e9 publi\u00e9 sur sa page Instagram : \u00ab\u00a0Ces derniers temps, vos mots ont \u00e9t\u00e9 pour elle des lumi\u00e8res dans l\u2019ombre. Elle les lisait en silence avec gratitude.<strong> Chacun portait une \u00e9tincelle d\u2019amour<\/strong> qui lui donnait la force de continuer. Elle aurait aim\u00e9 r\u00e9pondre \u00e0 tous mais ne s\u2019attendait pas \u00e0 recevoir autant. Cette vague de tendresse l\u2019a profond\u00e9ment touch\u00e9e.\u00a0\u00bb<\/p>\n<p class=\" wall-content\">Yanary Befort a \u00e9t\u00e9 tr\u00e8s engag\u00e9e dans la lutte contre le cancer en lien avec le centre L\u00e9on-B\u00e9rard. Une course appel\u00e9e La Scintillante est organis\u00e9e, notamment en son honneur, au <a href=\"https:\/\/actu.fr\/auvergne-rhone-alpes\/lyon_69123\/lyon-ce-coin-ignore-du-parc-de-la-tete-d-or-va-devenir-un-paradis-vegetal-les-details_62656714.html\" target=\"_blank\" rel=\"noopener\">parc de la T\u00eate d\u2019Or<\/a> dimanche 28 septembre 2025.<\/p>\n<p>Vid\u00e9os : en ce moment sur Actu<\/p>\n<p class=\" wall-content\">Suivez toute l\u2019actualit\u00e9 de vos villes et m\u00e9dias favoris en vous inscrivant \u00e0 <a href=\"https:\/\/moncompte.actu.fr\" title=\"D\u00e9couvez Mon Actu\" rel=\"nofollow noopener\" data-trk=\"{&quot;cta&quot;:{&quot;action&quot;:&quot;https:\\\/\\\/moncompte.actu.fr&quot;,&quot;category&quot;:&quot;mon compte&quot;,&quot;from&quot;:&quot;article footer&quot;,&quot;name&quot;:&quot;Mon actu&quot;,&quot;type&quot;:&quot;cta&quot;}}\" target=\"_blank\">Mon Actu<\/a>.<\/p>\n<p>                    <script async src=\"\/\/www.instagram.com\/embed.js\"><\/script><\/p>\n","protected":false},"excerpt":{"rendered":"Par Anthony Soudani Publi\u00e9 le 9 juin 2025 \u00e0 12h05 Des adieux d\u00e9chirants. Yanary Befort, coach sportive lyonnaise&hellip;\n","protected":false},"author":2,"featured_media":163029,"comment_status":"","ping_status":"","sticky":false,"template":"","format":"standard","meta":{"footnotes":""},"categories":[1889],"tags":[1111,11,2430,1777,674,1011,27,2440,2428,12,25,104],"class_list":{"0":"post-163028","1":"post","2":"type-post","3":"status-publish","4":"format-standard","5":"has-post-thumbnail","7":"category-lyon","8":"tag-actu","9":"tag-actualites","10":"tag-auvergne-rhone-alpes","11":"tag-eu","12":"tag-europe","13":"tag-fr","14":"tag-france","15":"tag-instagram","16":"tag-lyon","17":"tag-news","18":"tag-republique-francaise","19":"tag-societe"},"share_on_mastodon":{"url":"https:\/\/pubeurope.com\/@fr\/114652946682289137","error":""},"_links":{"self":[{"href":"https:\/\/www.europesays.com\/fr\/wp-json\/wp\/v2\/posts\/163028","targetHints":{"allow":["GET"]}}],"collection":[{"href":"https:\/\/www.europesays.com\/fr\/wp-json\/wp\/v2\/posts"}],"about":[{"href":"https:\/\/www.europesays.com\/fr\/wp-json\/wp\/v2\/types\/post"}],"author":[{"embeddable":true,"href":"https:\/\/www.europesays.com\/fr\/wp-json\/wp\/v2\/users\/2"}],"replies":[{"embeddable":true,"href":"https:\/\/www.europesays.com\/fr\/wp-json\/wp\/v2\/comments?post=163028"}],"version-history":[{"count":0,"href":"https:\/\/www.europesays.com\/fr\/wp-json\/wp\/v2\/posts\/163028\/revisions"}],"wp:featuredmedia":[{"embeddable":true,"href":"https:\/\/www.europesays.com\/fr\/wp-json\/wp\/v2\/media\/163029"}],"wp:attachment":[{"href":"https:\/\/www.europesays.com\/fr\/wp-json\/wp\/v2\/media?parent=163028"}],"wp:term":[{"taxonomy":"category","embeddable":true,"href":"https:\/\/www.europesays.com\/fr\/wp-json\/wp\/v2\/categories?post=163028"},{"taxonomy":"post_tag","embeddable":true,"href":"https:\/\/www.europesays.com\/fr\/wp-json\/wp\/v2\/tags?post=163028"}],"curies":[{"name":"wp","href":"https:\/\/api.w.org\/{rel}","templated":true}]}}