{"id":163030,"date":"2025-06-09T10:31:11","date_gmt":"2025-06-09T10:31:11","guid":{"rendered":"https:\/\/www.europesays.com\/fr\/163030\/"},"modified":"2025-06-09T10:31:11","modified_gmt":"2025-06-09T10:31:11","slug":"il-egorge-des-moutons-sans-autorisation-la-police-intervient","status":"publish","type":"post","link":"https:\/\/www.europesays.com\/fr\/163030\/","title":{"rendered":"il \u00e9gorge des moutons sans autorisation, la police intervient"},"content":{"rendered":"<p>            Par<br \/>\n        <strong><br \/>\n            <a href=\"https:\/\/actu.fr\/auteur\/julien-damboise\" title=\"Consulter tous les articles de Julien Damboise\" rel=\"nofollow noopener\" target=\"_blank\">Julien Damboise<\/a><br \/>\n        <\/strong><\/p>\n<p>        Publi\u00e9 le<\/p>\n<p>            9 juin 2025 \u00e0 12h03        <\/p>\n<p>L\u2019<strong>A\u00efd el-K\u00e9bir<\/strong>, la f\u00eate la plus importante de l\u2019islam, a \u00e9t\u00e9 marqu\u00e9e par une intervention de police dans le Rh\u00f4ne, tout pr\u00e8s de <a href=\"https:\/\/actu.fr\/auvergne-rhone-alpes\/lyon_69123\" rel=\"nofollow noopener\" target=\"_blank\">Lyon<\/a>, vendredi 6 juin 2025.<\/p>\n<p class=\" wall-content\">Les agents ont d\u00e9mantel\u00e9 un <strong>atelier clandestin d\u2019abattage<\/strong> de moutons, ill\u00e9galement install\u00e9 sur un terrain priv\u00e9 de la commune de <a href=\"https:\/\/actu.fr\/auvergne-rhone-alpes\/grigny_69096\/pres-de-lyon-le-bebe-qui-a-bascule-du-4e-etage-d-un-immeuble-est-mort-a-l-hopital_62576775.html\" rel=\"nofollow noopener\" target=\"_blank\">Grigny-sur-Rh\u00f4ne<\/a>. Un suspect a \u00e9t\u00e9 interpell\u00e9. Plusieurs <strong>cadavres<\/strong> ont \u00e9t\u00e9 d\u00e9couverts, mais d\u2019autres b\u00eates ont \u00e9t\u00e9 sauv\u00e9es.<\/p>\n<p>    <a href=\"https:\/\/www.google.com\/maps\/embed?pb=!1m18!1m12!1m3!1d43412.08252757808!2d4.749242663464969!3d45.60938710360963!2m3!1f0!2f0!3f0!3m2!1i1024!2i768!4f13.1!3m3!1m2!1s0x47f4e6f1a3e51107%3A0xce69b1932dbc1a45!2sGrigny-sur-Rh%C3%B4ne!5e1!3m2!1sfr!2sfr!4v1749460547494!5m2!1sfr!2sfr\" title=\"Ouvrie le lien\" rel=\"nofollow noopener\" target=\"_blank\">Cliquez ici pour visualiser le contenu<\/a><\/p>\n<p>Une importante descente<\/p>\n<p class=\" wall-content\">Les policiers sont pass\u00e9s \u00e0 l\u2019action, comme l\u2019indique <a href=\"https:\/\/www.leprogres.fr\/faits-divers-justice\/2025\/06\/07\/la-police-stoppe-un-abattage-sauvage-de-moutons-a-grigny-19-betes-sauvees?at_content=photo&amp;at_term=leprogreslyon&amp;at_campaign=Twitter&amp;at_medium=Social&amp;at_source=nonli\" rel=\"nofollow noopener\" target=\"_blank\">Le Progr\u00e8s<\/a>, vendredi soir dans la commune situ\u00e9e pr\u00e8s de <a href=\"https:\/\/actu.fr\/auvergne-rhone-alpes\/oullins-pierre-benite_69149\/pres-de-lyon-le-gros-poisson-n-aurait-jamais-du-s-enerver-au-buffet-asiatique-a-volonte_62643730.html\" rel=\"nofollow noopener\" target=\"_blank\">Givors<\/a>. Ils ont cibl\u00e9 un terrain priv\u00e9 sur lequel un homme n\u2019h\u00e9sitait pas \u00e0 <strong>\u00e9gorger des moutons<\/strong> pour des sacrifices traditionnels, un <a href=\"https:\/\/actu.fr\/societe\/comment-se-deroule-l-aid-el-kebir-la-fete-du-sacrifice-celebree-vendredi-ce-que-dit-la-tradition-musulmane_62733859.html\" rel=\"nofollow noopener\" target=\"_blank\">moment <\/a>important pour les pratiquants de l\u2019islam.<\/p>\n<p class=\" wall-content\">L\u2019individu \u00e2g\u00e9 d\u2019une cinquantaine d\u2019ann\u00e9es a \u00e9t\u00e9 arr\u00eat\u00e9 et plac\u00e9 en garde \u00e0 vue vers 20 h. Il devrait \u00eatre poursuivi pour acte de <strong>cruaut\u00e9<\/strong> sur des animaux. D\u2019autant que des preuves de ses agissements ont \u00e9t\u00e9 trouv\u00e9es sur place.<\/p>\n<p>Vid\u00e9os : en ce moment sur ActuDes cadavres au sol<\/p>\n<p class=\" wall-content\">Plusieurs <strong>carcasses<\/strong> ont \u00e9t\u00e9 d\u00e9couvertes dans le terrain par les agents mobilis\u00e9s, ne laissant que peu de doute \u00e0 ce qu\u2019il s\u2019\u00e9tait pass\u00e9 juste avant leur arriv\u00e9e.\u00a0<\/p>\n<p class=\" wall-content\">Toutefois, d\u2019autres b\u00eates ont pu \u00eatre sauv\u00e9es. Un total de <strong>19 moutons<\/strong> auraient ainsi \u00e9t\u00e9 remis \u00e0 une association de protection animale pour \u00e9chapper \u00e0 la mort.<\/p>\n<p class=\" wall-content\">Aucun client n\u2019aurait \u00e9t\u00e9 interpell\u00e9 lors de l\u2019intervention de la police, mais une <strong>enqu\u00eate<\/strong> a \u00e9t\u00e9 ouverte.<\/p>\n<p>Des r\u00e8gles strictes<\/p>\n<p class=\" wall-content\">Aussi appel\u00e9e A\u00efd al-Adha, la c\u00e9l\u00e9bration musulmane est encadr\u00e9e par des <strong>r\u00e8gles strictes<\/strong> concernant l\u2019abattage des moutons :<\/p>\n<ul class=\" wall-content\">\n<li>Le transport et la livraison de bovins, moutons et ch\u00e8vres sont interdits en dehors des <strong>abattoirs agr\u00e9\u00e9s<\/strong> et des lieux d\u2019\u00e9levage r\u00e9guli\u00e8rement d\u00e9clar\u00e9s \u00e0 l\u2019\u00e9tablissement d\u00e9partemental d\u2019\u00e9levage<\/li>\n<li>Le <strong>don ou la vente des animaux<\/strong> de ces esp\u00e8ces \u00e0 d\u2019autres personnes que des professionnels de l\u2019\u00e9levage sont interdits<\/li>\n<li>La d\u00e9tention de ces <strong>animaux vivants<\/strong> par des personnes non d\u00e9clar\u00e9es comme \u00e9leveur \u00e0 l\u2019EDE est strictement interdite<\/li>\n<\/ul>\n<p class=\" wall-content\">La d\u00e9tention de bovins, moutons et ch\u00e8vres dans des conditions irr\u00e9guli\u00e8res ou leur transport dans des voitures exposent les particuliers \u00e0 des amendes de 750 euros. Plus puni encore, \u00ab\u00a0le recours \u00e0\u00a0l\u2019abattage hors abattoir\u00a0agr\u00e9\u00e9\u00a0\u00bb est\u00a0un d\u00e9lit\u00a0r\u00e9prim\u00e9 par une peine de\u00a0<strong>six mois d\u2019emprisonnement\u00a0et 15 000 euros<\/strong> d\u2019amende.<\/p>\n<p class=\" wall-content\">Suivez toute l\u2019actualit\u00e9 de vos villes et m\u00e9dias favoris en vous inscrivant \u00e0 <a href=\"https:\/\/moncompte.actu.fr\" title=\"D\u00e9couvez Mon Actu\" rel=\"nofollow noopener\" data-trk=\"{&quot;cta&quot;:{&quot;action&quot;:&quot;https:\\\/\\\/moncompte.actu.fr&quot;,&quot;category&quot;:&quot;mon compte&quot;,&quot;from&quot;:&quot;article footer&quot;,&quot;name&quot;:&quot;Mon actu&quot;,&quot;type&quot;:&quot;cta&quot;}}\" target=\"_blank\">Mon Actu<\/a>.<\/p>\n","protected":false},"excerpt":{"rendered":"Par Julien Damboise Publi\u00e9 le 9 juin 2025 \u00e0 12h03 L\u2019A\u00efd el-K\u00e9bir, la f\u00eate la plus importante de&hellip;\n","protected":false},"author":2,"featured_media":163031,"comment_status":"","ping_status":"","sticky":false,"template":"","format":"standard","meta":{"footnotes":""},"categories":[1889],"tags":[1111,11,1867,2430,1777,674,118,1011,27,5318,2428,12,25],"class_list":{"0":"post-163030","1":"post","2":"type-post","3":"status-publish","4":"format-standard","5":"has-post-thumbnail","7":"category-lyon","8":"tag-actu","9":"tag-actualites","10":"tag-animaux","11":"tag-auvergne-rhone-alpes","12":"tag-eu","13":"tag-europe","14":"tag-faits-divers","15":"tag-fr","16":"tag-france","17":"tag-islam","18":"tag-lyon","19":"tag-news","20":"tag-republique-francaise"},"share_on_mastodon":{"url":"https:\/\/pubeurope.com\/@fr\/114652950619836882","error":""},"_links":{"self":[{"href":"https:\/\/www.europesays.com\/fr\/wp-json\/wp\/v2\/posts\/163030","targetHints":{"allow":["GET"]}}],"collection":[{"href":"https:\/\/www.europesays.com\/fr\/wp-json\/wp\/v2\/posts"}],"about":[{"href":"https:\/\/www.europesays.com\/fr\/wp-json\/wp\/v2\/types\/post"}],"author":[{"embeddable":true,"href":"https:\/\/www.europesays.com\/fr\/wp-json\/wp\/v2\/users\/2"}],"replies":[{"embeddable":true,"href":"https:\/\/www.europesays.com\/fr\/wp-json\/wp\/v2\/comments?post=163030"}],"version-history":[{"count":0,"href":"https:\/\/www.europesays.com\/fr\/wp-json\/wp\/v2\/posts\/163030\/revisions"}],"wp:featuredmedia":[{"embeddable":true,"href":"https:\/\/www.europesays.com\/fr\/wp-json\/wp\/v2\/media\/163031"}],"wp:attachment":[{"href":"https:\/\/www.europesays.com\/fr\/wp-json\/wp\/v2\/media?parent=163030"}],"wp:term":[{"taxonomy":"category","embeddable":true,"href":"https:\/\/www.europesays.com\/fr\/wp-json\/wp\/v2\/categories?post=163030"},{"taxonomy":"post_tag","embeddable":true,"href":"https:\/\/www.europesays.com\/fr\/wp-json\/wp\/v2\/tags?post=163030"}],"curies":[{"name":"wp","href":"https:\/\/api.w.org\/{rel}","templated":true}]}}