{"id":163041,"date":"2025-06-09T10:37:20","date_gmt":"2025-06-09T10:37:20","guid":{"rendered":"https:\/\/www.europesays.com\/fr\/163041\/"},"modified":"2025-06-09T10:37:20","modified_gmt":"2025-06-09T10:37:20","slug":"les-jeux-olympiques-de-paris-auraient-rapporte-trois-fois-plus-que-prevu","status":"publish","type":"post","link":"https:\/\/www.europesays.com\/fr\/163041\/","title":{"rendered":"les Jeux olympiques de paris auraient rapport\u00e9 trois fois plus que pr\u00e9vu"},"content":{"rendered":"<p>Tous les superlatifs ont d\u00e9j\u00e0 \u00e9t\u00e9 employ\u00e9s apr\u00e8s les <a href=\"https:\/\/www.laprovence.com\/article\/sports\/8819750741271814\/jo-2024-les-plus-beaux-jeux-de-lhistoire\" target=\"_blank\" rel=\"noopener\">Jeux olympiques de Paris<\/a>. Et pr\u00e8s d&rsquo;un an plus tard, il sera probablement pour la derni\u00e8re fois l&rsquo;occasion de clamer la fiert\u00e9 de cet \u00e9v\u00e8nement \u00e0 jamais iconique.<\/p>\n<p>De retour de Los Angeles o\u00f9 il a particip\u00e9 \u00e0 des r\u00e9unions de pr\u00e9paration des prochains Jeux en 2028, le directeur de ceux de la capitale fran\u00e7aise en 2024 a r\u00e9v\u00e9l\u00e9 l&rsquo;exc\u00e9dent de recettes sur les d\u00e9penses, avait consid\u00e9rablement augment\u00e9 depuis son \u00e9valuation lors du Conseil d&rsquo;administration de d\u00e9cembre.<\/p>\n<p>\u00e0 vrai dire, il a quasiment tripl\u00e9, puisqu&rsquo;il y a six mois, le rapport annon\u00e7ait 26,8 millions d&rsquo;euros de b\u00e9n\u00e9fices quand le dernier en comptera a minima 76 \u00e0 l&rsquo;approche de la cl\u00f4ture d\u00e9finitive des contrats et des comptes de Paris-2024 d&rsquo;apr\u00e8s <a href=\"https:\/\/www.lequipe.fr\/Jo-2024-paris\/Tous-sports\/Actualites\/Largement-beneficiaires-les-jo-de-paris-2024-ont-rapporte-trois-fois-plus-que-prevu\/1568777\" target=\"_blank\" rel=\"noopener\">le quotidien L&rsquo;\u00c9quipe<\/a>.<\/p>\n<p>Une augmentation qui s&rsquo;explique par la fin de plusieurs gros contrats avec des partenaires dont la plus grande partie du solde restait \u00e0 r\u00e9gler pour la fin.<\/p>\n<p>Les recettes seront partag\u00e9es entre la vile h\u00f4te, le CIO, le CNOSF, et la majeure partie des b\u00e9n\u00e9fices (20 % soit 15,2 M\u20ac toujours d&rsquo;apr\u00e8s lequipe.fr) , est destin\u00e9e \u00e0 des projets de soutien au sport dans le pays h\u00f4te et \u00e0 ses athl\u00e8tes.<\/p>\n","protected":false},"excerpt":{"rendered":"Tous les superlatifs ont d\u00e9j\u00e0 \u00e9t\u00e9 employ\u00e9s apr\u00e8s les Jeux olympiques de Paris. Et pr\u00e8s d&rsquo;un an plus&hellip;\n","protected":false},"author":2,"featured_media":163042,"comment_status":"","ping_status":"","sticky":false,"template":"","format":"standard","meta":{"footnotes":""},"categories":[1888],"tags":[17,11,29589,1777,674,1011,27,330,22107,151,12,21053,626,17610,25,60],"class_list":{"0":"post-163041","1":"post","2":"type-post","3":"status-publish","4":"format-standard","5":"has-post-thumbnail","7":"category-paris","8":"tag-17","9":"tag-actualites","10":"tag-auraient","11":"tag-eu","12":"tag-europe","13":"tag-fr","14":"tag-france","15":"tag-jeux","16":"tag-jo-2024","17":"tag-les","18":"tag-news","19":"tag-olympiques","20":"tag-paris","21":"tag-rapporte","22":"tag-republique-francaise","23":"tag-sports"},"share_on_mastodon":{"url":"https:\/\/pubeurope.com\/@fr\/114652973946346569","error":""},"_links":{"self":[{"href":"https:\/\/www.europesays.com\/fr\/wp-json\/wp\/v2\/posts\/163041","targetHints":{"allow":["GET"]}}],"collection":[{"href":"https:\/\/www.europesays.com\/fr\/wp-json\/wp\/v2\/posts"}],"about":[{"href":"https:\/\/www.europesays.com\/fr\/wp-json\/wp\/v2\/types\/post"}],"author":[{"embeddable":true,"href":"https:\/\/www.europesays.com\/fr\/wp-json\/wp\/v2\/users\/2"}],"replies":[{"embeddable":true,"href":"https:\/\/www.europesays.com\/fr\/wp-json\/wp\/v2\/comments?post=163041"}],"version-history":[{"count":0,"href":"https:\/\/www.europesays.com\/fr\/wp-json\/wp\/v2\/posts\/163041\/revisions"}],"wp:featuredmedia":[{"embeddable":true,"href":"https:\/\/www.europesays.com\/fr\/wp-json\/wp\/v2\/media\/163042"}],"wp:attachment":[{"href":"https:\/\/www.europesays.com\/fr\/wp-json\/wp\/v2\/media?parent=163041"}],"wp:term":[{"taxonomy":"category","embeddable":true,"href":"https:\/\/www.europesays.com\/fr\/wp-json\/wp\/v2\/categories?post=163041"},{"taxonomy":"post_tag","embeddable":true,"href":"https:\/\/www.europesays.com\/fr\/wp-json\/wp\/v2\/tags?post=163041"}],"curies":[{"name":"wp","href":"https:\/\/api.w.org\/{rel}","templated":true}]}}