{"id":163047,"date":"2025-06-09T10:40:09","date_gmt":"2025-06-09T10:40:09","guid":{"rendered":"https:\/\/www.europesays.com\/fr\/163047\/"},"modified":"2025-06-09T10:40:09","modified_gmt":"2025-06-09T10:40:09","slug":"liran-va-soumettre-bientot-sa-propre-proposition-aux-etats-unis","status":"publish","type":"post","link":"https:\/\/www.europesays.com\/fr\/163047\/","title":{"rendered":"l&rsquo;Iran va soumettre bient\u00f4t sa propre proposition aux \u00c9tats-Unis"},"content":{"rendered":"<p>L\u2019Iran et les \u00c9tats-Unis ont tenu depuis avril cinq s\u00e9ries de pourparlers, sous la m\u00e9diation d\u2019Oman, afin de tenter de conclure un accord cens\u00e9 emp\u00eacher T\u00e9h\u00e9ran de se doter de l\u2019arme atomique en \u00e9change d\u2019une lev\u00e9e des sanctions qui paralysent son \u00e9conomie.<\/p>\n<p class=\"fig-paragraph\">L&rsquo;<a href=\"https:\/\/www.lefigaro.fr\/tag\/iran\" target=\"_blank\" rel=\"noopener nofollow\" data-gtm-custom-categorie=\"navigation\" data-gtm-custom-action=\"crossclick\" data-gtm-custom-label=\"Contextuel\" data-gtm-event=\"customEventSPE\">Iran<\/a>\u00a0a annonc\u00e9 lundi 9 juin qu&rsquo;il allait soumettre bient\u00f4t aux\u00a0<a href=\"https:\/\/www.lefigaro.fr\/tag\/etats-unis\" target=\"_blank\" rel=\"noopener nofollow\" data-gtm-custom-categorie=\"navigation\" data-gtm-custom-action=\"crossclick\" data-gtm-custom-label=\"Contextuel\" data-gtm-event=\"customEventSPE\">\u00c9tats-Unis<\/a>\u00a0sa propre proposition pour un accord sur le\u00a0<a href=\"http:\/\/www.lefigaro.fr\/international\/selon-trump-les-discussions-avec-l-iran-sur-le-nucleaire-sont-tres-tres-bonnes-20250526\" target=\"_blank\" data-fig-type=\"NewsFlash\" rel=\"noopener nofollow\" data-gtm-custom-categorie=\"navigation\" data-gtm-custom-action=\"crossclick\" data-gtm-custom-label=\"Contextuel\" data-gtm-event=\"customEventSPE\" data-fig-domain=\"LEFIGARO\">dossier nucl\u00e9aire iranien<\/a>, apr\u00e8s avoir critiqu\u00e9 une offre am\u00e9ricaine.<\/p>\n<p class=\"fig-paragraph\">\u00abUne fois finalis\u00e9, nous proposerons bient\u00f4t notre propre plan \u00e0 l&rsquo;autre partie, par l&rsquo;interm\u00e9diaire d&rsquo;Oman. C&rsquo;est une proposition raisonnable, logique et \u00e9quilibr\u00e9e, et nous recommandons vivement \u00e0 la partie am\u00e9ricaine de saisir cette occasion\u00bb, a dit le porte-parole des Affaires \u00e9trang\u00e8res, Esmaeil Baqaei, lors d&rsquo;un point de presse hebdomadaire \u00e0 T\u00e9h\u00e9ran.<\/p>\n<p>Le contenu de la proposition am\u00e9ricaine n\u2019est pas connu<\/p>\n<p class=\"fig-paragraph\">Il a critiqu\u00e9 la proposition am\u00e9ricaine, \u00abqui manque d&rsquo;\u00e9l\u00e9ments\u00bb, sans fournir plus de d\u00e9tails. La semaine derni\u00e8re, l&rsquo;Iran avait dit avoir re\u00e7u des \u00ab\u00e9l\u00e9ments\u00bb d&rsquo;une proposition am\u00e9ricaine d&rsquo;accord, mais avait estim\u00e9 qu&rsquo;elle contenait de \u00abnombreuses ambigu\u00eft\u00e9s\u00bb.<\/p>\n<p class=\"fig-paragraph\">Le contenu de la proposition am\u00e9ricaine n&rsquo;est pas connu. Mais dimanche, le pr\u00e9sident du Parlement iranien, Mohammad-Bagher Ghalibaf, a d\u00e9clar\u00e9 qu&rsquo;elle n&rsquo;incluait pas la lev\u00e9e des sanctions \u00e9conomiques contre l&rsquo;Iran.<\/p>\n<p class=\"fig-paragraph\">\u00abLe fait que le plan am\u00e9ricain ne mentionne m\u00eame pas la lev\u00e9e des sanctions montre clairement que le comportement des \u00c9tats-Unis (&#8230;) est contradictoire et manque d&rsquo;honn\u00eatet\u00e9\u00bb, a d\u00e9clar\u00e9 Mohammad-Bagher Ghalibaf, selon une vid\u00e9o diffus\u00e9e par la t\u00e9l\u00e9vision d&rsquo;\u00c9tat. \u00abAucune logique rationnelle ne peut accepter un tel accord unilat\u00e9ral et impos\u00e9\u00bb, a-t-il poursuivi, estimant que le pr\u00e9sident am\u00e9ricain devrait \u00abchanger d&rsquo;approche s&rsquo;il cherche vraiment un accord\u00bb.<\/p>\n<p>Pourparlers depuis le mois d\u2019avril<\/p>\n<p class=\"fig-paragraph\">Ennemis depuis plus de quatre d\u00e9cennies, l&rsquo;Iran et les \u00c9tats-Unis ont tenu depuis avril cinq s\u00e9ries de pourparlers, sous la m\u00e9diation d&rsquo;Oman, afin de tenter de conclure un accord cens\u00e9 emp\u00eacher T\u00e9h\u00e9ran de se doter de l&rsquo;arme atomique en \u00e9change d&rsquo;une lev\u00e9e des sanctions qui paralysent son \u00e9conomie.<\/p>\n<p class=\"fig-paragraph\">Les n\u00e9gociations, qui marquent le pas, achoppent notamment sur la question de l&rsquo;enrichissement d&rsquo;uranium: les \u00c9tats-Unis demandent que l&rsquo;Iran y renonce totalement, mai T\u00e9h\u00e9ran refuse, d\u00e9fendant ce qu&rsquo;il dit \u00eatre son droit en vertu du trait\u00e9 de non-prolif\u00e9ration nucl\u00e9aire (TNP) dont il est signataire.<\/p>\n<p>R\u00e9union de l&rsquo;AIEA<\/p>\n<p class=\"fig-paragraph\">Les \u00c9tats-Unis et leurs alli\u00e9s occidentaux ainsi qu&rsquo;Isra\u00ebl, consid\u00e9r\u00e9 par des experts comme la seule puissance nucl\u00e9aire au Moyen-Orient, accusent depuis longtemps la R\u00e9publique islamique d&rsquo;Iran de chercher \u00e0 se doter de l&rsquo;arme atomique, ce qu&rsquo;elle a toujours ni\u00e9. T\u00e9h\u00e9ran r\u00e9clame la lev\u00e9e des sanctions en \u00e9change de garanties que son programme nucl\u00e9aire est uniquement destin\u00e9 \u00e0 des fins pacifiques.<\/p>\n<p class=\"fig-paragraph\">Mercredi dernier, le guide supr\u00eame d&rsquo;Iran, l&rsquo;ayatollah Ali Khamenei, a qualifi\u00e9 la proposition am\u00e9ricaine de \u00ab100 % contraire\u00bb \u00e0 la volont\u00e9 iranienne d&rsquo;ind\u00e9pendance et d&rsquo;autosuffisance.<\/p>\n<p class=\"fig-paragraph\">L&rsquo;Iran a en outre menac\u00e9 dimanche de r\u00e9duire sa coop\u00e9ration avec l&rsquo;Agence internationale de l&rsquo;\u00e9nergie atomique (AIEA) si une r\u00e9solution lui \u00e9tant d\u00e9favorable \u00e9tait adopt\u00e9e lors d&rsquo;une r\u00e9union du Conseil des gouverneurs de l&rsquo;agence, qui d\u00e9bute lundi \u00e0 Vienne. \u00abIl est certain que l&rsquo;AIEA ne doit pas s&rsquo;attendre \u00e0 ce que l&rsquo;Iran poursuive sa coop\u00e9ration large et amicale\u00bb, a d\u00e9clar\u00e9 Behrouz Kamalvandi, porte-parole de l&rsquo;Organisation iranienne de l&rsquo;\u00e9nergie atomique.<\/p>\n<p class=\"fig-paragraph\">Selon des sources diplomatiques, les Europ\u00e9ens et les \u00c9tats-Unis ont l&rsquo;intention de soumettre au Conseil des gouverneurs de l&rsquo;AIEA une r\u00e9solution contre l&rsquo;Iran, avec une menace de renvoi du dossier devant les Nations unies.<\/p>\n","protected":false},"excerpt":{"rendered":"L\u2019Iran et les \u00c9tats-Unis ont tenu depuis avril cinq s\u00e9ries de pourparlers, sous la m\u00e9diation d\u2019Oman, afin de&hellip;\n","protected":false},"author":2,"featured_media":163048,"comment_status":"","ping_status":"","sticky":false,"template":"","format":"standard","meta":{"footnotes":""},"categories":[1589],"tags":[259,11,260,73,1866,14,3019,261,12,5654,262,1864,1865,1863,308],"class_list":{"0":"post-163047","1":"post","2":"type-post","3":"status-publish","4":"format-standard","5":"has-post-thumbnail","7":"category-etats-unis","8":"tag-actualite-internationale","9":"tag-actualites","10":"tag-affaires-etrangeres","11":"tag-etats-unis","12":"tag-etats-unis-damerique","13":"tag-international","14":"tag-iran","15":"tag-ministere-des-affaires-etrangeres","16":"tag-news","17":"tag-nucleaire","18":"tag-politique-etrangere","19":"tag-united-states","20":"tag-united-states-of-america","21":"tag-us","22":"tag-usa"},"share_on_mastodon":{"url":"https:\/\/pubeurope.com\/@fr\/114652985654984948","error":""},"_links":{"self":[{"href":"https:\/\/www.europesays.com\/fr\/wp-json\/wp\/v2\/posts\/163047","targetHints":{"allow":["GET"]}}],"collection":[{"href":"https:\/\/www.europesays.com\/fr\/wp-json\/wp\/v2\/posts"}],"about":[{"href":"https:\/\/www.europesays.com\/fr\/wp-json\/wp\/v2\/types\/post"}],"author":[{"embeddable":true,"href":"https:\/\/www.europesays.com\/fr\/wp-json\/wp\/v2\/users\/2"}],"replies":[{"embeddable":true,"href":"https:\/\/www.europesays.com\/fr\/wp-json\/wp\/v2\/comments?post=163047"}],"version-history":[{"count":0,"href":"https:\/\/www.europesays.com\/fr\/wp-json\/wp\/v2\/posts\/163047\/revisions"}],"wp:featuredmedia":[{"embeddable":true,"href":"https:\/\/www.europesays.com\/fr\/wp-json\/wp\/v2\/media\/163048"}],"wp:attachment":[{"href":"https:\/\/www.europesays.com\/fr\/wp-json\/wp\/v2\/media?parent=163047"}],"wp:term":[{"taxonomy":"category","embeddable":true,"href":"https:\/\/www.europesays.com\/fr\/wp-json\/wp\/v2\/categories?post=163047"},{"taxonomy":"post_tag","embeddable":true,"href":"https:\/\/www.europesays.com\/fr\/wp-json\/wp\/v2\/tags?post=163047"}],"curies":[{"name":"wp","href":"https:\/\/api.w.org\/{rel}","templated":true}]}}