{"id":163063,"date":"2025-06-09T10:49:11","date_gmt":"2025-06-09T10:49:11","guid":{"rendered":"https:\/\/www.europesays.com\/fr\/163063\/"},"modified":"2025-06-09T10:49:11","modified_gmt":"2025-06-09T10:49:11","slug":"news-en-bref-lactualite-sportive-en-un-coup-doeil","status":"publish","type":"post","link":"https:\/\/www.europesays.com\/fr\/163063\/","title":{"rendered":"News en bref: L\u2019actualit\u00e9 sportive en un coup d\u2019oeil"},"content":{"rendered":"<p>09.06 &#8211; Volleyball : la Suissesse Maja Storck change d\u2019air<\/p>\n<p class=\"a-paragraph\" data-t-name=\"Paragraph\">L&rsquo;internationale suisse Maja Storck (26 ans) va d\u00e9couvrir un nouveau championnat. La B\u00e2loise, qui a d\u00e9j\u00e0 \u00e9volu\u00e9 en Allemagne et en Italie, jouera la saison prochaine en Pologne avec Budowlani Lodz.<\/p>\n<p>07.06 &#8211; Volleyball : Fiona Maeder \u00e0 B\u00e9ziers<\/p>\n<p class=\"a-paragraph\" data-t-name=\"Paragraph\">Une troisi\u00e8me Suissesse \u00e9voluera la saison prochaine \u00e0 B\u00e9ziers. Apr\u00e8s Chiara Ammirati et M\u00e9line Pierret, l&rsquo;internationale Fiona Maeder (21 ans) tente \u00e0 son tour l&rsquo;aventure en France apr\u00e8s deux ans sous les couleurs de la Volleyball Academy et une nomination de \u00abYoungster of the Year\u00bb.<\/p>\n<p>07.06 &#8211; Tour de Slov\u00e9nie : Fabio Christen perd son maillot de leader<\/p>\n<p class=\"a-paragraph\" data-t-name=\"Paragraph\">Fabio Christen (22 ans) a perdu son maillot de leader \u00e0 un jour de la fin du Tour de Slov\u00e9nie. L&rsquo;Argovien, fr\u00e8re de Jan Christen, a pris la 18e place de la grande \u00e9tape de montagne. Au g\u00e9n\u00e9ral, il se retrouve au 5e rang \u00e0 50 secondes du nouveau leader, le Norv\u00e9gien Anders Halland Johannessen.<\/p>\n<p>07.06 &#8211; Tour de Catalogne : Elise Chabbey perd son maillot<\/p>\n<p class=\"a-paragraph\" data-t-name=\"Paragraph\">Elise Chabbey n&rsquo;est plus la leader du Tour de Catalogne apr\u00e8s la 2e \u00e9tape. La Genevoise a pris une belle quatri\u00e8me place, mais \u00e0 2&rsquo;07\u00a0\u00bbAu classement g\u00e9n\u00e9ral, Elise Chabbey occupe d\u00e9sormais la deuxi\u00e8me place, \u00e0 deux minutes de Demi Vollering. de la N\u00e9erlandaise Demi Vollering au sommet du Coll de Pal.<\/p>\n<p>05.06 &#8211; Cyclisme : Fabio Christen reste en t\u00eate en\u00a0Slov\u00e9nie<\/p>\n<p class=\"a-paragraph\" data-t-name=\"Paragraph\">Fabio Christen, le fr\u00e8re de Jan Christen, a d\u00e9fendu avec succ\u00e8s son maillot de leader lors de la 3e \u00e9tape du Tour de Slov\u00e9nie avec son \u00e9quipe Q36.5. L&rsquo;Argovien de 22 ans a franchi la ligne d&rsquo;arriv\u00e9e avec le peloton lors de l&rsquo;\u00e9tape de plaine. Son avance sur le Norv\u00e9gien Anders Johannessen est toujours de 16 secondes. Le tour se termine dimanche. L&rsquo;\u00e9tape-reine avec une mont\u00e9e finale de 1000 m\u00e8tres de d\u00e9nivel\u00e9 est pr\u00e9vue samedi.<\/p>\n<p>05.06 &#8211; NHL : l\u2019entra\u00eeneur Marco Sturm \u00e9crit l\u2019histoire<\/p>\n<p class=\"a-paragraph\" data-t-name=\"Paragraph\">Marco Sturm sera le premier coach allemand \u00e0 diriger un club de NHL. Vice-champion olympique avec l&rsquo;Allemagne en 2018, Marco Sturm (46 ans) a \u00e9t\u00e9 nomm\u00e9 \u00e0 la t\u00eate des Boston Bruins pour assumer la succession de Joe Sacco.<\/p>\n<p>05.06 &#8211; Basketball : les Suissesses encore battues par la Serbie<\/p>\n<p class=\"a-paragraph\" data-t-name=\"Paragraph\">A Fribourg, la Suisse a conc\u00e9d\u00e9 une deuxi\u00e8me d\u00e9faite en l&rsquo;espace de 24 heures face \u00e0 la Serbie dans le cadre de sa pr\u00e9paration pour le prochain Euro au Pir\u00e9e. Battues 98-68 mercredi, les Suissesses se sont inclin\u00e9es 80-59 jeudi. Elles ont r\u00e9ussi une tr\u00e8s belle entame de match pour remporter 23-21 le premier quarter.<\/p>\n<p>05.06 &#8211; Cyclisme : un Suisse en t\u00eate du Tour de Slov\u00e9nie<\/p>\n<p class=\"a-paragraph\" data-t-name=\"Paragraph\">Fabio Christen occupe la t\u00eate du classement g\u00e9n\u00e9ral du Tour de Slov\u00e9nie. L\u2019Argovien de 22 ans a pris la main gr\u00e2ce \u00e0 son succ\u00e8s lors de la deuxi\u00e8me \u00e9tape acquis sur le tapis vert apr\u00e8s la disqualification du Portugais Rui Oliveira. Membre de l\u2019\u00e9quipe suisse Pro-Team Q36.5, Fabio Christen n&rsquo;a, dans un premier temps, \u00e9t\u00e9 devanc\u00e9 que par Rui Oliveira dans un sprint qui a conclu une \u00e9chapp\u00e9e de sept coureurs. Apr\u00e8s la disqualification du coureur de l&rsquo;UAE, l&rsquo;Argovien poss\u00e8de au classement g\u00e9n\u00e9ral une marge de 16 secondes sur le Norv\u00e9gien Anders Johannessen.<\/p>\n<p>05.06 &#8211; Football f\u00e9minin : Naomi Luyet d&rsquo;YB \u00e0 Hoffenheim<\/p>\n<p class=\"a-paragraph\" data-t-name=\"Paragraph\">Apr\u00e8s avoir remport\u00e9 le titre de championne de Suisse, l&rsquo;internationale helv\u00e9tique Naomi Luyet quitte l&rsquo;\u00e9quipe f\u00e9minine d&rsquo;YB pour la Bundesliga. La joueuse offensive de 19 ans rejoint le TSG Hoffenheim. Luyet, qui a jusqu&rsquo;\u00e0 pr\u00e9sent \u00e9t\u00e9 s\u00e9lectionn\u00e9e cinq fois en \u00e9quipe de Suisse, a jou\u00e9 les deux derni\u00e8res saisons avec les Bernoises.<\/p>\n<p>04.06 &#8211; Basketball : large d\u00e9faite des Suissesses<\/p>\n<p class=\"a-paragraph\" data-t-name=\"Paragraph\">La Suisse a conc\u00e9d\u00e9 une lourde d\u00e9faite \u00e0 Fribourg face \u00e0 la Serbie dans le cadre de sa pr\u00e9paration pour le prochain Euro au Pir\u00e9e. Les Suissesses se sont inclin\u00e9es 98-68. Les deux \u00e9quipes seront \u00e0 nouveau oppos\u00e9es ce jeudi.<\/p>\n<p>04.06 &#8211; Volleyball : M\u00e9line Pierret signe \u00e0 B\u00e9ziers<\/p>\n<p class=\"a-paragraph\" data-t-name=\"Paragraph\">La passeuse fribourgeoise M\u00e9line Pierret quitte le Neuch\u00e2tel UC apr\u00e8s avoir remport\u00e9 le doubl\u00e9 pour tenter l&rsquo;exp\u00e9rience \u00e0 l&rsquo;\u00e9tranger. L&rsquo;internationale suisse de 26 ans portera d\u00e9sormais les couleurs de B\u00e9ziers, indique Swiss Volley.<\/p>\n<p>04.06 &#8211; Super League : Philip Otele reste \u00e0 B\u00e2le<\/p>\n<p class=\"a-paragraph\" data-t-name=\"Paragraph\">Le FC B\u00e2le a activ\u00e9 l&rsquo;option d&rsquo;achat de Philip Otele. Pr\u00eat\u00e9 en d\u00e9but d&rsquo;ann\u00e9e par le club \u00e9mirien d&rsquo;Al Wahda, le Nig\u00e9rian s&rsquo;est avanc\u00e9 comme l&rsquo;un des artisans du doubl\u00e9 r\u00e9ussi par le FCB ce printemps. L&rsquo;ailier de 26 ans a sign\u00e9 un contrat qui court jusqu&rsquo;au 30 juin 2028.<\/p>\n<p>03.06 &#8211; Super League : Giotto Morandi passe de GC \u00e0 Servette<\/p>\n<p class=\"a-paragraph\" data-t-name=\"Paragraph\">Giotto Morandi quitte les Grasshoppers apr\u00e8s six ann\u00e9es pour s&rsquo;engager avec Servette. Le milieu de terrain offensif a sign\u00e9 un contrat valable jusqu&rsquo;\u00e0 l&rsquo;\u00e9t\u00e9 2028 avec le deuxi\u00e8me de Super League. Morandi a disput\u00e9 157 matches avec GC, a marqu\u00e9 25 buts et en a pr\u00e9par\u00e9 27. Lors des trois derniers matches de la saison, le Tessinois de 26 ans n&rsquo;a plus jou\u00e9 pour les Zurichois en raison d&rsquo;une suspension interne.<\/p>\n<p>03.06 &#8211; National League : Floran Douay de retour au LHC<\/p>\n<p class=\"a-paragraph\" data-t-name=\"Paragraph\">Floran Douay (30 ans) revient au Lausanne HC, a indiqu\u00e9 le club vaudois. L&rsquo;attaquant fran\u00e7ais \u00e0 licence suisse avait d\u00e9j\u00e0 port\u00e9 les couleurs du LHC de 2020 \u00e0 octobre 2022. Douay a sign\u00e9 pour une saison avec le vice-champion de Suisse. Il a disput\u00e9 les deux derni\u00e8res saisons avec Ambri-Piotta apr\u00e8s un passage \u00e0 Langnau. Il a d\u00e9j\u00e0 jou\u00e9 464 matches en National League et inscrit 82 points.<\/p>\n<p>03.06 &#8211; National League : Lugano s\u2019offre un joueur de NHL<\/p>\n<p class=\"a-paragraph\" data-t-name=\"Paragraph\">Le HC Lugano a engag\u00e9 pour deux saisons le Finlandais Rasmus Kupari (25 ans). Cet attaquant \u00e9voluait jusqu&rsquo;ici en NHL avec les Winnipeg Jets, o\u00f9 il a c\u00f4toy\u00e9 Nino Niederreiter. Avant cela, il a \u00e9t\u00e9 co\u00e9quipier de Kevin Fiala avec les Los Angeles Kings.<\/p>\n<p>03.06 &#8211; Super League : Zachary Athekame prolonge \u00e0 YB<\/p>\n<p class=\"a-paragraph\" data-t-name=\"Paragraph\">Les Young Boys ont prolong\u00e9 d&rsquo;un an le contrat du d\u00e9fenseur Zachary Athekame (20 ans). Les deux parties sont d\u00e9sormais li\u00e9es jusqu&rsquo;\u00e0 fin juin 2029. S\u00e9lectionn\u00e9 dix fois en \u00e9quipe de Suisse M21, Athekame \u00e9volue \u00e0 YB depuis le d\u00e9but de la saison 2024\/25. Le Genevois avait auparavant jou\u00e9 en Challenge League avec Neuch\u00e2tel Xamax de 2022 \u00e0 2024.<\/p>\n<p>03.06 &#8211; VTT : coup dur pour la Neuch\u00e2teloise Lisa Baumann<\/p>\n<p class=\"a-paragraph\" data-t-name=\"Paragraph\">Championne d&rsquo;Europe de la descente, Lisa Baumann doit observer une longue pause. La Neuch\u00e2teloise souffre d&rsquo;une fracture de la clavicule, r\u00e9v\u00e8le-t-elle sur Instagram, apr\u00e8s sa chute le week-end dernier lors de l&rsquo;\u00e9preuve Coupe du monde de Loudenvielle.<\/p>\n<p>03.06 &#8211; Course d&rsquo;orientation : les Europ\u00e9ens 2027 \u00e0 Thoune<\/p>\n<p class=\"a-paragraph\" data-t-name=\"Paragraph\">Le championnat d&rsquo;Europe 2027 se d\u00e9roulera \u00e0 Thoune. Les comp\u00e9titions y auront lieu entre le 28 septembre et le 3 octobre. Il s&rsquo;agira en l&rsquo;occurrence du sprint, du sprint par \u00e9limination et des relais. La Suisse a d\u00e9j\u00e0 accueilli trois fois les Europ\u00e9ens, en 1964 (Le Brassus), 2018 (Tessin) et 2021 (Neuch\u00e2tel).<\/p>\n<p>02.06 &#8211; LaLiga : Antoine Griezmann prolonge avec l\u2019Atl\u00e9tico<\/p>\n<p class=\"a-paragraph\" data-t-name=\"Paragraph\">L&rsquo;attaquant fran\u00e7ais Antoine Griezmann (34 ans) a prolong\u00e9 son contrat avec l&rsquo;Atl\u00e9tico Madrid jusqu&rsquo;en 2027, a annonc\u00e9 le club. Le joueur \u00e9tait annonc\u00e9 avec insistance en MLS, le championnat nord-am\u00e9ricain.<\/p>\n<p>02.06 &#8211; Football : Paolo Tramezzani \u00e0 la t\u00eate de l&rsquo;AEL Limassol<\/p>\n<p class=\"a-paragraph\" data-t-name=\"Paragraph\">Paolo Tramezzani rebondit \u00e0 Chypre. L\u2019entra\u00eeneur italien, rel\u00e9gu\u00e9 avec Yverdon en Challenge League deux ans apr\u00e8s l\u2019avoir \u00e9t\u00e9 avec le FC Sion, dirigera l\u2019AEL Limassol qui a boucl\u00e9 son championnat \u00e0 la 8e place.<\/p>\n<p>02.06 &#8211; National League : Alessio Bertaggia revient \u00e0 Lugano<\/p>\n<p class=\"a-paragraph\" data-t-name=\"Paragraph\">Champion de Suisse avec Gen\u00e8ve-Servette en 2023, Alessio Bertaggia rentre au bercail. L\u2019attaquant tessinois de 31 ans s\u2019est engag\u00e9 pour les trois prochaines saisons avec le HC Lugano, son club formateur.<\/p>\n","protected":false},"excerpt":{"rendered":"09.06 &#8211; Volleyball : la Suissesse Maja Storck change d\u2019air L&rsquo;internationale suisse Maja Storck (26 ans) va d\u00e9couvrir&hellip;\n","protected":false},"author":2,"featured_media":163064,"comment_status":"","ping_status":"","sticky":false,"template":"","format":"standard","meta":{"footnotes":""},"categories":[1417],"tags":[1011,27,60,1470,1469],"class_list":{"0":"post-163063","1":"post","2":"type-post","3":"status-publish","4":"format-standard","5":"has-post-thumbnail","7":"category-volley","8":"tag-fr","9":"tag-france","10":"tag-sports","11":"tag-volley","12":"tag-volleyball"},"share_on_mastodon":{"url":"https:\/\/pubeurope.com\/@fr\/114653021025504104","error":""},"_links":{"self":[{"href":"https:\/\/www.europesays.com\/fr\/wp-json\/wp\/v2\/posts\/163063","targetHints":{"allow":["GET"]}}],"collection":[{"href":"https:\/\/www.europesays.com\/fr\/wp-json\/wp\/v2\/posts"}],"about":[{"href":"https:\/\/www.europesays.com\/fr\/wp-json\/wp\/v2\/types\/post"}],"author":[{"embeddable":true,"href":"https:\/\/www.europesays.com\/fr\/wp-json\/wp\/v2\/users\/2"}],"replies":[{"embeddable":true,"href":"https:\/\/www.europesays.com\/fr\/wp-json\/wp\/v2\/comments?post=163063"}],"version-history":[{"count":0,"href":"https:\/\/www.europesays.com\/fr\/wp-json\/wp\/v2\/posts\/163063\/revisions"}],"wp:featuredmedia":[{"embeddable":true,"href":"https:\/\/www.europesays.com\/fr\/wp-json\/wp\/v2\/media\/163064"}],"wp:attachment":[{"href":"https:\/\/www.europesays.com\/fr\/wp-json\/wp\/v2\/media?parent=163063"}],"wp:term":[{"taxonomy":"category","embeddable":true,"href":"https:\/\/www.europesays.com\/fr\/wp-json\/wp\/v2\/categories?post=163063"},{"taxonomy":"post_tag","embeddable":true,"href":"https:\/\/www.europesays.com\/fr\/wp-json\/wp\/v2\/tags?post=163063"}],"curies":[{"name":"wp","href":"https:\/\/api.w.org\/{rel}","templated":true}]}}