{"id":163077,"date":"2025-06-09T10:57:10","date_gmt":"2025-06-09T10:57:10","guid":{"rendered":"https:\/\/www.europesays.com\/fr\/163077\/"},"modified":"2025-06-09T10:57:10","modified_gmt":"2025-06-09T10:57:10","slug":"une-figure-des-grosses-tetes-transportee-durgence-a-lhopital-deux-tonneaux-sur-lautoroute","status":"publish","type":"post","link":"https:\/\/www.europesays.com\/fr\/163077\/","title":{"rendered":"une figure des Grosses T\u00eates transport\u00e9e d\u2019urgence \u00e0 l\u2019h\u00f4pital, \u00ab\u00a0Deux tonneaux sur l&rsquo;autoroute\u00a0\u00bb"},"content":{"rendered":"<p>Laurent Ruquier a su donner un souffle nouveau \u00e0 l\u2019\u00e9mission Les<br \/>\nGrosses T\u00eates. Depuis qu\u2019il a pris les r\u00eanes du programme en 2014,<br \/>\nles choses sont devenues encore meilleures. En effet, il a<br \/>\ntransform\u00e9 ce rendez-vous radiophonique en un moment de pure<br \/>\nconvivialit\u00e9. Dans la joie et la bonne humeur, l\u2019animateur et sa<br \/>\nbande cr\u00e9ent une atmosph\u00e8re chaleureuse o\u00f9 les blagues fusent et<br \/>\nles anecdotes s\u2019encha\u00eenent.<\/p>\n<p>Un d\u00e9part forc\u00e9<\/p>\n<p>Chaque jour, Laurent Ruquier et son \u00e9mission Les Grosses t\u00eates<br \/>\nfont le bonheur des auditeurs. Une joie que l\u2019animateur partage<br \/>\n\u00e9galement avec Julie Leclerc. Pendant des ann\u00e9es, cette derni\u00e8re a<br \/>\n\u00e9t\u00e9 l\u2019une des voix marquantes d\u2019Europe 1. Mais un beau jour,<br \/>\n<a href=\"https:\/\/www.melty.fr\/people\/mort-de-gerard-leclerc-son-frere-julien-clerc-a-appris-la-nouvelle-dune-triste-maniere-1131595.html\" target=\"_blank\" rel=\"noopener\"><br \/>\nla veuve de G\u00e9rard Leclerc<\/a> a vu son aventure se terminer dans<br \/>\nla station apr\u00e8s plusieurs d\u00e9cennies. Un v\u00e9ritable coup dur pour la<br \/>\nspeakerine.<\/p>\n<p>\u201cJ\u00a0\u00bb\u00e9tais en vacances, je l&rsquo;ai appris par un coup de fil. [\u2026]<br \/>\n<strong>Je ne faisais plus que Canteloup, donc si Canteloup arr\u00eate,<br \/>\nj&rsquo;arr\u00eate<\/strong>. Il devait faire l&rsquo;ann\u00e9e qui vient [\u2026] donc<br \/>\nj&rsquo;\u00e9tais persuad\u00e9e qu&rsquo;on ferait encore une ann\u00e9e\u201d, avait-elle<br \/>\nr\u00e9v\u00e9l\u00e9. Avant de poursuivre : \u201cDonc on est partis tranquilles,<br \/>\n\u00e0 bient\u00f4t. Puis on m&rsquo;a parl\u00e9 de l&rsquo;arr\u00eat de Nicolas Canteloup. [&#8230;]<br \/>\n<strong>Nicolas arr\u00eate, tu arr\u00eates aussi<\/strong>.\u201d Une<br \/>\n\u00e9viction qui a pouss\u00e9 Julie Leclerc vers RTL.<\/p>\n<p>Laurent Ruquier fait une annonce inattendue<\/p>\n<p>La 4 juin dernier, les auditeurs ont retrouv\u00e9 Laurent Ruquier et<br \/>\nsa bande pour un nouveau num\u00e9ro des Grosses T\u00eates. Pr\u00e9sente sur le<br \/>\nplateau de l\u2019\u00e9mission, Julie Leclerc a \u00e9t\u00e9 interpell\u00e9e par<br \/>\nl\u2019animateur. Et il faut dire que personne ne s\u2019attendait \u00e0 ce qui<br \/>\nallait suivre. En effet, <a href=\"https:\/\/www.melty.fr\/people\/laurent-ruquier-se-confie-apres-sa-rupture-avec-hugo-manos-il-ny-aura-pas-de-prochain-2238904.html\" target=\"_blank\" rel=\"noopener\"><br \/>\nl\u2019ex-compagnon d\u2019Hugo Manos<\/a> a abord\u00e9 un sujet inattendu.<br \/>\n\u201cJe ne sais pas si on peut le raconter mais <strong>ce n\u2019est<br \/>\npas par hasard que j\u2019ai dit que vous \u00e9tiez aussi solide qu\u2019une<br \/>\nhorloge normande.<\/strong>..\u201d, a-t-il lanc\u00e9.<\/p>\n<p>Ce \u00e0 quoi l\u2019animatrice de 79 ans a r\u00e9pondu : \u201cMais vous<br \/>\nn\u2019arr\u00eatez pas de dire que je n\u2019ai fait que donner l\u2019heure dans ma<br \/>\nvie et dans ma carri\u00e8re radiophonique.\u201d Toujours avec humour,<br \/>\nLaurent Ruquier a rebondi en d\u00e9clarant : \u201c<strong>Non, vous<br \/>\ndonnez les minutes aussi.<\/strong>\u201d Des propos qui n\u2019ont pas<br \/>\nmanqu\u00e9 d\u2019amuser tout le monde sur le plateau. \u201cVous avez retenu<br \/>\nque \u00e7a\u201d, a lanc\u00e9 la soci\u00e9taire. Apr\u00e8s ce moment de rigolade,<br \/>\nLaurent Ruquier a abord\u00e9 un sujet plus s\u00e9rieux.<\/p>\n<p>Julie Leclerc victime d\u2019un terrible<br \/>\naccident de voiture<\/p>\n<p>Sur le plateau de l\u2019\u00e9mission, Laurent Ruquier a laiss\u00e9 l\u2019humour<br \/>\nafin d\u2019adopter un ton plus s\u00e9rieux pour \u00e9voquer une situation qui<br \/>\naurait pu finir en trag\u00e9die. \u201cJ\u2019ai dit solide comme une horloge<br \/>\nnormande parce que je sais que <strong>vous avez fait des tonneaux<br \/>\navec votre voiture et vous \u00eates ressortie intact<\/strong>e\u201d,<br \/>\na-t-il d\u00e9clar\u00e9. C\u2019est alors que Julie Leclerc a confirm\u00e9 ses propos<br \/>\net a r\u00e9v\u00e9l\u00e9 que sa voiture \u00e9tait \u201c\u00e0 la casse\u201d apr\u00e8s son<br \/>\naccident.<\/p>\n<p>Par la suite, la veuve de G\u00e9rard Leclerc a r\u00e9v\u00e9l\u00e9 avoir fait<br \/>\n\u201c<strong>deux tonneaux sur l\u2019autoroute<\/strong>\u201d.<br \/>\nAvant d\u2019expliquer qu\u2019\u201cun type m\u2019est rentr\u00e9 dedans<br \/>\nlat\u00e9ralement\u201d. Et d\u2019ajouter : \u201cJ\u2019ai termin\u00e9 sur le toit.<br \/>\n<strong>Alors que j\u2019\u00e9tais sur la file de gauche, je me suis<br \/>\nretrouv\u00e9e sur la bande d\u2019arr\u00eat d\u2019urgence<\/strong>. J\u2019ai ouvert ma<br \/>\nporti\u00e8re et je suis sortie de ma voiture qui \u00e9tait sur le toit avec<br \/>\nles roues qui tournent.\u201d<\/p>\n","protected":false},"excerpt":{"rendered":"Laurent Ruquier a su donner un souffle nouveau \u00e0 l\u2019\u00e9mission Les Grosses T\u00eates. Depuis qu\u2019il a pris les&hellip;\n","protected":false},"author":2,"featured_media":163078,"comment_status":"","ping_status":"","sticky":false,"template":"","format":"standard","meta":{"footnotes":""},"categories":[1359],"tags":[905,58,59,1011,27,1759,973],"class_list":{"0":"post-163077","1":"post","2":"type-post","3":"status-publish","4":"format-standard","5":"has-post-thumbnail","7":"category-people","8":"tag-a-la-une-melty","9":"tag-divertissement","10":"tag-entertainment","11":"tag-fr","12":"tag-france","13":"tag-laurent-ruquier","14":"tag-people"},"share_on_mastodon":{"url":"https:\/\/pubeurope.com\/@fr\/114653052620579975","error":""},"_links":{"self":[{"href":"https:\/\/www.europesays.com\/fr\/wp-json\/wp\/v2\/posts\/163077","targetHints":{"allow":["GET"]}}],"collection":[{"href":"https:\/\/www.europesays.com\/fr\/wp-json\/wp\/v2\/posts"}],"about":[{"href":"https:\/\/www.europesays.com\/fr\/wp-json\/wp\/v2\/types\/post"}],"author":[{"embeddable":true,"href":"https:\/\/www.europesays.com\/fr\/wp-json\/wp\/v2\/users\/2"}],"replies":[{"embeddable":true,"href":"https:\/\/www.europesays.com\/fr\/wp-json\/wp\/v2\/comments?post=163077"}],"version-history":[{"count":0,"href":"https:\/\/www.europesays.com\/fr\/wp-json\/wp\/v2\/posts\/163077\/revisions"}],"wp:featuredmedia":[{"embeddable":true,"href":"https:\/\/www.europesays.com\/fr\/wp-json\/wp\/v2\/media\/163078"}],"wp:attachment":[{"href":"https:\/\/www.europesays.com\/fr\/wp-json\/wp\/v2\/media?parent=163077"}],"wp:term":[{"taxonomy":"category","embeddable":true,"href":"https:\/\/www.europesays.com\/fr\/wp-json\/wp\/v2\/categories?post=163077"},{"taxonomy":"post_tag","embeddable":true,"href":"https:\/\/www.europesays.com\/fr\/wp-json\/wp\/v2\/tags?post=163077"}],"curies":[{"name":"wp","href":"https:\/\/api.w.org\/{rel}","templated":true}]}}