{"id":163091,"date":"2025-06-09T11:05:10","date_gmt":"2025-06-09T11:05:10","guid":{"rendered":"https:\/\/www.europesays.com\/fr\/163091\/"},"modified":"2025-06-09T11:05:10","modified_gmt":"2025-06-09T11:05:10","slug":"bruce-toussaint-ce-chroniqueur-phare-de-bonjour-claque-la-porte-et-quitte-carrement-la-france","status":"publish","type":"post","link":"https:\/\/www.europesays.com\/fr\/163091\/","title":{"rendered":"Bruce Toussaint\u00a0: ce chroniqueur phare de \u00ab\u00a0Bonjour\u00a0\u00bb claque la porte et quitte carr\u00e9ment la France"},"content":{"rendered":"<p>Le <strong>8\u00a0janvier 2024<\/strong> n&rsquo;est pas une date comme les autres pour TF1. Et pour cause, ce matin-l\u00e0, la cha\u00eene a d\u00e9cid\u00e9 de se lancer <strong>un sacr\u00e9 d\u00e9fi\u00a0<\/strong>: lancer <a href=\"https:\/\/www.public.fr\/bruce-toussaint-des-adieux-en-direct-sur-tf1\" target=\"_blank\" rel=\"noopener\">sa matinale<\/a>.. Intitul\u00e9e \u00ab\u00a0Bonjour\u00a0!\u00a0\u00bb, c&rsquo;est Bruce Toussaint qui en a pris les r\u00eanes apr\u00e8s son <strong>d\u00e9part tonitruant de BFM TV<\/strong>. Ainsi, chaque jour, <a href=\"https:\/\/www.public.fr\/psg-inter-milan-bruce-toussaint-contraint-de-sexcuser-en-direct-apres-avoir-assomme-un-supporter\" target=\"_blank\" rel=\"noopener\">le journaliste de 51 an<\/a>s est <strong>entour\u00e9 d&rsquo;une dizaine de chroniqueurs<\/strong> afin de commenter l&rsquo;actualit\u00e9.<\/p>\n<p>Parmi eux se trouve notamment <strong>Benjamin Muller<\/strong>. Chroniqueur depuis 2016 dans l&rsquo;\u00e9mission de France 2 \u00ab\u00a0La Maison des Maternelles\u00a0\u00bb, <a href=\"https:\/\/www.public.fr\/diaporamas\/agathe-lecaron-son-chroniqueur-benjamin-muller-la-quitte-pour-tf1-elle-tacle-severenement-la-concurrence\" target=\"_blank\" rel=\"noopener\">le p\u00e8re de famille<\/a> a d\u00e9cid\u00e9 de <strong>quitter <a href=\"https:\/\/www.public.fr\/agathe-lecaron-et-flavie-flament-tensions-en-direct-dans-telematin\" target=\"_blank\" rel=\"noopener\">Agathe Lecaron<\/a> pour vivre cette nouvelle aventure <\/strong>aux c\u00f4t\u00e9s de Bruce Toussaint. Mais, \u00e0 la surprise g\u00e9n\u00e9rale, cette nouvelle exp\u00e9rience s&rsquo;appr\u00eate \u00e0 s&rsquo;arr\u00eater. L&rsquo;annonce a \u00e9t\u00e9 faite au Parisien par Thierry Thuillier.<\/p>\n<p>\u00c0 nos confr\u00e8res, le directeur de l&rsquo;information du groupe TF1 a d&rsquo;abord annonc\u00e9 les<strong> quelques changements de la rentr\u00e9e<\/strong>\u00a0: \u00ab\u00a0Nous allons proposer <strong>quelques nouveaux rendez-vous dans la derni\u00e8re demi-heure<\/strong> (9h-9h30). Nous la voulons plus proche des gens, moins centr\u00e9e sur l&rsquo;actualit\u00e9 pure et dure\u00a0\u00bb, a-t-il lanc\u00e9. C&rsquo;est alors que ce dernier a annonc\u00e9\u00a0: \u00ab\u00a0Il y aura aussi l&rsquo;arriv\u00e9e d&rsquo;au moins un nouveau chroniqueur pour <strong>pallier le d\u00e9part de Benjamin Muller qui part vivre \u00e0 l&rsquo;\u00e9tranger<\/strong>\u00ab\u00a0. <\/p>\n<p>En couple avec la journaliste C\u00e9line Kallmann depuis plusieurs ann\u00e9es, <strong>le couple a trois enfants<\/strong> et ont imagin\u00e9 <strong>le podcast pour enfants \u00ab\u00a0Encore une histoire\u00a0\u00bb<\/strong>. Pour le moment, <strong>on ignore quels sont leurs projets \u00e0 l&rsquo;\u00e9tranger<\/strong> ni m\u00eame o\u00f9 ils s&rsquo;appr\u00eatent \u00e0 partir.<\/p>\n<p>Bruce Toussaint\u00a0: quel avenir pour les autres chroniqueurs de sa matinale\u00a0?<\/p>\n<p>Ils sont nombreux \u00e0 s&rsquo;\u00eatre bouscul\u00e9s lorsque l&rsquo;arriv\u00e9e de \u00ab\u00a0Bonjour\u00a0!\u00a0\u00bb a \u00e9t\u00e9 annonc\u00e9e par TF1. Ainsi, parmi les visages de <a href=\"https:\/\/www.google.com\/url?sa=t&amp;source=web&amp;rct=j&amp;opi=89978449&amp;url=https:\/\/vsd.fr\/80578-bonjour-deux-membres-de-la-matinale-de-bruce-toussaint-en-couple\/&amp;ved=2ahUKEwif2dns_-ONAxWWWKQEHaijE9IQFnoECBsQAQ&amp;usg=AOvVaw3Nekk7XXYKUQJjICzR40wv\" target=\"_blank\" rel=\"noopener\">cette matinale<\/a>, les t\u00e9l\u00e9spectateurs ont pu d\u00e9couvrir <a href=\"https:\/\/www.google.com\/url?sa=t&amp;source=web&amp;rct=j&amp;opi=89978449&amp;url=https:\/\/vsd.fr\/38607-ange-noiret-le-nouveau-m-meteo-de-tf1-embrase-les-reseaux-sociaux\/&amp;ved=2ahUKEwi7ntve_-ONAxWUNPsDHaQpNpAQFnoECCIQAQ&amp;usg=AOvVaw2Y775vg3VIR8tMhqNy2AHA\" target=\"_blank\" rel=\"noopener\">Ange Noiret <\/a>\u00e0 la m\u00e9t\u00e9o. Par ailleurs, chroniqueur bien connu des t\u00e9l\u00e9spectateurs\u00a0:<strong> Christophe Beaugrand<\/strong>. <a href=\"https:\/\/www.google.com\/url?sa=t&amp;source=web&amp;rct=j&amp;opi=89978449&amp;url=https:\/\/vsd.fr\/81929-christophe-beaugrand-et-son-mari-victimes-dun-home-jacking-premier-temoignage-glacant-face-a-son-boss-bruce-toussaint\/&amp;ved=2ahUKEwiFyZaSgOSNAxXYfKQEHcPGI1cQFnoECBUQAQ&amp;usg=AOvVaw2gL07QQUt0TgBj_6SNmMS0\" target=\"_blank\" rel=\"noopener\">Le pr\u00e9sentateur de \u00ab\u00a0Secret Story\u00a0\u00bb<\/a> a ainsi bascul\u00e9 de LCI \u00e0 TF1. \u00c0 ses c\u00f4t\u00e9s, deux journalistes venues de RTL\u00a0: <strong>Monique Youn\u00e8s<\/strong> pour la culture et <strong>Alba Ventura<\/strong> pour la politique. <\/p>\n<p>Par ailleurs, tous les matins, <a href=\"https:\/\/www.google.com\/url?sa=t&amp;source=web&amp;rct=j&amp;opi=89978449&amp;url=https:\/\/vsd.fr\/58436-bruce-toussaint-evoque-lanomalie-de-la-vision-dont-il-souffre-et-tacle-une-des-chroniqueuses-de-bonjour\/&amp;ved=2ahUKEwie8oy9geSNAxWqRaQEHW9kEbIQFnoECCUQAQ&amp;usg=AOvVaw3kTTjq8ooYAaKe9HjukRRn\" target=\"_blank\" rel=\"noopener\">la star de l&rsquo;info<\/a> est aussi accompagn\u00e9e par le journaliste sportif <strong>Stefan Etcheverry<\/strong>, par l&rsquo;animatrice <strong>Ana\u00efs Grangerac<\/strong> mais aussi par <strong>Maud Descamps<\/strong>. Cette derni\u00e8re, apr\u00e8s avoir jongl\u00e9 entre le service \u00ab\u00a0\u00e9conomie\u00a0\u00bb d&rsquo;Europe 1 et \u00ab\u00a0T\u00e9l\u00e9matin sur France 2, la journaliste de 42 ans a su gravir les \u00e9chelons. En effet, en l&rsquo;absence de Bruce Toussaint, <strong>c&rsquo;est elle qui prend les commandes de la matinale<\/strong>. C&rsquo;\u00e9tait le cas ce lundi 9\u00a0juin.<\/p>\n<p>Pour ce qui est de la rentr\u00e9e, Thierry Thuillier l&rsquo;assure, toujours au Parisien\u00a0: \u00ab\u00a0<strong>Le tour de table demeurera largement inchang\u00e9<\/strong>\u00ab\u00a0.<\/p>\n<p>      Mentionn\u00e9s dans cet article<\/p>\n<p>\u00c0 lire aussi<\/p>\n","protected":false},"excerpt":{"rendered":"Le 8\u00a0janvier 2024 n&rsquo;est pas une date comme les autres pour TF1. Et pour cause, ce matin-l\u00e0, la&hellip;\n","protected":false},"author":2,"featured_media":163092,"comment_status":"","ping_status":"","sticky":false,"template":"","format":"standard","meta":{"footnotes":""},"categories":[8],"tags":[6778,6779,3721,58,59,1011,27,9877,2957,199],"class_list":{"0":"post-163091","1":"post","2":"type-post","3":"status-publish","4":"format-standard","5":"has-post-thumbnail","7":"category-divertissement","8":"tag-bonjour-la-matinale-tf1","9":"tag-bruce-toussaint","10":"tag-chroniqueur","11":"tag-divertissement","12":"tag-entertainment","13":"tag-fr","14":"tag-france","15":"tag-journalisme","16":"tag-journaliste","17":"tag-tf1"},"share_on_mastodon":{"url":"https:\/\/pubeurope.com\/@fr\/114653084119170523","error":""},"_links":{"self":[{"href":"https:\/\/www.europesays.com\/fr\/wp-json\/wp\/v2\/posts\/163091","targetHints":{"allow":["GET"]}}],"collection":[{"href":"https:\/\/www.europesays.com\/fr\/wp-json\/wp\/v2\/posts"}],"about":[{"href":"https:\/\/www.europesays.com\/fr\/wp-json\/wp\/v2\/types\/post"}],"author":[{"embeddable":true,"href":"https:\/\/www.europesays.com\/fr\/wp-json\/wp\/v2\/users\/2"}],"replies":[{"embeddable":true,"href":"https:\/\/www.europesays.com\/fr\/wp-json\/wp\/v2\/comments?post=163091"}],"version-history":[{"count":0,"href":"https:\/\/www.europesays.com\/fr\/wp-json\/wp\/v2\/posts\/163091\/revisions"}],"wp:featuredmedia":[{"embeddable":true,"href":"https:\/\/www.europesays.com\/fr\/wp-json\/wp\/v2\/media\/163092"}],"wp:attachment":[{"href":"https:\/\/www.europesays.com\/fr\/wp-json\/wp\/v2\/media?parent=163091"}],"wp:term":[{"taxonomy":"category","embeddable":true,"href":"https:\/\/www.europesays.com\/fr\/wp-json\/wp\/v2\/categories?post=163091"},{"taxonomy":"post_tag","embeddable":true,"href":"https:\/\/www.europesays.com\/fr\/wp-json\/wp\/v2\/tags?post=163091"}],"curies":[{"name":"wp","href":"https:\/\/api.w.org\/{rel}","templated":true}]}}