{"id":163093,"date":"2025-06-09T11:06:16","date_gmt":"2025-06-09T11:06:16","guid":{"rendered":"https:\/\/www.europesays.com\/fr\/163093\/"},"modified":"2025-06-09T11:06:16","modified_gmt":"2025-06-09T11:06:16","slug":"cest-quoi-le-design-liquid-glass-que-prepare-apple-pour-sa-grosse-mise-a-jour","status":"publish","type":"post","link":"https:\/\/www.europesays.com\/fr\/163093\/","title":{"rendered":"c&rsquo;est quoi le design Liquid Glass que pr\u00e9pare Apple pour sa grosse mise \u00e0 jour\u2009?"},"content":{"rendered":"<p>Le nouveau design d\u2019iOS 26 devrait s\u2019appeler Liquid Design. Voici \u00e0 quoi s\u2019attendre et pourquoi c\u2019est important dans l\u2019histoire d\u2019Apple.<\/p>\n<p><a href=\"https:\/\/images.frandroid.com\/wp-content\/uploads\/2025\/04\/iphone-16-pro.jpg\" target=\"_blank\" class=\"article-content__figure\" rel=\"nofollow noopener\"><img fetchpriority=\"high\" decoding=\"async\" loading=\"eager\" width=\"1200\" height=\"750\" src=\"https:\/\/www.europesays.com\/fr\/wp-content\/uploads\/2025\/06\/iphone-16-pro.jpg\" alt=\"\" class=\"wp-image-2565801 wp-image wp-image\"  \/><\/a>iPhone 16 Pro<\/p>\n<p>Pr\u00e9parez-vous, <a href=\"https:\/\/www.frandroid.com\/marques\/apple\/2641511_ios-26-liquid-glass-et-apple-intelligence-comment-suivre-la-keynote-wwdc-2025-en-direct\" rel=\"nofollow noopener\" target=\"_blank\">la WWDC 2025 se tient ce lundi 9 juin et vous pouvez la regarder en direct<\/a>. Pendant sa conf\u00e9rence d\u00e9di\u00e9e aux d\u00e9veloppeurs, Apple devrait marquer le coup en pr\u00e9sentant <a href=\"https:\/\/www.frandroid.com\/marques\/2638147_ios-19-ou-ios-26-voici-tout-ce-quapple-prepare-pour-liphone-avec-sa-plus-grosse-revolution-depuis-des-annees\" rel=\"nofollow noopener\" target=\"_blank\">iOS 26 (au lieu d\u2019iOS 19)<\/a>. Une nouvelle nomenclature qui devrait donner le ton pour la nouvelle exp\u00e9rience logicielle des <a href=\"https:\/\/www.frandroid.com\/guide-dachat\/smartphones\/705312_meilleur-iphone\" rel=\"nofollow noopener\" target=\"_blank\">iPhone<\/a>.<\/p>\n<p>Attendez-vous en effet \u00e0 un tout nouveau design d\u2019interface pour iOS 26. Un design qui s\u2019appellerait \u00ab\u2009Liquid Glass\u2009\u00bb. Le journaliste de <a target=\"_blank\" href=\"https:\/\/www.bloomberg.com\/news\/newsletters\/2025-06-08\/apple-s-liquid-glass-ios-26-software-redesign-to-hint-at-20th-anniversary-iphone-mbnm2u0d?embedded-checkout=true\" rel=\"nofollow noopener\">Bloomberg<\/a>, Mark Gurman, grand sp\u00e9cialiste d\u2019Apple, a quelques informations \u00e0 partager \u00e0 ce sujet.<\/p>\n<blockquote class=\"wp-block-quote is-layout-flow wp-block-quote-is-layout-flow\">\n<p>Les nouveaux \u00e9l\u00e9ments d\u2019interface, appel\u00e9s Liquid Glass, ont l\u2019\u00e9clat et l\u2019aspect transparent d\u2019une surface en verre. Cette initiative s\u2019inscrit dans le cadre d\u2019un effort visant \u00e0 rendre les syst\u00e8mes d\u2019exploitation d\u2019Apple plus coh\u00e9rents, avec un aspect similaire pour l\u2019ensemble de la gamme. Cela se traduira notamment par des effets de transparence et de brillance dans toutes les barres d\u2019outils, interfaces in-app et commandes d\u2019Apple.<\/p>\n<\/blockquote>\n<p>L\u2019occasion de rappeler au passage qu\u2019iOS 26 est cens\u00e9 s\u2019accompagner d\u2019iPadOS 26, macOS 26, watchOS 26, tvOS 26 et visionOS 26.<\/p>\n<p>Un chamboulement rare dans l\u2019histoire d\u2019Apple<\/p>\n<p>            <img decoding=\"async\" width=\"1200\" height=\"446\" loading=\"lazy\" alt=\"Box Mobile Club\" title=\"Box Mobile Club\" class=\"is-radiusless placeholder-default wp-image\" src=\"https:\/\/www.europesays.com\/fr\/wp-content\/uploads\/2025\/06\/box-mobile-club-1200x446.jpg\" \/>        <\/p>\n<p>\n                L\u2019iPhone 16 est moins cher quand vous le louez            <\/p>\n<p class=\"has-text-weight-medium is-size-6 is-line-height-normal\">\n                Et si vous choisissiez la location pour votre futur iPhone 16 ? Chez mobile.club, il est accessible d\u00e8s 36,90 euros par mois seulement, avec une garantie et une assurance incluse contre le vol et la casse !             <\/p>\n<p>Ce nouveau design s\u2019annonce historique puisqu\u2019il ne s\u2019agirait que de la deuxi\u00e8me grosse refonte dans l\u2019histoire des interfaces d\u2019Apple.<\/p>\n<p>Mark Gurman rappelle ainsi que lorsqu\u2019Apple a lanc\u00e9 le premier iPhone, la marque avait mis\u00e9 \u00e0 fond sur la notion de skeuomorphisme. C\u2019est-\u00e0-dire que toutes les ic\u00f4nes \u00e9taient dessin\u00e9es pour ressembler \u00e0 un objet de la vraie vie. L\u2019application Plans avait donc le look d\u2019une carte papier. Pour Notes, c\u2019\u00e9tait un calepin jaune avec les lignes noires bien trac\u00e9es dessus. Le logo de Game Center faisait carr\u00e9ment r\u00e9f\u00e9rence au jeu des petits chevaux, entre autres, tandis que l\u2019interface de l\u2019app se nippait du m\u00eame vert que les tables de casino.<\/p>\n<p><a href=\"https:\/\/www.europesays.com\/fr\/wp-content\/uploads\/2025\/06\/game-center-apple-premier-logo.jpg\" target=\"_blank\" class=\"article-content__figure\"><img loading=\"lazy\" decoding=\"async\" width=\"1200\" height=\"979\" src=\"https:\/\/www.europesays.com\/fr\/wp-content\/uploads\/2025\/06\/game-center-apple-premier-logo.jpg\" alt=\"\" class=\"wp-image-2641503 wp-image\"  \/><\/a>Le vieux logo de l\u2019application Game Center \/\/ Source : Apple<\/p>\n<p>Le but \u00e9tait simple. Beaucoup de personnes se sont familiaris\u00e9es avec les \u00e9crans tactiles par le biais des iPhone et des <a href=\"https:\/\/www.frandroid.com\/marques\/apple\/692786_meilleur-ipad-selection\" rel=\"nofollow noopener\" target=\"_blank\">iPad<\/a>. Il fallait donc un design leur permettant de garder leurs rep\u00e8res pour leur apprendre sereinement \u00e0 utiliser ce genre d\u2019appareils.<\/p>\n<p>Le probl\u00e8me avec le skeuomorphisme, c\u2019est que \u00e7a ne vieillit pas tr\u00e8s bien. Quelques ann\u00e9es plus tard, ce look avait fait son temps et n\u2019\u00e9tait plus tr\u00e8s pertinent. C\u2019est l\u00e0 qu\u2019intervient iOS 7 et son flat design. Litt\u00e9ralement \u00ab design plat \u00bb.<\/p>\n<p>Avec iOS 7, Apple chamboulait tout et optait pour un design plus color\u00e9 et simplifi\u00e9, bien plus ancr\u00e9 dans l\u2019air du temps et du num\u00e9rique. Toutefois, iOS 7 est sorti en 2013 et la marque \u00e0 la pomme n\u2019a pas initi\u00e9 de gros changement d\u2019interface depuis.<\/p>\n<p>Pr\u00e9parer l\u2019iPhone des 20 ans en 2027<\/p>\n<p>C\u2019est pour cela que le nouveau Liquid Design pressenti pour iOS 26 rev\u00eat une telle importance. Cela fait plus d\u2019une d\u00e9cennie que nous n\u2019avons pas vu un tel changement.<\/p>\n<p>En outre, Mark Gurman affirme que ce Liquid Design vise aussi \u00e0 pr\u00e9parer le terrain pour <a href=\"https:\/\/www.frandroid.com\/marques\/apple\/2615891_un-ecran-hors-du-commun-pour-les-20-ans-de-liphone-apple-prevoirait-des-changements-radicaux\" rel=\"nofollow noopener\" target=\"_blank\">l\u2019iPhone des 20\u00a0ans d\u2019Apple pr\u00e9vu en 2027<\/a>. Ce dernier devrait se doter d\u2019un design in\u00e9dit avec un \u00e9cran qui se courbe des quatre c\u00f4t\u00e9s et sans interruption, c\u2019est-\u00e0-dire sans encoche ou poin\u00e7on.<\/p>\n<p>Vous l\u2019aurez compris, \u00e0 la WWDC 2025, iOS 26 sera sans vraisemblablement le plus gros \u00e9v\u00e9nement. D\u2019autant qu\u2019<a href=\"https:\/\/www.frandroid.com\/marques\/apple\/2633365_une-deception-le-malaise-dapple-autour-de-lia-va-continuer-encore-un-moment\" rel=\"nofollow noopener\" target=\"_blank\">Apple devrait d\u00e9cevoir c\u00f4t\u00e9 IA<\/a> sans annonce majeur lui permettant de revenir d\u00e8s \u00e0 pr\u00e9sent dans la course face \u00e0 OpenAI et Google.<\/p>\n<p>Le saviez-vous ? Google News vous permet de choisir vos m\u00e9dias. Ne passez pas \u00e0 c\u00f4t\u00e9 de <a href=\"https:\/\/news.google.com\/publications\/CAAqBggKMICKMDCuyQU?oc=3\" target=\"_blank\" rel=\"noopener nofollow\">Frandroid<\/a> et <a href=\"https:\/\/news.google.com\/publications\/CAAqBwgKMNO2ogkwmIaYAg?oc=3\" target=\"_blank\" rel=\"noopener nofollow\">Numerama<\/a>.<\/p>\n","protected":false},"excerpt":{"rendered":"Le nouveau design d\u2019iOS 26 devrait s\u2019appeler Liquid Design. Voici \u00e0 quoi s\u2019attendre et pourquoi c\u2019est important dans&hellip;\n","protected":false},"author":2,"featured_media":163094,"comment_status":"","ping_status":"","sticky":false,"template":"","format":"standard","meta":{"footnotes":""},"categories":[7],"tags":[1011,27,28923,43,40,41,39,42,44,26136],"class_list":{"0":"post-163093","1":"post","2":"type-post","3":"status-publish","4":"format-standard","5":"has-post-thumbnail","7":"category-sciences-et-technologies","8":"tag-fr","9":"tag-france","10":"tag-ios-26","11":"tag-science","12":"tag-science-and-technology","13":"tag-sciences","14":"tag-sciences-et-technologies","15":"tag-technologies","16":"tag-technology","17":"tag-wwdc-2025"},"share_on_mastodon":{"url":"https:\/\/pubeurope.com\/@fr\/114653087980946653","error":""},"_links":{"self":[{"href":"https:\/\/www.europesays.com\/fr\/wp-json\/wp\/v2\/posts\/163093","targetHints":{"allow":["GET"]}}],"collection":[{"href":"https:\/\/www.europesays.com\/fr\/wp-json\/wp\/v2\/posts"}],"about":[{"href":"https:\/\/www.europesays.com\/fr\/wp-json\/wp\/v2\/types\/post"}],"author":[{"embeddable":true,"href":"https:\/\/www.europesays.com\/fr\/wp-json\/wp\/v2\/users\/2"}],"replies":[{"embeddable":true,"href":"https:\/\/www.europesays.com\/fr\/wp-json\/wp\/v2\/comments?post=163093"}],"version-history":[{"count":0,"href":"https:\/\/www.europesays.com\/fr\/wp-json\/wp\/v2\/posts\/163093\/revisions"}],"wp:featuredmedia":[{"embeddable":true,"href":"https:\/\/www.europesays.com\/fr\/wp-json\/wp\/v2\/media\/163094"}],"wp:attachment":[{"href":"https:\/\/www.europesays.com\/fr\/wp-json\/wp\/v2\/media?parent=163093"}],"wp:term":[{"taxonomy":"category","embeddable":true,"href":"https:\/\/www.europesays.com\/fr\/wp-json\/wp\/v2\/categories?post=163093"},{"taxonomy":"post_tag","embeddable":true,"href":"https:\/\/www.europesays.com\/fr\/wp-json\/wp\/v2\/tags?post=163093"}],"curies":[{"name":"wp","href":"https:\/\/api.w.org\/{rel}","templated":true}]}}