{"id":163102,"date":"2025-06-09T11:11:13","date_gmt":"2025-06-09T11:11:13","guid":{"rendered":"https:\/\/www.europesays.com\/fr\/163102\/"},"modified":"2025-06-09T11:11:13","modified_gmt":"2025-06-09T11:11:13","slug":"une-escroquerie-au-malus-ecologique","status":"publish","type":"post","link":"https:\/\/www.europesays.com\/fr\/163102\/","title":{"rendered":"une escroquerie au malus \u00e9cologique\u202f?"},"content":{"rendered":"<p>\u00ab\u00a0Vous avez tromp\u00e9 l\u2019\u00c9tat fran\u00e7ais\u00a0\u00bb d\u00e9clare, en pr\u00e9ambule de l\u2019audience, le pr\u00e9sident du tribunal.<\/p>\n<p>\u00c0 la barre, c\u2019est un distributeur automobile qui a pignon sur roues. Bien \u00e9tabli sur la place. Depuis 1972, il revendique cinquante ans de bons et loyaux services envers les clients. La situation d\u00e9rape entre le 1er janvier 2018 et le 1er juillet 2020 \u00e0 Saint-\u00c9tienne.<\/p>\n<p>Les faits reproch\u00e9s\u00a0? Une escroquerie au malus \u00e9cologique. Toujours concernant le m\u00eame constructeur, Jeep. La taxe aux v\u00e9hicules polluants est d\u00e9voy\u00e9e. En 2024, le service central du renseignement criminel est saisi. Treize propri\u00e9taires ont \u00e9t\u00e9 entendus pour corroborer les infractions.<\/p>\n<p>\u00ab\u00a0Une escroquerie avoisinant le million d\u2019euros\u00a0\u00bb<\/p>\n<p>L\u2019affaire concerne au total 86&#8230;<\/p>\n","protected":false},"excerpt":{"rendered":"\u00ab\u00a0Vous avez tromp\u00e9 l\u2019\u00c9tat fran\u00e7ais\u00a0\u00bb d\u00e9clare, en pr\u00e9ambule de l\u2019audience, le pr\u00e9sident du tribunal. \u00c0 la barre, c\u2019est&hellip;\n","protected":false},"author":2,"featured_media":163103,"comment_status":"","ping_status":"","sticky":false,"template":"","format":"standard","meta":{"footnotes":""},"categories":[9653],"tags":[1111,11,646,2430,271,272,7539,1777,674,274,107,1011,27,3367,12,25,4001,7538],"class_list":{"0":"post-163102","1":"post","2":"type-post","3":"status-publish","4":"format-standard","5":"has-post-thumbnail","7":"category-saint-etienne","8":"tag-actu","9":"tag-actualites","10":"tag-automobile","11":"tag-auvergne-rhone-alpes","12":"tag-crime","13":"tag-delit-et-contravention","14":"tag-edition-loire-sud","15":"tag-eu","16":"tag-europe","17":"tag-faits-divers-justice","18":"tag-fil-info","19":"tag-fr","20":"tag-france","21":"tag-loire","22":"tag-news","23":"tag-republique-francaise","24":"tag-saint-etienne","25":"tag-saint-etienne-ville"},"share_on_mastodon":{"url":"https:\/\/pubeurope.com\/@fr\/114653107609872095","error":""},"_links":{"self":[{"href":"https:\/\/www.europesays.com\/fr\/wp-json\/wp\/v2\/posts\/163102","targetHints":{"allow":["GET"]}}],"collection":[{"href":"https:\/\/www.europesays.com\/fr\/wp-json\/wp\/v2\/posts"}],"about":[{"href":"https:\/\/www.europesays.com\/fr\/wp-json\/wp\/v2\/types\/post"}],"author":[{"embeddable":true,"href":"https:\/\/www.europesays.com\/fr\/wp-json\/wp\/v2\/users\/2"}],"replies":[{"embeddable":true,"href":"https:\/\/www.europesays.com\/fr\/wp-json\/wp\/v2\/comments?post=163102"}],"version-history":[{"count":0,"href":"https:\/\/www.europesays.com\/fr\/wp-json\/wp\/v2\/posts\/163102\/revisions"}],"wp:featuredmedia":[{"embeddable":true,"href":"https:\/\/www.europesays.com\/fr\/wp-json\/wp\/v2\/media\/163103"}],"wp:attachment":[{"href":"https:\/\/www.europesays.com\/fr\/wp-json\/wp\/v2\/media?parent=163102"}],"wp:term":[{"taxonomy":"category","embeddable":true,"href":"https:\/\/www.europesays.com\/fr\/wp-json\/wp\/v2\/categories?post=163102"},{"taxonomy":"post_tag","embeddable":true,"href":"https:\/\/www.europesays.com\/fr\/wp-json\/wp\/v2\/tags?post=163102"}],"curies":[{"name":"wp","href":"https:\/\/api.w.org\/{rel}","templated":true}]}}