{"id":163104,"date":"2025-06-09T11:12:10","date_gmt":"2025-06-09T11:12:10","guid":{"rendered":"https:\/\/www.europesays.com\/fr\/163104\/"},"modified":"2025-06-09T11:12:10","modified_gmt":"2025-06-09T11:12:10","slug":"saint-etienne-proche-de-finaliser-larrivee-de-mahmoud-jaber","status":"publish","type":"post","link":"https:\/\/www.europesays.com\/fr\/163104\/","title":{"rendered":"Saint-\u00c9tienne proche de finaliser l&rsquo;arriv\u00e9e de Mahmoud Jaber"},"content":{"rendered":"<p style=\"text-align: justify;\"><strong>TRANSFERTS SAINT-\u00c9TIENNE \u2013 Selon <a href=\"https:\/\/www.footmercato.net\/a6179972961823849362-lasse-en-discussions-tres-avancees-avec-mahmoud-jaber\" rel=\"nofollow noopener\" target=\"_blank\">Foot Mercato<\/a>, l\u2019ASSE est sur le point de finaliser l\u2019arriv\u00e9e de Mahmoud Jaber pour la saison prochaine.<\/strong><\/p>\n<p style=\"text-align: justify;\">De retour en Ligue 1 avec ses nouveaux propri\u00e9taires aux commandes, l\u2019<strong>AS Saint-\u00c9tienne<\/strong> n\u2019aura pas r\u00e9ussi \u00e0 se maintenir. Le club du <strong>Forez<\/strong> repart donc en Ligue 2, mais avec la ferme intention de rapidement revenir au plus haut niveau. Les nouveaux dirigeants auront cette fois plus le temps de pr\u00e9parer un retour au sommet du <a data-autolink-id=\"2\" target=\"_self\" href=\"https:\/\/dicodusport.fr\/definition-sport\/football\/\" rel=\"nofollow noopener\">football<\/a> fran\u00e7ais.<\/p>\n<p>Mahmoud Jaber proche de l\u2019ASSE<\/p>\n<p style=\"text-align: justify;\">Alors que <strong>Lucas<\/strong> <strong>Stassin<\/strong> devrait quitter le club, <strong>Pierre<\/strong> <strong>Ekwah<\/strong> est aussi annonc\u00e9 sur le d\u00e9part. Les Verts sont donc en qu\u00eate d\u2019un milieu de terrain, et pourraient se tourner une nouvelle fois vers le championnat isra\u00e9lien. Alors que <strong>Dylan<\/strong> <strong>Batubinsika<\/strong>, <strong>Yvann<\/strong> <strong>Ma\u00e7on<\/strong> et <strong>Pierre<\/strong> <strong>Cornud<\/strong> sont arriv\u00e9s en provenance d\u2019Isra\u00ebl, <strong>Mahmoud<\/strong> <strong>Jaber<\/strong> est la nouvelle cible.<\/p>\n<p style=\"text-align: justify;\">Le milieu de terrain international aurait trouv\u00e9 un accord avec <strong>Saint-\u00c9tienne,<\/strong> et devrait prochainement signer son contrat. Le joueur, qui compte 12 s\u00e9lections avec Isra\u00ebl, devrait donc lancer le mercato des Verts.<\/p>\n<p>\u00c0 ce sujet<br \/>\n<a href=\"https:\/\/dicodusport.fr\/blog\/mercato-asse-2025-2026-le-tableau-complet-des-transferts-arrivees-et-departs\/\" class=\"vlp-link\" title=\"Mercato ASSE 2025-2026 : Le tableau complet des transferts, arriv\u00e9es et d\u00e9parts\" rel=\"nofollow noopener\" target=\"_blank\"><img loading=\"lazy\" decoding=\"async\" style=\"max-width: 792px;\" width=\"792\" height=\"445\" class=\"attachment-800x445 size-800x445 perfmatters-lazy\" alt=\"Mercato ASSE 2025-2026 Le tableau complet des transferts, arriv\u00e9es et d\u00e9parts\" src=\"https:\/\/www.europesays.com\/fr\/wp-content\/uploads\/2025\/06\/Mercato-ASSE-2025-2026-Le-tableau-complet-des-transferts-arrivees-et-departs.png\"  data-\/><\/p>\n<p>Mercato ASSE 2025-2026 : Le tableau complet des transferts, arriv\u00e9es et d\u00e9parts<\/p>\n<p>TRANSFERTS ASSE &#8211; Retrouvez tous les mouvements de l&rsquo;Association Sportive Saint-\u00c9tienne pour l&rsquo;intersaison 2025 en Ligue 1. Arriv\u00e9es, d\u00e9part, pr\u00eats, transferts d\u00e9finitifs, ne ratez rien du mercato estival.\u00a0<\/p>\n<p>Lire l&rsquo;article<\/p>\n<p>dicodusport.fr<\/p>\n","protected":false},"excerpt":{"rendered":"TRANSFERTS SAINT-\u00c9TIENNE \u2013 Selon Foot Mercato, l\u2019ASSE est sur le point de finaliser l\u2019arriv\u00e9e de Mahmoud Jaber pour&hellip;\n","protected":false},"author":2,"featured_media":163105,"comment_status":"","ping_status":"","sticky":false,"template":"","format":"standard","meta":{"footnotes":""},"categories":[9653],"tags":[1111,11,461,2430,2113,1777,674,1011,27,12,25,4001],"class_list":{"0":"post-163104","1":"post","2":"type-post","3":"status-publish","4":"format-standard","5":"has-post-thumbnail","7":"category-saint-etienne","8":"tag-actu","9":"tag-actualites","10":"tag-asse","11":"tag-auvergne-rhone-alpes","12":"tag-breve","13":"tag-eu","14":"tag-europe","15":"tag-fr","16":"tag-france","17":"tag-news","18":"tag-republique-francaise","19":"tag-saint-etienne"},"share_on_mastodon":{"url":"https:\/\/pubeurope.com\/@fr\/114653111614582125","error":""},"_links":{"self":[{"href":"https:\/\/www.europesays.com\/fr\/wp-json\/wp\/v2\/posts\/163104","targetHints":{"allow":["GET"]}}],"collection":[{"href":"https:\/\/www.europesays.com\/fr\/wp-json\/wp\/v2\/posts"}],"about":[{"href":"https:\/\/www.europesays.com\/fr\/wp-json\/wp\/v2\/types\/post"}],"author":[{"embeddable":true,"href":"https:\/\/www.europesays.com\/fr\/wp-json\/wp\/v2\/users\/2"}],"replies":[{"embeddable":true,"href":"https:\/\/www.europesays.com\/fr\/wp-json\/wp\/v2\/comments?post=163104"}],"version-history":[{"count":0,"href":"https:\/\/www.europesays.com\/fr\/wp-json\/wp\/v2\/posts\/163104\/revisions"}],"wp:featuredmedia":[{"embeddable":true,"href":"https:\/\/www.europesays.com\/fr\/wp-json\/wp\/v2\/media\/163105"}],"wp:attachment":[{"href":"https:\/\/www.europesays.com\/fr\/wp-json\/wp\/v2\/media?parent=163104"}],"wp:term":[{"taxonomy":"category","embeddable":true,"href":"https:\/\/www.europesays.com\/fr\/wp-json\/wp\/v2\/categories?post=163104"},{"taxonomy":"post_tag","embeddable":true,"href":"https:\/\/www.europesays.com\/fr\/wp-json\/wp\/v2\/tags?post=163104"}],"curies":[{"name":"wp","href":"https:\/\/api.w.org\/{rel}","templated":true}]}}