{"id":163106,"date":"2025-06-09T11:14:18","date_gmt":"2025-06-09T11:14:18","guid":{"rendered":"https:\/\/www.europesays.com\/fr\/163106\/"},"modified":"2025-06-09T11:14:18","modified_gmt":"2025-06-09T11:14:18","slug":"congres-math-en-jeans-rendez-vous-annuel-du-grand-est-factuel","status":"publish","type":"post","link":"https:\/\/www.europesays.com\/fr\/163106\/","title":{"rendered":"Congr\u00e8s MATh.en.JEANS : rendez-vous annuel du Grand-Est | Factuel"},"content":{"rendered":"<p><strong>Le 36\u00e8me\u00a0congr\u00e8s MATh.en.JEANS pour la r\u00e9gion Grand Est, la Belgique et le Luxembourg aura lieu du 23 au 25 avril 2025 \u00e0 la Facult\u00e9 des Sciences et Technologies de Nancy. Coordonn\u00e9 par l\u2019association MATh.en.JEANS et co-organis\u00e9 par des chercheurs de l\u2019<a href=\"https:\/\/iecl.univ-lorraine.fr\" target=\"_blank\" rel=\"noopener\">Institut \u00c9lie Cartan de Lorraine<\/a> (IECL), du <a href=\"https:\/\/www.loria.fr\/fr\/\" target=\"_blank\" rel=\"noopener\">Loria<\/a> et du <a href=\"https:\/\/www.inria.fr\/fr\/centre-inria-universite-lorraine\" target=\"_blank\" rel=\"noopener\">Centre Inria de l&rsquo;Universit\u00e9 de Lorraine<\/a>, il accueillera pendant trois jours 350 lyc\u00e9ens et coll\u00e9giens et 70 adultes accompagnants, enseignants du secondaire et chercheurs.<\/strong><\/p>\n<p>Au cours de ce congr\u00e8s, les \u00e9l\u00e8ves pr\u00e9senteront les r\u00e9sultats de leurs travaux de math\u00e9matiques r\u00e9alis\u00e9s durant l\u2019ann\u00e9e \u00e9coul\u00e9e lors des ateliers Math.en.JEANS. Chaque semaine, pendant une heure, des \u00e9l\u00e8ves travaillent en petits groupes sur un sujet propos\u00e9 par un chercheur en math\u00e9matiques qui les accompagne dans leur progression. En partageant leurs id\u00e9es, leurs probl\u00e8mes, et leurs m\u00e9thodes de travail, ils apprennent ainsi les math\u00e9matiques sous une forme moins acad\u00e9mique en se pla\u00e7ant dans la peau d\u2019apprentis chercheurs tout en d\u00e9couvrant l\u2019univers de la recherche. Ces ateliers sont anim\u00e9s par des professeurs de math\u00e9matiques en collaboration avec un chercheur sp\u00e9cialiste. Cette ann\u00e9e, 22 ateliers dans les lyc\u00e9es et 12 ateliers dans les coll\u00e8ges ont \u00e9t\u00e9 mis en place dans le Grand Est. Le congr\u00e8s accueillera \u00e9galement 12 ateliers du Luxembourg et de la Belgique.<\/p>\n<p>Lors du congr\u00e8s, les \u00e9l\u00e8ves exposeront leurs travaux sous la forme d\u2019un court expos\u00e9 d\u2019une quinzaine de minutes au cours duquel ils expliqueront le sujet, la m\u00e9thodologie employ\u00e9e pour le d\u00e9roulement des recherches et leurs r\u00e9sultats. Les \u00e9l\u00e8ves pr\u00e9senteront \u00e9galement des stands avec poster scientifique et animation pr\u00e9sentant le sujet et l\u2019essentiel des r\u00e9sultats.<br \/>Les \u00e9l\u00e8ves auront \u00e9galement l\u2019occasion de suivre des conf\u00e9rences de chercheurs et de chercheuses en math\u00e9matiques et informatique. Au cours d\u2019une des soir\u00e9es, ils assisteront au spectacle\u00a0<a href=\"https:\/\/iww.inria.fr\/NanSciNum\/theatre-scientifique\/le-proces-du-robot\/\" target=\"_blank\" rel=\"noopener\">le proc\u00e8s du robot<\/a>. Ce d\u00e9bat scientifique th\u00e9\u00e2tralis\u00e9 abordera les enjeux de l\u2019intelligence artificielle avec des experts, accompagn\u00e9s par une troupe de th\u00e9\u00e2tre d\u2019improvisation pour aider \u00e0 d\u00e9jouer les id\u00e9es re\u00e7ues.<\/p>\n<p>Ce congr\u00e8s est l&rsquo;aboutissement d\u2019une ann\u00e9e de travail pour les lyc\u00e9ens et les coll\u00e9giens dans un cadre propice aux \u00e9changes et au partage d\u2019exp\u00e9riences avec les professeurs et les chercheurs. Ce rendez-vous annuel permet de promouvoir la culture scientifique aupr\u00e8s des jeunes publics et il vise \u00e0 encourager les \u00e9l\u00e8ves, dont notamment les jeunes filles et les \u00e9l\u00e8ves de zones rurales, \u00e0 s\u2019orienter vers des \u00e9tudes scientifiques.<\/p>\n<p>Le programme complet des 3 jours et toutes les informations pratiques au sujet du congr\u00e8s sont disponibles sur cette page :\u00a0<a href=\"https:\/\/www.mathenjeans.fr\/Congres2025\/Nancy\" style=\"font-size: 13.008px;\" target=\"_blank\" rel=\"noopener\">www.mathenjeans.fr\/Congres2025\/Nancy<\/a><\/p>\n","protected":false},"excerpt":{"rendered":"Le 36\u00e8me\u00a0congr\u00e8s MATh.en.JEANS pour la r\u00e9gion Grand Est, la Belgique et le Luxembourg aura lieu du 23 au&hellip;\n","protected":false},"author":2,"featured_media":163107,"comment_status":"","ping_status":"","sticky":false,"template":"","format":"standard","meta":{"footnotes":""},"categories":[9635],"tags":[1111,11,14117,6211,1777,674,1011,27,775,1272,1702,12,25,14116],"class_list":{"0":"post-163106","1":"post","2":"type-post","3":"status-publish","4":"format-standard","5":"has-post-thumbnail","7":"category-nancy","8":"tag-actu","9":"tag-actualites","10":"tag-colloque","11":"tag-conference","12":"tag-eu","13":"tag-europe","14":"tag-fr","15":"tag-france","16":"tag-grand-est","17":"tag-manifestations","18":"tag-nancy","19":"tag-news","20":"tag-republique-francaise","21":"tag-seminaire"},"share_on_mastodon":{"url":"https:\/\/pubeurope.com\/@fr\/114653119341071764","error":""},"_links":{"self":[{"href":"https:\/\/www.europesays.com\/fr\/wp-json\/wp\/v2\/posts\/163106","targetHints":{"allow":["GET"]}}],"collection":[{"href":"https:\/\/www.europesays.com\/fr\/wp-json\/wp\/v2\/posts"}],"about":[{"href":"https:\/\/www.europesays.com\/fr\/wp-json\/wp\/v2\/types\/post"}],"author":[{"embeddable":true,"href":"https:\/\/www.europesays.com\/fr\/wp-json\/wp\/v2\/users\/2"}],"replies":[{"embeddable":true,"href":"https:\/\/www.europesays.com\/fr\/wp-json\/wp\/v2\/comments?post=163106"}],"version-history":[{"count":0,"href":"https:\/\/www.europesays.com\/fr\/wp-json\/wp\/v2\/posts\/163106\/revisions"}],"wp:featuredmedia":[{"embeddable":true,"href":"https:\/\/www.europesays.com\/fr\/wp-json\/wp\/v2\/media\/163107"}],"wp:attachment":[{"href":"https:\/\/www.europesays.com\/fr\/wp-json\/wp\/v2\/media?parent=163106"}],"wp:term":[{"taxonomy":"category","embeddable":true,"href":"https:\/\/www.europesays.com\/fr\/wp-json\/wp\/v2\/categories?post=163106"},{"taxonomy":"post_tag","embeddable":true,"href":"https:\/\/www.europesays.com\/fr\/wp-json\/wp\/v2\/tags?post=163106"}],"curies":[{"name":"wp","href":"https:\/\/api.w.org\/{rel}","templated":true}]}}