{"id":163115,"date":"2025-06-09T11:19:08","date_gmt":"2025-06-09T11:19:08","guid":{"rendered":"https:\/\/www.europesays.com\/fr\/163115\/"},"modified":"2025-06-09T11:19:08","modified_gmt":"2025-06-09T11:19:08","slug":"un-atelier-boutique-de-sculptures-et-dartisanat-dart","status":"publish","type":"post","link":"https:\/\/www.europesays.com\/fr\/163115\/","title":{"rendered":"un atelier-boutique de sculptures et d&rsquo;artisanat d&rsquo;art"},"content":{"rendered":"<p>            Par<br \/>\n        <strong><br \/>\n            <a href=\"https:\/\/actu.fr\/auteur\/fmass\" title=\"Consulter tous les articles de Fabien Massin\" rel=\"nofollow noopener\" target=\"_blank\">Fabien Massin<\/a><br \/>\n        <\/strong><\/p>\n<p>        Publi\u00e9 le<\/p>\n<p>            9 juin 2025 \u00e0 12h24        <\/p>\n<p>Le quartier des antiquaires \u00e0 <a href=\"https:\/\/actu.fr\/normandie\/rouen_76540\" rel=\"nofollow noopener\" target=\"_blank\">Rouen (Seine-Maritime)<\/a> accueille un petit nouveau, rue Damiette : <strong>Djef-Art<\/strong>, un atelier-boutique qui pr\u00e9sente des <strong>cr\u00e9ations d\u2019artisanat d\u2019art et des sculptures.\u00a0<\/strong><\/p>\n<p class=\" wall-content\">Djef-Art a \u00e9t\u00e9 cr\u00e9\u00e9 en 2018 par l\u2019artiste plasticien <strong>Hamoud Bouaicha et Pauline Da Silva<\/strong>, qui a \u00e9galement suivi un cursus artistique. Tous deux ont, par le pass\u00e9, travaill\u00e9 \u00e0 l\u2019atelier de sculptures \u00ab\u00a0Les racines du ciel\u00a0\u00bb, rue Martainville, qui n\u2019existe plus aujourd\u2019hui. C\u2019est d\u2019ailleurs comme cela qu\u2019ils se sont rencontr\u00e9s.<\/p>\n<p>Sculptures uniques et artisanat d\u2019art reproduisible<\/p>\n<p class=\" wall-content\">Djef-Art, c\u2019est un panel de plusieurs activit\u00e9s : conception de sculptures artistiques uniques et de sculptures artisanales reproduisibles, cours et stages, travail de sculpture ou d\u2019artisanat d\u2019art sur commande. \u00ab\u00a0Avec ce lieu vitrine, l\u2019id\u00e9e est de <strong>rassembler tous nos activit\u00e9s et prestations<\/strong> et de pouvoir les pr\u00e9senter au public\u00a0\u00bb, expliquent-ils.\u00a0<\/p>\n<p class=\" wall-content\">Les pi\u00e8ces r\u00e9alis\u00e9es puisent leur inspiration dans l\u2019histoire, notamment viking \u2014 ce sont eux qui ont r\u00e9alis\u00e9 le buste de Rollon de la<a href=\"https:\/\/actu.fr\/normandie\/rouen_76540\/on-a-decouvert-la-cite-immersive-viking-de-rouen-nos-premieres-impressions_61201150.html\" rel=\"nofollow noopener\" target=\"_blank\"> Cit\u00e9 immersive<\/a>, sur les quais rive gauche \u2014 , et le couple aimerait d\u00e9velopper une gamme de pi\u00e8ces <strong>faisant r\u00e9f\u00e9rence \u00e0 Rouen<\/strong> et son histoire.\u00a0<\/p>\n<p class=\" wall-content\">Dans ses cr\u00e9ations, Hamoud Bouaicha travaille la terre cuite, le bronze, la r\u00e9sine et autres mati\u00e8res composites, et la pierre reconstitu\u00e9e. La dorure sur bronze qu\u2019il utilise est celle de <strong>M\u00e9lie Duviella<\/strong>, qui a r\u00e9alis\u00e9 celles que l\u2019on peut actuellement voir <a href=\"https:\/\/actu.fr\/normandie\/rouen_76540\/en-images-decouvrez-la-signification-des-nouvelles-dorures-sur-la-cathedrale-de-rouen_45783884.html\" rel=\"nofollow noopener\" target=\"_blank\">sur les toits de la cath\u00e9drale de Rouen<\/a>. Son fondeur est <strong>Serge Frairrot<\/strong>.\u00a0<\/p>\n<p>Vid\u00e9os : en ce moment sur Actu<\/p>\n<p class=\" wall-content\">\u00c0 noter que le samedi, Hamoud Bouaicha fera des performances de modelage dans la rue, que le public pourra ainsi suivre en direct.\u00a0<\/p>\n<p>Djef-Art, 6, rue Damiette \u00e0 Rouen, ouvert du mardi au samedi.\u00a0<\/p>\n<p>Suivez l\u2019actualit\u00e9 de Rouen sur notre <a href=\"https:\/\/www.whatsapp.com\/channel\/0029VaKfnf99hXF2ddApFB1D\" rel=\"nofollow noopener\" target=\"_blank\">cha\u00eene WhatsApp<\/a> et sur notre <a href=\"https:\/\/www.tiktok.com\/@76actu.fr?lang=fr\" rel=\"nofollow noopener\" target=\"_blank\">compte TikTok<\/a><\/p>\n<p class=\" wall-content\">Suivez toute l\u2019actualit\u00e9 de vos villes et m\u00e9dias favoris en vous inscrivant \u00e0 <a href=\"https:\/\/moncompte.actu.fr\" title=\"D\u00e9couvez Mon Actu\" rel=\"nofollow noopener\" data-trk=\"{&quot;cta&quot;:{&quot;action&quot;:&quot;https:\\\/\\\/moncompte.actu.fr&quot;,&quot;category&quot;:&quot;mon compte&quot;,&quot;from&quot;:&quot;article footer&quot;,&quot;name&quot;:&quot;Mon actu&quot;,&quot;type&quot;:&quot;cta&quot;}}\" target=\"_blank\">Mon Actu<\/a>.<\/p>\n<p>                    <script async src=\"\/\/www.tiktok.com\/embed.js\"><\/script><\/p>\n","protected":false},"excerpt":{"rendered":"Par Fabien Massin Publi\u00e9 le 9 juin 2025 \u00e0 12h24 Le quartier des antiquaires \u00e0 Rouen (Seine-Maritime) accueille&hellip;\n","protected":false},"author":2,"featured_media":163116,"comment_status":"","ping_status":"","sticky":false,"template":"","format":"standard","meta":{"footnotes":""},"categories":[9587],"tags":[1111,11,1477,1777,674,1011,27,1652,12,5161,2551,25,9590],"class_list":{"0":"post-163115","1":"post","2":"type-post","3":"status-publish","4":"format-standard","5":"has-post-thumbnail","7":"category-rouen","8":"tag-actu","9":"tag-actualites","10":"tag-artisanat","11":"tag-eu","12":"tag-europe","13":"tag-fr","14":"tag-france","15":"tag-loisirs-culture","16":"tag-news","17":"tag-normandie","18":"tag-patrimoine","19":"tag-republique-francaise","20":"tag-rouen"},"share_on_mastodon":{"url":"https:\/\/pubeurope.com\/@fr\/114653138945842893","error":""},"_links":{"self":[{"href":"https:\/\/www.europesays.com\/fr\/wp-json\/wp\/v2\/posts\/163115","targetHints":{"allow":["GET"]}}],"collection":[{"href":"https:\/\/www.europesays.com\/fr\/wp-json\/wp\/v2\/posts"}],"about":[{"href":"https:\/\/www.europesays.com\/fr\/wp-json\/wp\/v2\/types\/post"}],"author":[{"embeddable":true,"href":"https:\/\/www.europesays.com\/fr\/wp-json\/wp\/v2\/users\/2"}],"replies":[{"embeddable":true,"href":"https:\/\/www.europesays.com\/fr\/wp-json\/wp\/v2\/comments?post=163115"}],"version-history":[{"count":0,"href":"https:\/\/www.europesays.com\/fr\/wp-json\/wp\/v2\/posts\/163115\/revisions"}],"wp:featuredmedia":[{"embeddable":true,"href":"https:\/\/www.europesays.com\/fr\/wp-json\/wp\/v2\/media\/163116"}],"wp:attachment":[{"href":"https:\/\/www.europesays.com\/fr\/wp-json\/wp\/v2\/media?parent=163115"}],"wp:term":[{"taxonomy":"category","embeddable":true,"href":"https:\/\/www.europesays.com\/fr\/wp-json\/wp\/v2\/categories?post=163115"},{"taxonomy":"post_tag","embeddable":true,"href":"https:\/\/www.europesays.com\/fr\/wp-json\/wp\/v2\/tags?post=163115"}],"curies":[{"name":"wp","href":"https:\/\/api.w.org\/{rel}","templated":true}]}}