{"id":163123,"date":"2025-06-09T11:26:10","date_gmt":"2025-06-09T11:26:10","guid":{"rendered":"https:\/\/www.europesays.com\/fr\/163123\/"},"modified":"2025-06-09T11:26:10","modified_gmt":"2025-06-09T11:26:10","slug":"pile-entre-rennes-et-saint-brieuc-ce-lotissement-est-idealement-place","status":"publish","type":"post","link":"https:\/\/www.europesays.com\/fr\/163123\/","title":{"rendered":"Pile entre Rennes et Saint-Brieuc, ce lotissement est \u00ab\u00a0id\u00e9alement plac\u00e9\u00a0\u00bb"},"content":{"rendered":"<p>            Par<br \/>\n        <strong><br \/>\n            <a href=\"https:\/\/actu.fr\/auteur\/journaliste-pb\" title=\"Consulter tous les articles de R\u00e9daction Dinan\" rel=\"nofollow noopener\" target=\"_blank\">R\u00e9daction Dinan<\/a><br \/>\n        <\/strong><\/p>\n<p>        Publi\u00e9 le<\/p>\n<p>            9 juin 2025 \u00e0 12h32        <\/p>\n<p>Situ\u00e9 au c\u0153ur du bourg, \u00e0 proximit\u00e9 de l\u2019\u00e9cole, mais aussi \u00e0 cinq minutes de la gare et de la RN12, le lotissement des Courils, \u00e0 <a href=\"https:\/\/actu.fr\/bretagne\/tredias_22348\" rel=\"nofollow noopener\" target=\"_blank\">Tr\u00e9dias<\/a> (C\u00f4tes-d\u2019Armor) se trouve \u00e0 quelques minutes de la commune de Broons, o\u00f9 se trouvent tous les commerces et services. Ce qui fait dire au premier adjoint de la commune, Didier Devrand, qu\u2019il est \u00ab id\u00e9alement plac\u00e9 \u00bb.<\/p>\n<p>Pas si loin des villes<\/p>\n<p class=\" wall-content\">Sept lots sont encore libres et le futur acqu\u00e9reur peut choisir son constructeur. Sur des emplacements qui vont <b>de 360m\u00b2 \u00e0 420m\u00b2 <\/b>pour un prix de 36\u00a0\u20acTTC le m\u00b2, le futur propri\u00e9taire b\u00e9n\u00e9ficiera du calme de la campagne tout en se trouvant non loin des grandes villes comme Rennes ou Saint-Brieuc.<\/p>\n<p class=\" wall-content\">\u00c0 titre indicatif, l\u2019\u00e9lu rappelle que \u00ab la taxe d\u2019am\u00e9nagement n\u2019est pas factur\u00e9e par la commune \u00bb.<\/p>\n<p class=\" wall-content\">L\u2019achat du terrain s\u2019est r\u00e9alis\u00e9 en 2018-2019 sur une surface de 7000m\u00b2 sur <b>une ancienne exploitation agricole <\/b>qui est quelque temps rest\u00e9e en friche.<\/p>\n<p class=\" wall-content\">Au dernier recensement, la population de Tr\u00e9dias s\u2019\u00e9l\u00e8ve \u00e0 environ 530\u00a0habitants. Pour tout renseignement, il convient de contacter la mairie au 02 96 84 81 62.<\/p>\n<p>Vid\u00e9os : en ce moment sur Actu<\/p>\n<p class=\" wall-content\">Suivez toute l\u2019actualit\u00e9 de vos villes et m\u00e9dias favoris en vous inscrivant \u00e0 <a href=\"https:\/\/moncompte.actu.fr\" title=\"D\u00e9couvez Mon Actu\" rel=\"nofollow noopener\" data-trk=\"{&quot;cta&quot;:{&quot;action&quot;:&quot;https:\\\/\\\/moncompte.actu.fr&quot;,&quot;category&quot;:&quot;mon compte&quot;,&quot;from&quot;:&quot;article footer&quot;,&quot;name&quot;:&quot;Mon actu&quot;,&quot;type&quot;:&quot;cta&quot;}}\" target=\"_blank\">Mon Actu<\/a>.<\/p>\n","protected":false},"excerpt":{"rendered":"Par R\u00e9daction Dinan Publi\u00e9 le 9 juin 2025 \u00e0 12h32 Situ\u00e9 au c\u0153ur du bourg, \u00e0 proximit\u00e9 de&hellip;\n","protected":false},"author":2,"featured_media":163124,"comment_status":"","ping_status":"","sticky":false,"template":"","format":"standard","meta":{"footnotes":""},"categories":[2821],"tags":[1111,11,829,33,1777,674,1011,27,12,584,25,1352],"class_list":{"0":"post-163123","1":"post","2":"type-post","3":"status-publish","4":"format-standard","5":"has-post-thumbnail","7":"category-rennes","8":"tag-actu","9":"tag-actualites","10":"tag-bretagne","11":"tag-economie","12":"tag-eu","13":"tag-europe","14":"tag-fr","15":"tag-france","16":"tag-news","17":"tag-rennes","18":"tag-republique-francaise","19":"tag-urbanisme"},"share_on_mastodon":{"url":"https:\/\/pubeurope.com\/@fr\/114653166655129153","error":""},"_links":{"self":[{"href":"https:\/\/www.europesays.com\/fr\/wp-json\/wp\/v2\/posts\/163123","targetHints":{"allow":["GET"]}}],"collection":[{"href":"https:\/\/www.europesays.com\/fr\/wp-json\/wp\/v2\/posts"}],"about":[{"href":"https:\/\/www.europesays.com\/fr\/wp-json\/wp\/v2\/types\/post"}],"author":[{"embeddable":true,"href":"https:\/\/www.europesays.com\/fr\/wp-json\/wp\/v2\/users\/2"}],"replies":[{"embeddable":true,"href":"https:\/\/www.europesays.com\/fr\/wp-json\/wp\/v2\/comments?post=163123"}],"version-history":[{"count":0,"href":"https:\/\/www.europesays.com\/fr\/wp-json\/wp\/v2\/posts\/163123\/revisions"}],"wp:featuredmedia":[{"embeddable":true,"href":"https:\/\/www.europesays.com\/fr\/wp-json\/wp\/v2\/media\/163124"}],"wp:attachment":[{"href":"https:\/\/www.europesays.com\/fr\/wp-json\/wp\/v2\/media?parent=163123"}],"wp:term":[{"taxonomy":"category","embeddable":true,"href":"https:\/\/www.europesays.com\/fr\/wp-json\/wp\/v2\/categories?post=163123"},{"taxonomy":"post_tag","embeddable":true,"href":"https:\/\/www.europesays.com\/fr\/wp-json\/wp\/v2\/tags?post=163123"}],"curies":[{"name":"wp","href":"https:\/\/api.w.org\/{rel}","templated":true}]}}