{"id":163129,"date":"2025-06-09T11:29:09","date_gmt":"2025-06-09T11:29:09","guid":{"rendered":"https:\/\/www.europesays.com\/fr\/163129\/"},"modified":"2025-06-09T11:29:09","modified_gmt":"2025-06-09T11:29:09","slug":"nice-une-femme-victime-dune-noyade-au-port-elle-est-hospitalisee-dans-un-etat-grave","status":"publish","type":"post","link":"https:\/\/www.europesays.com\/fr\/163129\/","title":{"rendered":"Nice. Une femme victime d&rsquo;une noyade au port, elle est hospitalis\u00e9e dans un \u00e9tat grave"},"content":{"rendered":"<p>            Par<br \/>\n        <strong><br \/>\n            <a href=\"https:\/\/actu.fr\/auteur\/ugo-maillard\" title=\"Consulter tous les articles de Ugo Maillard\" rel=\"nofollow noopener\" target=\"_blank\">Ugo Maillard<\/a><br \/>\n        <\/strong><\/p>\n<p>        Publi\u00e9 le<\/p>\n<p>            9 juin 2025 \u00e0 13h12        <\/p>\n<p>Les sapeurs-pompiers des <a href=\"https:\/\/actu.fr\/provence-alpes-cote-d-azur\/alpes-maritimes_06\" rel=\"nofollow noopener\" target=\"_blank\">Alpes-Maritimes<\/a> sont intervenus pour prendre en charge une <strong>femme de 70 ans victime d\u2019une noyade<\/strong> ce lundi 9\u00a0juin 2025, \u00e0 <a href=\"https:\/\/actu.fr\/nice\/\" rel=\"nofollow noopener\" target=\"_blank\">Nice<\/a>.<\/p>\n<p class=\" wall-content\">Les faits se sont produits dans la matin\u00e9e au niveau de la plage du port de Carras, \u00e0 proximit\u00e9 de l\u2019a\u00e9roport de Nice C\u00f4te d\u2019Azur, indique une source proche du dossier aupr\u00e8s d\u2019actu Nice.<\/p>\n<p>    <a href=\"https:\/\/www.google.com\/maps\/embed?pb=!1m18!1m12!1m3!1d2885.528048176403!2d7.228085911474652!3d43.67878437098046!2m3!1f0!2f0!3f0!3m2!1i1024!2i768!4f13.1!3m3!1m2!1s0x12cdd057b1e781df%3A0xc74295e0921440c8!2sPort%20Nice%20Carras!5e0!3m2!1sfr!2sfr!4v1749465734306!5m2!1sfr!2sfr\" title=\"Ouvrie le lien\" rel=\"nofollow noopener\" target=\"_blank\">Cliquez ici pour visualiser le contenu<\/a><\/p>\n<p class=\" wall-content\">La victime a \u00e9t\u00e9 extraite de l\u2019eau par des passants. Elle \u00e9tait inconsciente \u00e0 l\u2019arriv\u00e9e des secours.<\/p>\n<p>Transport\u00e9e \u00e0 l\u2019h\u00f4pital<\/p>\n<p class=\" wall-content\">La victime de 70\u00a0ans a \u00e9t\u00e9 prise en charge par le m\u00e9decin des sapeurs-pompiers puis <strong>transport\u00e9e en \u00e9tat grave<\/strong> sur les urgences de l\u2019Archet1, \u00e0 Nice.<\/p>\n<p>Vid\u00e9os : en ce moment sur Actu<\/p>\n<p class=\" wall-content\">\u00c0 noter que les polices nationales et municipales \u00e9taient sur les lieux.<\/p>\n<p class=\" wall-content\">Suivez toute l\u2019actualit\u00e9 de vos villes et m\u00e9dias favoris en vous inscrivant \u00e0 <a href=\"https:\/\/moncompte.actu.fr\" title=\"D\u00e9couvez Mon Actu\" rel=\"nofollow noopener\" data-trk=\"{&quot;cta&quot;:{&quot;action&quot;:&quot;https:\\\/\\\/moncompte.actu.fr&quot;,&quot;category&quot;:&quot;mon compte&quot;,&quot;from&quot;:&quot;article footer&quot;,&quot;name&quot;:&quot;Mon actu&quot;,&quot;type&quot;:&quot;cta&quot;}}\" target=\"_blank\">Mon Actu<\/a>.<\/p>\n","protected":false},"excerpt":{"rendered":"Par Ugo Maillard Publi\u00e9 le 9 juin 2025 \u00e0 13h12 Les sapeurs-pompiers des Alpes-Maritimes sont intervenus pour prendre&hellip;\n","protected":false},"author":2,"featured_media":163130,"comment_status":"","ping_status":"","sticky":false,"template":"","format":"standard","meta":{"footnotes":""},"categories":[2819],"tags":[1111,11,1777,674,118,1011,27,12,2401,1072,1311,882,25],"class_list":{"0":"post-163129","1":"post","2":"type-post","3":"status-publish","4":"format-standard","5":"has-post-thumbnail","7":"category-nice","8":"tag-actu","9":"tag-actualites","10":"tag-eu","11":"tag-europe","12":"tag-faits-divers","13":"tag-fr","14":"tag-france","15":"tag-news","16":"tag-nice","17":"tag-police","18":"tag-pompiers","19":"tag-provence-alpes-cote-dazur","20":"tag-republique-francaise"},"share_on_mastodon":{"url":"https:\/\/pubeurope.com\/@fr\/114653178445783529","error":""},"_links":{"self":[{"href":"https:\/\/www.europesays.com\/fr\/wp-json\/wp\/v2\/posts\/163129","targetHints":{"allow":["GET"]}}],"collection":[{"href":"https:\/\/www.europesays.com\/fr\/wp-json\/wp\/v2\/posts"}],"about":[{"href":"https:\/\/www.europesays.com\/fr\/wp-json\/wp\/v2\/types\/post"}],"author":[{"embeddable":true,"href":"https:\/\/www.europesays.com\/fr\/wp-json\/wp\/v2\/users\/2"}],"replies":[{"embeddable":true,"href":"https:\/\/www.europesays.com\/fr\/wp-json\/wp\/v2\/comments?post=163129"}],"version-history":[{"count":0,"href":"https:\/\/www.europesays.com\/fr\/wp-json\/wp\/v2\/posts\/163129\/revisions"}],"wp:featuredmedia":[{"embeddable":true,"href":"https:\/\/www.europesays.com\/fr\/wp-json\/wp\/v2\/media\/163130"}],"wp:attachment":[{"href":"https:\/\/www.europesays.com\/fr\/wp-json\/wp\/v2\/media?parent=163129"}],"wp:term":[{"taxonomy":"category","embeddable":true,"href":"https:\/\/www.europesays.com\/fr\/wp-json\/wp\/v2\/categories?post=163129"},{"taxonomy":"post_tag","embeddable":true,"href":"https:\/\/www.europesays.com\/fr\/wp-json\/wp\/v2\/tags?post=163129"}],"curies":[{"name":"wp","href":"https:\/\/api.w.org\/{rel}","templated":true}]}}