{"id":163131,"date":"2025-06-09T11:30:18","date_gmt":"2025-06-09T11:30:18","guid":{"rendered":"https:\/\/www.europesays.com\/fr\/163131\/"},"modified":"2025-06-09T11:30:18","modified_gmt":"2025-06-09T11:30:18","slug":"cest-gagne-a-nice-la-france-va-obtenir-la-mise-en-oeuvre-du-traite-sur-la-haute-mer","status":"publish","type":"post","link":"https:\/\/www.europesays.com\/fr\/163131\/","title":{"rendered":"\u00ab\u00a0C\u2019est gagn\u00e9 !\u00a0\u00bb: \u00e0 Nice, la France va obtenir la mise en \u0153uvre du Trait\u00e9 sur la haute mer"},"content":{"rendered":"<p>Le pr\u00e9sident fran\u00e7ais en a fait un symbole. La barre des soixante pays pr\u00eats \u00e0 ratifier le Trait\u00e9 pour la protection de la haute mer est en passe d\u2019\u00eatre franchie. Emmanuel Macron l\u2019a dit \u00e0 son arriv\u00e9e \u00e0 Nice, ce dimanche, et r\u00e9p\u00e9t\u00e9 ce lundi matin, \u00e0 l\u2019ouverture du Sommet de l\u2019Oc\u00e9an. \u00ab\u00a0L\u2019accord politique est obtenu, a martel\u00e9 le pr\u00e9sident. Ce Trait\u00e9 sur la haute mer sera bien mis en \u0153uvre. C\u2019est donc gagn\u00e9!\u00a0\u00bb<\/p>\n<p>Si toutes les promesses de ratification ne sont pas obtenues \u00e0 Nice, l\u2019\u00e9ch\u00e9ance est port\u00e9e \u00e0 la fin de l\u2019ann\u00e9e 2025. \u00ab\u00a0Aujourd\u2019hui \u00e0 Nice, les \u00c9tats membres des Nations-Unies ont rendu possible la mise en \u0153uvre du Trait\u00e9 de la mer avant la fin 2025. S\u2019ajoutant \u00e0 la cinquantaine d\u2019\u00c9tats qui auront ratifi\u00e9 \u00e0 l\u2019UNOC3, quinze pays se sont engag\u00e9s \u00e0 les rejoindre dans les semaines \u00e0 venir\u00a0\u00bb, a-t-il pr\u00e9cis\u00e9.<\/p>\n<p>Soixante, c\u2019est le nombre plancher de ratifications pour que le texte puisse entrer en vigueur. \u00c0 la tribune de la conf\u00e9rence des Nations-Unies sur l\u2019Oc\u00e9an (UNOC), Emmanuel Macron a rappel\u00e9 que \u00ab\u00a0les deux tiers de nos oc\u00e9ans vivaient sans r\u00e8gle\u00a0\u00bb. Il s\u2019agit des eaux internationales, que le pr\u00e9sident a qualifi\u00e9es de \u00ab\u00a0Far West\u00a0\u00bb.<\/p>\n<p>Expression reprise par le secr\u00e9taire g\u00e9n\u00e9ral des Nations-Unies, Antonio Guterres, dans une \u00ab\u00a0mise en garde contre l\u2019exploitation mini\u00e8re\u00a0\u00bb. \u00ab\u00a0Aujourd\u2019hui nous avons la possibilit\u00e9 de restaurer l\u2019abondance maritime. La biodiversit\u00e9 est un h\u00e9ritage que nous avons tous en partage.\u00a0\u00bb<\/p>\n<p><strong>Acc\u00e9l\u00e9ration diplomatique<\/strong><\/p>\n<p>Apr\u00e8s des mois d\u2019efforts diplomatiques et d\u2019incertitudes, la France marque clairement un point d\u00e9cisif sur la sc\u00e8ne internationale. \u00ab\u00a0C\u2019est une immense victoire pour la protection de l\u2019Oc\u00e9an, un tour de force de la diplomatie fran\u00e7aise\u00a0\u00bb, r\u00e9agit Jean-No\u00ebl Barrot, ministre des Affaires \u00e9trang\u00e8res.<\/p>\n<p>Ce lundi en fin de journ\u00e9e, une conf\u00e9rence de presse du pr\u00e9sident de la R\u00e9publique est annonc\u00e9e, o\u00f9 la liste de la cinquantaine de pays engag\u00e9s pourrait \u00eatre d\u00e9voil\u00e9e. La Chine en particulier figure parmi les nations qui veulent ratifier le texte. Cette \u00e9ch\u00e9ance va s\u2019incarner concr\u00e8tement dans un lieu, un bureau ouvert toute la semaine \u00e0 l\u2019UNOC, o\u00f9 les pays pourront \u00ab\u00a0d\u00e9poser leurs instruments de ratification\u00a0\u00bb.<\/p>\n<p><strong>Les \u00c9tats-Unis avaient sign\u00e9<\/strong><\/p>\n<p>En 2023, 115 \u00c9tats avaient sign\u00e9 le texte nomm\u00e9 en anglais BBNJ (Biodiversity beyond national juridictions), dont les Etats-Unis\u2026 mais c\u2019\u00e9tait un an avant l\u2019\u00e9lection de Donald Trump, une \u00e9ternit\u00e9. \u00ab\u00a0Sans ratification, aucune gouvernance de l\u2019Oc\u00e9an n\u2019est possible\u00a0\u00bb, avait rappel\u00e9 l\u2019envoy\u00e9 sp\u00e9cial du pr\u00e9sident \u00e0 l\u2019UNOC, l\u2019ambassadeur Olivier Poivre d\u2019Arvor. Le coup d\u2019acc\u00e9l\u00e9rateur est spectaculaire, alors que seulement une vingtaine de ratifications \u00e9taient d\u00e9nombr\u00e9es il y a trois semaines.<\/p>\n<p>Le Trait\u00e9 de haute mer permettra d\u2019engager une gouvernance concert\u00e9e des espaces maritimes les plus \u00e9loign\u00e9s des c\u00f4tes, mais qui ne sont pas les moins convoit\u00e9s. En avril dernier, Donald Trump a sign\u00e9 un d\u00e9cret pr\u00e9sidentiel, autorisant l\u2019exploitation mini\u00e8re profonde, en dehors de tout cadre l\u00e9gal. Entrant en contradiction frontale avec le principe d\u2019une gouvernance concert\u00e9e.<\/p>\n<p>Une fois ratifi\u00e9, le trait\u00e9 devrait permettre la cr\u00e9ation d\u2019une premi\u00e8re aire marine prot\u00e9g\u00e9e en haute mer, entre l\u2019Afrique du Sud et l\u2019Antarctique. Il pourra constituer un instrument majeur dans la lutte contre la p\u00eache ill\u00e9gale, non-report\u00e9e. Un poisson sur cinq est p\u00each\u00e9 ill\u00e9galement, a rappel\u00e9 Agn\u00e8s Pannier-Runacher, ministre de la Transition \u00e9cologique, \u00e0 Nice.<\/p>\n","protected":false},"excerpt":{"rendered":"Le pr\u00e9sident fran\u00e7ais en a fait un symbole. La barre des soixante pays pr\u00eats \u00e0 ratifier le Trait\u00e9&hellip;\n","protected":false},"author":2,"featured_media":163132,"comment_status":"","ping_status":"","sticky":false,"template":"","format":"standard","meta":{"footnotes":""},"categories":[2819],"tags":[1111,11,436,1777,674,1011,27,12,2401,316,882,25,41],"class_list":{"0":"post-163131","1":"post","2":"type-post","3":"status-publish","4":"format-standard","5":"has-post-thumbnail","7":"category-nice","8":"tag-actu","9":"tag-actualites","10":"tag-environnement","11":"tag-eu","12":"tag-europe","13":"tag-fr","14":"tag-france","15":"tag-news","16":"tag-nice","17":"tag-politique","18":"tag-provence-alpes-cote-dazur","19":"tag-republique-francaise","20":"tag-sciences"},"share_on_mastodon":{"url":"https:\/\/pubeurope.com\/@fr\/114653182755571198","error":""},"_links":{"self":[{"href":"https:\/\/www.europesays.com\/fr\/wp-json\/wp\/v2\/posts\/163131","targetHints":{"allow":["GET"]}}],"collection":[{"href":"https:\/\/www.europesays.com\/fr\/wp-json\/wp\/v2\/posts"}],"about":[{"href":"https:\/\/www.europesays.com\/fr\/wp-json\/wp\/v2\/types\/post"}],"author":[{"embeddable":true,"href":"https:\/\/www.europesays.com\/fr\/wp-json\/wp\/v2\/users\/2"}],"replies":[{"embeddable":true,"href":"https:\/\/www.europesays.com\/fr\/wp-json\/wp\/v2\/comments?post=163131"}],"version-history":[{"count":0,"href":"https:\/\/www.europesays.com\/fr\/wp-json\/wp\/v2\/posts\/163131\/revisions"}],"wp:featuredmedia":[{"embeddable":true,"href":"https:\/\/www.europesays.com\/fr\/wp-json\/wp\/v2\/media\/163132"}],"wp:attachment":[{"href":"https:\/\/www.europesays.com\/fr\/wp-json\/wp\/v2\/media?parent=163131"}],"wp:term":[{"taxonomy":"category","embeddable":true,"href":"https:\/\/www.europesays.com\/fr\/wp-json\/wp\/v2\/categories?post=163131"},{"taxonomy":"post_tag","embeddable":true,"href":"https:\/\/www.europesays.com\/fr\/wp-json\/wp\/v2\/tags?post=163131"}],"curies":[{"name":"wp","href":"https:\/\/api.w.org\/{rel}","templated":true}]}}