{"id":163133,"date":"2025-06-09T11:31:12","date_gmt":"2025-06-09T11:31:12","guid":{"rendered":"https:\/\/www.europesays.com\/fr\/163133\/"},"modified":"2025-06-09T11:31:12","modified_gmt":"2025-06-09T11:31:12","slug":"il-sintroduit-dans-les-bureaux-de-la-gare-de-nantes-et-vole-du-materiel-informatique","status":"publish","type":"post","link":"https:\/\/www.europesays.com\/fr\/163133\/","title":{"rendered":"Il s\u2019introduit dans les bureaux de la gare de Nantes et vole du mat\u00e9riel informatique"},"content":{"rendered":"<tr wp_automatic_readability=\"5.8783783783784\">\n<td valign=\"middle\" align=\"center\" class=\"col-logo\" wp_automatic_readability=\"5\">\n    <img decoding=\"async\" src=\"https:\/\/www.europesays.com\/fr\/wp-content\/uploads\/2025\/04\/logo-of-monetise.svg\" alt=\"logo Ouest-France\" height=\"66\"\/><\/p>\n<p>Contenu r\u00e9serv\u00e9 aux abonn\u00e9s<\/p>\n<\/td>\n<td class=\"col-titre\">\n\t\t\tLundi 09 juin 2025 12:01<br \/>\n\t\t\t<a class=\"icon-bulle sizeL count\" href=\"#ancreAvis\"><br \/>\n\t&#8230;<br \/>\n<\/a><\/td>\n<\/tr>\n<p>\t\t<a class=\"mavillebox2 elmt-photo\" href=\"https:\/\/maville.com\/photosmvi\/2025\/06\/09\/P35279619D6845401G.jpg\" title=\" Le parvis de la gare de Nantes.  \u00a9  Marc Roger\/Archives Ouest-France  &lt;!--TAG-BLC credit--&gt;\" rel=\"galerie_actu noopener\" target=\"_blank\"><br \/>\n\t<img decoding=\"async\" src=\"https:\/\/www.europesays.com\/fr\/wp-content\/uploads\/2025\/06\/P35279619D6845401G_crop_640-330_.jpg\" alt=\"photo  le parvis de la gare de nantes.  \u00a9  marc roger\/archives ouest-france \"\/><br \/>\n\t1<br \/>\n<\/a><\/p>\n<p class=\"elmt-legende\"> Le parvis de la gare de Nantes.  \u00a9  Marc Roger\/Archives Ouest-France  <\/p>\n<p>\t\tUn homme de 51\u00a0ans, notamment suspect\u00e9 de s\u2019\u00eatre introduit dans des bureaux de la gare de Nantes pour y voler du mat\u00e9riel informatique, a \u00e9t\u00e9 interpell\u00e9 et plac\u00e9 en garde \u00e0 vue dimanche 8\u00a0juin, \u00e0 Nantes (Loire-Atlantique).<\/p>\n<p><b>Cet article est r\u00e9serv\u00e9 aux abonn\u00e9s<\/b><\/p>\n<p>Pour un acc\u00e8s imm\u00e9diat, abonnez-vous<\/p>\n<p><b>1\u00e8re semaine offerte<\/b><\/p>\n<p>\t\t Youen TANGUY. \u00a0\u00a0<br \/>\n\t\tOuest-France<\/p>\n<p>Retrouvez d&rsquo;autres actus sur la commune de :<\/p>\n<p>\t\t&#13;<\/p>\n","protected":false},"excerpt":{"rendered":"Contenu r\u00e9serv\u00e9 aux abonn\u00e9s Lundi 09 juin 2025 12:01 &#8230; 1 Le parvis de la gare de Nantes.&hellip;\n","protected":false},"author":2,"featured_media":163134,"comment_status":"","ping_status":"","sticky":false,"template":"","format":"standard","meta":{"footnotes":""},"categories":[2818],"tags":[1111,11,7655,1777,674,1011,27,7533,311,19078,29592,766,12,2636,25,9343],"class_list":{"0":"post-163133","1":"post","2":"type-post","3":"status-publish","4":"format-standard","5":"has-post-thumbnail","7":"category-nantes","8":"tag-actu","9":"tag-actualites","10":"tag-bureaux","11":"tag-eu","12":"tag-europe","13":"tag-fr","14":"tag-france","15":"tag-gare","16":"tag-informatique","17":"tag-introduit","18":"tag-materiel","19":"tag-nantes","20":"tag-news","21":"tag-pays-de-la-loire","22":"tag-republique-francaise","23":"tag-vole"},"share_on_mastodon":{"url":"https:\/\/pubeurope.com\/@fr\/114653186431819243","error":""},"_links":{"self":[{"href":"https:\/\/www.europesays.com\/fr\/wp-json\/wp\/v2\/posts\/163133","targetHints":{"allow":["GET"]}}],"collection":[{"href":"https:\/\/www.europesays.com\/fr\/wp-json\/wp\/v2\/posts"}],"about":[{"href":"https:\/\/www.europesays.com\/fr\/wp-json\/wp\/v2\/types\/post"}],"author":[{"embeddable":true,"href":"https:\/\/www.europesays.com\/fr\/wp-json\/wp\/v2\/users\/2"}],"replies":[{"embeddable":true,"href":"https:\/\/www.europesays.com\/fr\/wp-json\/wp\/v2\/comments?post=163133"}],"version-history":[{"count":0,"href":"https:\/\/www.europesays.com\/fr\/wp-json\/wp\/v2\/posts\/163133\/revisions"}],"wp:featuredmedia":[{"embeddable":true,"href":"https:\/\/www.europesays.com\/fr\/wp-json\/wp\/v2\/media\/163134"}],"wp:attachment":[{"href":"https:\/\/www.europesays.com\/fr\/wp-json\/wp\/v2\/media?parent=163133"}],"wp:term":[{"taxonomy":"category","embeddable":true,"href":"https:\/\/www.europesays.com\/fr\/wp-json\/wp\/v2\/categories?post=163133"},{"taxonomy":"post_tag","embeddable":true,"href":"https:\/\/www.europesays.com\/fr\/wp-json\/wp\/v2\/tags?post=163133"}],"curies":[{"name":"wp","href":"https:\/\/api.w.org\/{rel}","templated":true}]}}