{"id":16314,"date":"2025-04-11T02:03:21","date_gmt":"2025-04-11T02:03:21","guid":{"rendered":"https:\/\/www.europesays.com\/fr\/16314\/"},"modified":"2025-04-11T02:03:21","modified_gmt":"2025-04-11T02:03:21","slug":"le-top-10-des-legendes-du-rugby-ayant-termine-leur-carriere-a-toulon","status":"publish","type":"post","link":"https:\/\/www.europesays.com\/fr\/16314\/","title":{"rendered":"le Top 10 des l\u00e9gendes du rugby ayant termin\u00e9 leur carri\u00e8re \u00e0 Toulon"},"content":{"rendered":"<p>            Par<br \/>\n        <strong><br \/>\n            <a href=\"https:\/\/actu.fr\/auteur\/thomas-corbet-actu-fr\" title=\"Consulter tous les articles de Thomas Corbet\" rel=\"nofollow noopener\" target=\"_blank\">Thomas Corbet<\/a><br \/>\n        <\/strong><\/p>\n<p>        Publi\u00e9 le<\/p>\n<p>            9 avr. 2025 \u00e0 6h30        <\/p>\n<p>L\u2019ouvreur gallois Dan Biggar ayant annonc\u00e9 sa retraite pour la fin de saison, c\u2019est l\u2019occasion de se pencher sur les grands joueurs ayant marqu\u00e9 l\u2019histoire du rugby moderne ainsi que celle, chacun \u00e0 leur mesure, du <a href=\"https:\/\/actu.fr\/rugby\/equipe\/toulon_64dd31547b8c09c4fec881a2\/\" rel=\"nofollow noopener\" target=\"_blank\">RCT<\/a>. Actu Rugby dresse un <strong>Top 10 des l\u00e9gendes ayant termin\u00e9 leur carri\u00e8re \u00e0 Toulon<\/strong>. Il y a du beau monde !<\/p>\n<p>Le Top 10 des joueurs ayant termin\u00e9 leur carri\u00e8re \u00e0 Toulon<\/p>\n<p class=\" wall-content\">Dresser un Top 10 est toujours un exercice un peu p\u00e9rilleux, surtout lorsque le classement en question se base sur des crit\u00e8res subjectifs. D\u2019ailleurs nous admettons sans peine que notre Top 10 ne ressemblera peut-\u00eatre pas \u00e0 celui des plus fervents supporters varois.<\/p>\n<p class=\" wall-content\">En l\u2019occurrence, il ne s\u2019agit pas de hi\u00e9rarchiser les joueurs en fonction de leur qualit\u00e9. Notre crit\u00e8re ? Une tentative d\u2019\u00e9quilibre entre la trace qu\u2019ils auront laiss\u00e9e sur le rugby mondial et la r\u00e9ussite de leur passage sur la rade.<\/p>\n<p>10. Alun Wyn Jones\u00a0<\/p>\n<p class=\" wall-content\">Nous aurions pu choisir le colosse anglais Andrew Sheridan. Voire Anton Oliver, ancien All Black venu faire une pige d\u2019une saison \u00e0 Toulon en 2008.<\/p>\n<p class=\" wall-content\">Mais c\u2019est la l\u00e9gende galloise Alun Wyn Jones qui emporte le suffrage, moins pour son bref passage dans le Var que pour sa carri\u00e8re internationale riche de 158 s\u00e9lections avec le pays de Galles et 12 avec les Lions britanniques et irlandais. Un monstre.<\/p>\n<p>9. Sergio Parisse<\/p>\n<p class=\" wall-content\">Lui aussi fort d\u2019une longue carri\u00e8re internationale avec 142 s\u00e9lections pour l\u2019Italie (un record) et 69 matchs dans le Tournoi des 6 Nations (un autre record), Sergio Parisse a en outre eu la chance de terminer sur un titre avec Toulon en Challenge Cup en 2023. Il fait d\u00e9sormais partie du staff du RCT.<\/p>\n<p>Vid\u00e9os : en ce moment sur Actu8. Carl Hayman<\/p>\n<p class=\" wall-content\">Avec l\u2019ancien droitier des All Blacks Carl Hayman, on entre dans la cat\u00e9gorie des joueurs qui ont marqu\u00e9 l\u2019histoire de Toulon de leur empreinte puisqu\u2019il fut de la \u00ab\u00a0dynastie\u00a0\u00bb des ann\u00e9es 2010 et du fameux tripl\u00e9 europ\u00e9en de l\u2019\u00e8re Boudjellal \u2013 Laporte. En plus d\u2019\u00eatre consid\u00e9r\u00e9 par beaucoup comme le meilleur pilier droit de l\u2019histoire !<\/p>\n<p>7. Mathieu Bastareaud<\/p>\n<p class=\" wall-content\">Pr\u00e8s de 200 matchs, trois titres de Champions Cup, un en Top 14, un caract\u00e8re bien tremp\u00e9 et un leadership qui en ont fait une des ic\u00f4nes des ann\u00e9es 2010 varoises, Mathieu Bastareaud s\u2019est b\u00e2ti un joli palmar\u00e8s \u00e0 Toulon. Et de fortes attaches qui l\u2019ont pouss\u00e9 \u00e0 y poursuivre l\u2019aventure apr\u00e8s sa carri\u00e8re de joueur.\u00a0<\/p>\n<p>6. Bryan Habana<\/p>\n<p class=\" wall-content\">Il y a quelques champions du monde dans ce Top 10 des l\u00e9gendes ayant fini leur carri\u00e8re \u00e0 Toulon, Bryan Habana est le premier. L\u2019ancien ailier des Springboks n\u2019a peut-\u00eatre pas toujours \u00e9t\u00e9 la meilleure version de lui-m\u00eame au RCT, mais il a tout de m\u00eame remport\u00e9 la Champions Cup \u00e0 deux reprises et un Top 14. On a fait pire !<\/p>\n<p>5. Bakkies Botha<\/p>\n<p class=\" wall-content\">Deuxi\u00e8me champion du monde sud-africain de notre classement, le titan Bakkies Botha fut l\u2019un des hommes de base du tripl\u00e9 europ\u00e9en du RCT 2013-2014-2015 et du doubl\u00e9 Champions Cup \u2013 Top 14 de 2014. Le 2e ligne \u00e9tait aussi f\u00e9roce sur les terrains qu\u2019il est sympathique en dehors\u2026 C\u2019est dire s\u2019il est sympathique !<\/p>\n<p>4. Drew Mitchell<\/p>\n<p class=\" wall-content\">Tout aussi sympathique que Bakkies Botha, probablement un cheveu moins redout\u00e9 dans les rucks que son ancien partenaire, Drew Mitchell n\u2019aura pas eu son palmar\u00e8s sur la sc\u00e8ne internationale (34 essais en 71 capes tout de m\u00eame). Il a en revanche marqu\u00e9 l\u2019histoire de Toulon, rien qu\u2019avec cet inoubliable essai inscrit contre Clermont en finale de Champions Cup 2015.<\/p>\n<p class=\" wall-content\">\n<p>3. Joe Van Niekerk<\/p>\n<p class=\" wall-content\">Il ne pouvait \u00eatre ailleurs que sur le podium de notre Top 10 des l\u00e9gendes ayant termin\u00e9 leur carri\u00e8re \u00e0 Toulon, m\u00eame si \u00e7a ne s\u2019est pas jou\u00e9 \u00e0 grand chose. Leader charismatique du RCT, Joe Van Niekerk en a longtemps \u00e9t\u00e9 le capitaine pendant les ann\u00e9es de reconstruction avant de conna\u00eetre lui aussi la gloire avec deux titres europ\u00e9ens et un en championnat (il n\u2019avait malheureusement pas jou\u00e9 les finales de 2014).\u00a0<\/p>\n<p>2. Juan Mart\u00edn Fern\u00e1ndez Lobbe<\/p>\n<p class=\" wall-content\">Juan Mart\u00edn Fern\u00e1ndez Lobbe si haut dans le classement, ce n\u2019est pas sans logique mais c\u2019est aussi un cri du c\u0153ur. \u00c0 Toulon de 2009 \u00e0 2018, il a \u00e9t\u00e9 de toutes les belles \u00e9pop\u00e9es avec le club au brin de muguet pendant cette p\u00e9riode. Juan Mart\u00edn Fern\u00e1ndez Lobbe, c\u2019\u00e9tait rien de moins que la tr\u00e8s grande classe tant le 3e ligne savait tout faire. Il n\u2019a pas \u00e9t\u00e9 champion du monde mais il prend la m\u00e9daille d\u2019argent.\u00a0<\/p>\n<p>1. Jonny Wilkinson<\/p>\n<p class=\" wall-content\">Jonny l\u2019\u00e9l\u00e9gance, Jonny le sang-froid, Jonny le fair play. Le parcours de Jonny Wilkinson, de la gloire aux difficult\u00e9s pour finir en pleine lumi\u00e8re, n\u2019est pas sans similitudes avec celui de Toulon.<\/p>\n<p class=\" wall-content\">Impossible de ne pas placer le demi d\u2019ouverture anglais \u00e0 la premi\u00e8re place tant il a incarn\u00e9 la renaissance toulonnaise, menant le RCT \u00e0 son 2e titre en Champions Cup (capitaine \u00e0 la place de Joe Van Niekerk) pour la derni\u00e8re saison de sa carri\u00e8re de joueur termin\u00e9e quelques semaines plus tard par une victoire en finale du Top 14. Une fin de r\u00eave pour un monument qui n\u2019en m\u00e9ritait pas moins.\u00a0<\/p>\n<p class=\" wall-content\">Suivez toute l\u2019actualit\u00e9 de vos villes et m\u00e9dias favoris en vous inscrivant \u00e0 <a href=\"https:\/\/moncompte.actu.fr\" title=\"D\u00e9couvez Mon Actu\" rel=\"nofollow noopener\" data-trk=\"{&quot;cta&quot;:{&quot;action&quot;:&quot;https:\\\/\\\/moncompte.actu.fr&quot;,&quot;category&quot;:&quot;mon compte&quot;,&quot;from&quot;:&quot;article footer&quot;,&quot;name&quot;:&quot;Mon actu&quot;,&quot;type&quot;:&quot;cta&quot;}}\" target=\"_blank\">Mon Actu<\/a>.<\/p>\n<ul class=\"ac-article-tag wall-content\">\n<li><a href=\"https:\/\/actu.fr\/tag\/mathieu-bastareaud\" data-trk=\"{&quot;cta&quot;:{&quot;action&quot;:&quot;Mathieu Bastareaud&quot;,&quot;category&quot;:&quot;tag&quot;,&quot;from&quot;:&quot;article footer&quot;,&quot;name&quot;:&quot;Mathieu Bastareaud&quot;,&quot;type&quot;:&quot;cta&quot;}}\" rel=\"nofollow noopener\" target=\"_blank\">#Mathieu Bastareaud<\/a><\/li>\n<li><a href=\"https:\/\/actu.fr\/tag\/rct-rugby-club-toulonnais\" data-trk=\"{&quot;cta&quot;:{&quot;action&quot;:&quot;RCT Rugby club toulonnais&quot;,&quot;category&quot;:&quot;tag&quot;,&quot;from&quot;:&quot;article footer&quot;,&quot;name&quot;:&quot;RCT Rugby club toulonnais&quot;,&quot;type&quot;:&quot;cta&quot;}}\" rel=\"nofollow noopener\" target=\"_blank\">#RCT Rugby club toulonnais<\/a><\/li>\n<\/ul>\n","protected":false},"excerpt":{"rendered":"Par Thomas Corbet Publi\u00e9 le 9 avr. 2025 \u00e0 6h30 L\u2019ouvreur gallois Dan Biggar ayant annonc\u00e9 sa retraite&hellip;\n","protected":false},"author":2,"featured_media":16315,"comment_status":"","ping_status":"","sticky":false,"template":"","format":"standard","meta":{"footnotes":""},"categories":[1416],"tags":[1011,27,6716,6717,479,1468,60,478],"class_list":{"0":"post-16314","1":"post","2":"type-post","3":"status-publish","4":"format-standard","5":"has-post-thumbnail","7":"category-rugby","8":"tag-fr","9":"tag-france","10":"tag-mathieu-bastareaud","11":"tag-rct-rugby-club-toulonnais","12":"tag-rugby","13":"tag-rugby-football","14":"tag-sports","15":"tag-top-14"},"share_on_mastodon":{"url":"https:\/\/pubeurope.com\/@fr\/114316876346401869","error":""},"_links":{"self":[{"href":"https:\/\/www.europesays.com\/fr\/wp-json\/wp\/v2\/posts\/16314","targetHints":{"allow":["GET"]}}],"collection":[{"href":"https:\/\/www.europesays.com\/fr\/wp-json\/wp\/v2\/posts"}],"about":[{"href":"https:\/\/www.europesays.com\/fr\/wp-json\/wp\/v2\/types\/post"}],"author":[{"embeddable":true,"href":"https:\/\/www.europesays.com\/fr\/wp-json\/wp\/v2\/users\/2"}],"replies":[{"embeddable":true,"href":"https:\/\/www.europesays.com\/fr\/wp-json\/wp\/v2\/comments?post=16314"}],"version-history":[{"count":0,"href":"https:\/\/www.europesays.com\/fr\/wp-json\/wp\/v2\/posts\/16314\/revisions"}],"wp:featuredmedia":[{"embeddable":true,"href":"https:\/\/www.europesays.com\/fr\/wp-json\/wp\/v2\/media\/16315"}],"wp:attachment":[{"href":"https:\/\/www.europesays.com\/fr\/wp-json\/wp\/v2\/media?parent=16314"}],"wp:term":[{"taxonomy":"category","embeddable":true,"href":"https:\/\/www.europesays.com\/fr\/wp-json\/wp\/v2\/categories?post=16314"},{"taxonomy":"post_tag","embeddable":true,"href":"https:\/\/www.europesays.com\/fr\/wp-json\/wp\/v2\/tags?post=16314"}],"curies":[{"name":"wp","href":"https:\/\/api.w.org\/{rel}","templated":true}]}}