{"id":163142,"date":"2025-06-09T11:36:16","date_gmt":"2025-06-09T11:36:16","guid":{"rendered":"https:\/\/www.europesays.com\/fr\/163142\/"},"modified":"2025-06-09T11:36:16","modified_gmt":"2025-06-09T11:36:16","slug":"video-decouvrez-georges-cat-un-hotel-cinq-etoiles-pour-chats-qui-ouvre-pres-de-toulouse","status":"publish","type":"post","link":"https:\/\/www.europesays.com\/fr\/163142\/","title":{"rendered":"VID\u00c9O. D\u00e9couvrez Georges Cat, un h\u00f4tel cinq \u00e9toiles pour chats qui ouvre pr\u00e8s de Toulouse"},"content":{"rendered":"<p>            Par<br \/>\n        <strong><br \/>\n            <a href=\"https:\/\/actu.fr\/auteur\/lea-afonso\" title=\"Consulter tous les articles de L\u00e9a Afonso\" rel=\"nofollow noopener\" target=\"_blank\">L\u00e9a Afonso<\/a><br \/>\n        <\/strong><\/p>\n<p>        Publi\u00e9 le<\/p>\n<p>            9 juin 2025 \u00e0 12h50        <\/p>\n<p>Encore rare dans la r\u00e9gion toulousaine, le concept <strong>d\u2019h\u00f4tel pour chats<\/strong> a trouv\u00e9 une nouvelle ambassadrice. Mathilde, ancienne assistante v\u00e9t\u00e9rinaire, a ouvert <a href=\"https:\/\/hotel-georgescat.fr\/hotel-georges-cat-toulouse-colomiers\/\" rel=\"nofollow noopener\" target=\"_blank\">Georges Cat<\/a> \u00e0 <a href=\"https:\/\/actu.fr\/occitanie\/colomiers_31149\" rel=\"nofollow noopener\" target=\"_blank\">Colomiers<\/a>, pr\u00e8s de <a href=\"https:\/\/actu.fr\/toulouse\/\" rel=\"nofollow noopener\" target=\"_blank\">Toulouse<\/a>. Un \u00e9tablissement <strong>haut de gamme<\/strong> pouvant accueillir jusqu\u2019\u00e0 50 f\u00e9lins. Bien-\u00eatre, s\u00e9curit\u00e9 et attention quotidienne sont au c\u0153ur de ce projet qui a abouti \u00e0 la fin mai\u00a02025. Rencontre.<\/p>\n<p>Un concept peu connu<\/p>\n<p class=\" wall-content\">Toulouse et ses environs connaissaient les<a href=\"https:\/\/actu.fr\/occitanie\/toulouse_31555\/chapristea-toulouse-a-ouvert-son-premier-bar-a-chats-visite-guidee-en-images_3672098.html\" rel=\"nofollow noopener\" target=\"_blank\"><strong> bars \u00e0 chats<\/strong><\/a>\u2026 mais le concept d\u2019h\u00f4tel \u00e0 f\u00e9lin est encore peu r\u00e9pandu. Alors Mathilde a tenu \u00e0 apporter sa patte en montant son projet haut de gamme\u2009! \u00ab\u2009Georges Cat poss\u00e8de<strong> 32 chambres<\/strong> dont 16 \u2018solos\u2019, 14 \u2018duos\u2019 pour deux chats de la m\u00eame famille et deux chambres \u2018famille\u2019, pour trois chats d\u2019un m\u00eame foyer\u2009\u00bb, explique la jeune femme. Au total,<strong> 50 chats<\/strong> peuvent \u00eatre en r\u00e9sidence au Georges Cat, d\u00e8s <strong>25\u00a0\u20ac la journ\u00e9e.<\/strong><\/p>\n<p>    <img   decoding=\"async\" loading=\"lazy\" src=\"https:\/\/www.europesays.com\/fr\/wp-content\/uploads\/2025\/06\/georges-cat-3-960x640.jpg\" alt=\"Ici, une chambre pour un chat. Certaines chambres de l'h\u00f4tel peuvent contenir jusqu'\u00e0 trois f\u00e9lins de la m\u00eame famille\" width=\"960\" height=\"640\"\/><br \/>\n    Ici, une chambre pour un chat. Certaines chambres de l\u2019h\u00f4tel peuvent contenir jusqu\u2019\u00e0 trois f\u00e9lins de la m\u00eame famille (\u00a9L\u00e9a Afonso \/ Actu Toulouse )<\/p>\n<p class=\" wall-content\">Les personnes souhaitant partir en voyage, d\u00e9placement professionnel ou autres d\u00e9posent leurs animaux pour une dur\u00e9e de <strong>trois jours minimum \u00e0 de l\u2019illimit\u00e9e<\/strong>. \u00ab\u2009Les propri\u00e9taires peuvent venir visiter les lieux au pr\u00e9alable, puis je leur fais signer un contrat avec les conditions de la garde et ils repartent en laissant leur chat. Chaque jour, je leur envoie des photos et tous les trois jours un bilan \u00e9crit, afin qu\u2019ils prennent des nouvelles\u2009\u00bb, continue Mathilde.<\/p>\n<p>Tout pour le bien-\u00eatre animal<br \/>\n    <img   decoding=\"async\" loading=\"lazy\" src=\"https:\/\/www.europesays.com\/fr\/wp-content\/uploads\/2025\/06\/georges-cat-16-960x640.jpg\" alt=\"Arbres \u00e0 chats, jeux et ext\u00e9rieur sont \u00e0 disposition des animaux, en totale libert\u00e9 durant la journ\u00e9e \" width=\"960\" height=\"640\"\/><br \/>\n    Arbres \u00e0 chats, jeux et ext\u00e9rieur sont \u00e0 disposition des animaux, en totale libert\u00e9 durant la journ\u00e9e (\u00a9L\u00e9a Afonso \/ Actu Toulouse )<\/p>\n<p class=\" wall-content\">Chaque jour, Mathilde prend soin de ces boules de poils. \u00ab\u2009\u00c0 leur arriv\u00e9e, les chats restent trois jours dans la chambre pour s\u2019adapter \u00e0 ce nouvel environnement, puis je leur ouvre les portes\u2009!\u2009\u00bb. Concr\u00e8tement, les <strong>chats dorment dans leur chambre<\/strong>, puis le matin Mathilde leur donne \u00e0 manger et les laisse \u00e0 leurs occupations. \u00ab\u2009Ils sont <strong>libres<\/strong> de vagabonder la journ\u00e9e dans l\u2019h\u00f4tel. Je <strong>joue<\/strong> avec eux, ils vont sur<strong> l\u2019arbre \u00e0 chat, dehors,<\/strong> dans un espace s\u00e9curis\u00e9\u2026\u2009\u00bb<\/p>\n<p class=\" wall-content\">Des<strong> cam\u00e9ras de vid\u00e9os surveillance<\/strong> sont install\u00e9es dans tout l\u2019h\u00f4tel afin que Mathilde les surveille m\u00eame depuis chez elle.<\/p>\n<p>Des chats puc\u00e9s et vaccin\u00e9s<\/p>\n<p class=\" wall-content\">Pour \u00eatre accept\u00e9 au Georges Cat, un chat doit respecter plusieurs crit\u00e8res\u2009: \u00ab\u2009il doit avoir <strong>six mois<\/strong> au minimum, \u00eatre <strong>st\u00e9rilis\u00e9<\/strong> ou <strong>castr\u00e9<\/strong>, \u00eatre identifiable par <strong>puce<\/strong> ou <strong>tatouage<\/strong>, et bien s\u00fbr \u00eatre en bonne sant\u00e9\u2009\u00bb, notifie Mathilde.<\/p>\n<p class=\" wall-content\">Les <strong>vaccins<\/strong> de base doivent aussi \u00eatre r\u00e9alis\u00e9s, il s\u2019agit de ceux pour le\u00a0typhus, le coryza et la\u00a0leucose. \u00ab\u2009Si un traitement doit \u00eatre administr\u00e9 \u00e0 un chat, je peux aussi le r\u00e9aliser gr\u00e2ce \u00e0 ma formation d\u2019assistant v\u00e9t\u00e9rinaire. Il faut simplement que les propri\u00e9taires m\u2019apportent l\u2019ordonnance\u2009\u00bb. Et en cas de probl\u00e8me, une clause du contrat sign\u00e9 par les propri\u00e9taires autorise Mathilde \u00e0 amener l\u2019animal chez le v\u00e9t\u00e9rinaire.<\/p>\n<p class=\" wall-content\"><a href=\"https:\/\/www.instagram.com\/p\/DKhFDkbCoU-\/embed\" title=\"Ouvrir le lien sur Instagram\" rel=\"nofollow noopener\" target=\"_blank\">Visualiser le contenu sur Instagram<\/a><\/p>\n<p>Un r\u00eave de vie<\/p>\n<p class=\" wall-content\">Apr\u00e8s avoir travaill\u00e9 durant <strong>six ans comme assistante v\u00e9t\u00e9rinaire<\/strong>, Mathilde a tout quitt\u00e9 pour ouvrir son h\u00f4tel pour chats. \u00ab\u2009Je ne voyais pas de perspectives dans mon m\u00e9tier, alors j\u2019ai fait un bilan de comp\u00e9tence o\u00f9 l\u2019on m\u2019a demand\u00e9 mes<strong> m\u00e9tiers de r\u00eaves<\/strong>. Parmi ceux cit\u00e9s,<strong> l\u2019h\u00f4tel pour chats<\/strong> y figurait. Alors, je me suis dit, pourquoi pas\u2009?\u2009\u00bb, raconte la jeune femme.<\/p>\n<p class=\" wall-content\">Quelques recherches sur les franchises plus tard, des appels avec le si\u00e8ge de Georges Cat \u00e0 Nantes et apr\u00e8s un an pour que le projet se concr\u00e9tise, Mathilde se lance et inaugure les lieux\u2009!<\/p>\n<p class=\" wall-content\">Mais travail de r\u00eave ne va pas sans <strong>responsabilit\u00e9\u2009<\/strong>: \u00ab\u2009J\u2019ai une grosse partie administrative qui m\u2019attend tous les jours, des commandes, le recrutement d\u2019employ\u00e9s pour l\u2019\u00e9t\u00e9, les r\u00e9servations, remplir des carnets de sant\u00e9\u2026\u2009\u00bb termine la jeune femme, tout de m\u00eame \u00e9panouie au quotidien.\u00a0<\/p>\n<p>Infos pratiques :<br \/>Georges Cat, 17 All. Michel de Montaigne, 31770 Colomiers<br \/>Du lundi au samedi de 10h \u00e0 12h et de 16h \u00e0 19h et le dimanche de 10h \u00e0 12h et de 17h \u00e0 19h<\/p>\n<p class=\" wall-content\">Suivez toute l\u2019actualit\u00e9 de vos villes et m\u00e9dias favoris en vous inscrivant \u00e0 <a href=\"https:\/\/moncompte.actu.fr\" title=\"D\u00e9couvez Mon Actu\" rel=\"nofollow noopener\" data-trk=\"{&quot;cta&quot;:{&quot;action&quot;:&quot;https:\\\/\\\/moncompte.actu.fr&quot;,&quot;category&quot;:&quot;mon compte&quot;,&quot;from&quot;:&quot;article footer&quot;,&quot;name&quot;:&quot;Mon actu&quot;,&quot;type&quot;:&quot;cta&quot;}}\" target=\"_blank\">Mon Actu<\/a>.<\/p>\n<p>                    <script async src=\"\/\/www.instagram.com\/embed.js\"><\/script><\/p>\n","protected":false},"excerpt":{"rendered":"Par L\u00e9a Afonso Publi\u00e9 le 9 juin 2025 \u00e0 12h50 Encore rare dans la r\u00e9gion toulousaine, le concept&hellip;\n","protected":false},"author":2,"featured_media":163143,"comment_status":"","ping_status":"","sticky":false,"template":"","format":"standard","meta":{"footnotes":""},"categories":[2816],"tags":[1111,11,7654,1777,674,1011,27,1305,12,2680,25,1341,2312,133],"class_list":{"0":"post-163142","1":"post","2":"type-post","3":"status-publish","4":"format-standard","5":"has-post-thumbnail","7":"category-toulouse","8":"tag-actu","9":"tag-actualites","10":"tag-chat","11":"tag-eu","12":"tag-europe","13":"tag-fr","14":"tag-france","15":"tag-lifestyle","16":"tag-news","17":"tag-occitanie","18":"tag-republique-francaise","19":"tag-sortir-a-toulouse","20":"tag-toulouse","21":"tag-video"},"share_on_mastodon":{"url":"https:\/\/pubeurope.com\/@fr\/114653206037419195","error":""},"_links":{"self":[{"href":"https:\/\/www.europesays.com\/fr\/wp-json\/wp\/v2\/posts\/163142","targetHints":{"allow":["GET"]}}],"collection":[{"href":"https:\/\/www.europesays.com\/fr\/wp-json\/wp\/v2\/posts"}],"about":[{"href":"https:\/\/www.europesays.com\/fr\/wp-json\/wp\/v2\/types\/post"}],"author":[{"embeddable":true,"href":"https:\/\/www.europesays.com\/fr\/wp-json\/wp\/v2\/users\/2"}],"replies":[{"embeddable":true,"href":"https:\/\/www.europesays.com\/fr\/wp-json\/wp\/v2\/comments?post=163142"}],"version-history":[{"count":0,"href":"https:\/\/www.europesays.com\/fr\/wp-json\/wp\/v2\/posts\/163142\/revisions"}],"wp:featuredmedia":[{"embeddable":true,"href":"https:\/\/www.europesays.com\/fr\/wp-json\/wp\/v2\/media\/163143"}],"wp:attachment":[{"href":"https:\/\/www.europesays.com\/fr\/wp-json\/wp\/v2\/media?parent=163142"}],"wp:term":[{"taxonomy":"category","embeddable":true,"href":"https:\/\/www.europesays.com\/fr\/wp-json\/wp\/v2\/categories?post=163142"},{"taxonomy":"post_tag","embeddable":true,"href":"https:\/\/www.europesays.com\/fr\/wp-json\/wp\/v2\/tags?post=163142"}],"curies":[{"name":"wp","href":"https:\/\/api.w.org\/{rel}","templated":true}]}}