{"id":163148,"date":"2025-06-09T11:39:09","date_gmt":"2025-06-09T11:39:09","guid":{"rendered":"https:\/\/www.europesays.com\/fr\/163148\/"},"modified":"2025-06-09T11:39:09","modified_gmt":"2025-06-09T11:39:09","slug":"a-marseille-latelier-de-reparation-de-velos-feministe-qui-donne-des-ailes","status":"publish","type":"post","link":"https:\/\/www.europesays.com\/fr\/163148\/","title":{"rendered":"\u00c0 Marseille, l\u2019atelier de r\u00e9paration de v\u00e9los f\u00e9ministe qui donne des ailes"},"content":{"rendered":"<p>Le <a href=\"https:\/\/www.laprovence.com\/article\/societe\/20926825754877\/je-me-transforme-en-maman-ours-qui-protege-son-petit-a-velo-ces-parents-marseillais-font-de-la-resistance\" target=\"_blank\" rel=\"noopener\">milieu du v\u00e9lo marseillais<\/a> a sa \u00ab\u00a0safe place\u00a0\u00bb et elle s\u2019appelle Ecrew Vis. Fond\u00e9 en 2021 et accueilli \u00e0 la Maison du v\u00e9lo (4e) depuis le d\u00e9but de l\u2019ann\u00e9e 2025, cet atelier de r\u00e9paration f\u00e9ministe transmet le go\u00fbt de la m\u00e9canique et d\u00e9construit <a href=\"https:\/\/www.laprovence.com\/article\/societe\/1324099280695715\/sexisme-au-travail-pres-de-7-femmes-sur-10-confrontee-a-une-situation-discriminatoire-dans-leur-entreprise\" target=\"_blank\" rel=\"noopener\">le sexisme<\/a> r\u00e9pandu dans les activit\u00e9s manuelles.<\/p>\n<p>Des centaines de pi\u00e8ces d\u2019occasion \u00e0 prix libre<\/p>\n<p>Ce lundi soir du d\u00e9but du mois de juin, trois b\u00e9n\u00e9voles &#8211; Marion, Oph\u00e9lie et Ana\u00efs &#8211; accueillent plus d\u2019une quinzaine de participantes. Parmi elles, Emma fait partie des fid\u00e8les. \u00ab\u00a0Avant, je ne connaissais rien \u00e0 la m\u00e9canique et je n\u2019avais pas de quoi payer un r\u00e9parateur. J\u2019ai trouv\u00e9 la bienveillance dont j\u2019avais besoin pour passer le pas et mettre les mains dans le cambouis. Depuis, je me <a href=\"https:\/\/www.laprovence.com\/article\/region\/1858179557221315\/marseille-sur-le-littoral-sud-les-cyclistes-veulent-un-plan-velo-qui-passe-la-seconde\" target=\"_blank\" rel=\"noopener\">d\u00e9place uniquement \u00e0 v\u00e9lo<\/a>\u00ab\u00a0, assure cette fonctionnaire de 28 ans.<\/p>\n<p>\u00c0 la Maison du v\u00e9lo, qui accueille l\u2019atelier tous les lundis soir, Charlotte ambitionne de r\u00e9parer une roue voil\u00e9e. \u00ab\u00a0Je n\u2019avais aucun outil chez moi alors qu\u2019ici, il y a tout, sans parler des centaines de pi\u00e8ces d\u2019occasion \u00e0 prix libre qu\u2019on peut trouver\u00a0\u00bb, se r\u00e9jouit cette ma\u00eetre-composteure, tandis que les v\u00e9los r\u00e9par\u00e9s gracieusement par l\u2019association sont, eux, propos\u00e9s \u00e0 la vente sur <a href=\"https:\/\/www.instagram.com\/les_ecrew_vis\/\" target=\"_blank\" rel=\"noopener\">le compte Instagram de l\u2019atelier.<\/a><\/p>\n<p>\u00ab\u00a0Quand je roule, je me sens en s\u00e9curit\u00e9\u00a0\u00bb<\/p>\n<p>Post\u00e9e devant le <a href=\"https:\/\/www.laprovence.com\/article\/ecoplanete\/51088470851741\/goutez-aux-joies-des-mobilites-douces-avec-un-velo-electrique\" target=\"_blank\" rel=\"noopener\">v\u00e9lo \u00e9lectrique<\/a> en bambou qu\u2019elle s\u2019est offert, Camille voit dans le deux-roues \u00ab\u00a0le meilleur alli\u00e9 de la femme pour se sentir en s\u00e9curit\u00e9\u00a0\u00bb dans l\u2019espace public. \u00ab\u00a0Avec, on ne d\u00e9pend de personne pour rentrer de soir\u00e9e, et on peut aller vite en cas de probl\u00e8me sur la route\u00a0\u00bb, d\u00e9peint-elle. Rapha\u00eblle a quant \u00e0 elle eu la surprise de d\u00e9couvrir un vieux v\u00e9lo Motob\u00e9cane dans la cave de son nouvel appartement. \u00ab\u00a0M\u00eame si je n\u2019avais pas de comp\u00e9tences en m\u00e9canique, je me sens comme \u00e0 la maison. Je sais que je ne serai jamais jug\u00e9e ni mise de c\u00f4t\u00e9 parce que je ne ma\u00eetrise pas les bons gestes en r\u00e9parant\u00a0\u00bb, vante-t-elle, tandis que la charte des Ecrew Vis pr\u00e9cise que l\u2019atelier fonctionne \u00ab\u00a0sans hi\u00e9rarchie\u00a0\u00bb et \u00ab\u00a0sans mecs\u2019cis&rsquo; (dont le sexe correspond \u00e0 celui assign\u00e9 \u00e0 sa naissance) comme b\u00e9n\u00e9voles\u00a0\u00bb.<\/p>\n<p>Chez les Ecrew Vis, \u00ab\u00a0pas de petits surnoms affectueux ou de comportements sexistes. Tout le monde est sur un pied d\u2019\u00e9galit\u00e9 et tant pis pour ceux qui ne le comprendraient pas\u00a0\u00bb, indique Marion, b\u00e9n\u00e9vole. Dipl\u00f4m\u00e9e en\u00a02024 de \u00ab\u00a0technicienne cycle\u00a0\u00bb, la jeune femme en a fait l\u2019un de ses \u00ab\u00a0vrais jobs\u00a0\u00bb, avec la<a href=\"https:\/\/www.laprovence.com\/article\/region\/1011632102622114\/a-marseille-un-appel-a-candidatures-est-lance-pour-inciter-les-professionnels-a-livrer-en-velo-cargo\" target=\"_blank\" rel=\"noopener\"> livraison \u00e0 deux roues<\/a> pour une entreprise marseillaise. \u00ab\u00a0Je ne vois pas mes journ\u00e9es passer, \u00e7a veut dire que j\u2019ai vraiment choisi le bon m\u00e9tier. Le seul probl\u00e8me, c\u2019est que j\u2019ai sept v\u00e9los et que je ne sais jamais lequel choisir.\u00a0\u00bb En un mot : l\u2019\u00e9mancipation. En roue libre.<\/p>\n<p><script async src=\"\/\/www.instagram.com\/embed.js\"><\/script><\/p>\n","protected":false},"excerpt":{"rendered":"Le milieu du v\u00e9lo marseillais a sa \u00ab\u00a0safe place\u00a0\u00bb et elle s\u2019appelle Ecrew Vis. Fond\u00e9 en 2021 et&hellip;\n","protected":false},"author":2,"featured_media":163149,"comment_status":"","ping_status":"","sticky":false,"template":"","format":"standard","meta":{"footnotes":""},"categories":[2814],"tags":[17,1111,11,29594,29596,1777,674,1294,1011,27,884,29593,12,29595,882,16,25,96],"class_list":{"0":"post-163148","1":"post","2":"type-post","3":"status-publish","4":"format-standard","5":"has-post-thumbnail","7":"category-marseille","8":"tag-17","9":"tag-actu","10":"tag-actualites","11":"tag-depend","12":"tag-ecrew","13":"tag-eu","14":"tag-europe","15":"tag-femme","16":"tag-fr","17":"tag-france","18":"tag-marseille","19":"tag-mecano","20":"tag-news","21":"tag-personne","22":"tag-provence-alpes-cote-dazur","23":"tag-region","24":"tag-republique-francaise","25":"tag-une"},"share_on_mastodon":{"url":"https:\/\/pubeurope.com\/@fr\/114653218401949025","error":""},"_links":{"self":[{"href":"https:\/\/www.europesays.com\/fr\/wp-json\/wp\/v2\/posts\/163148","targetHints":{"allow":["GET"]}}],"collection":[{"href":"https:\/\/www.europesays.com\/fr\/wp-json\/wp\/v2\/posts"}],"about":[{"href":"https:\/\/www.europesays.com\/fr\/wp-json\/wp\/v2\/types\/post"}],"author":[{"embeddable":true,"href":"https:\/\/www.europesays.com\/fr\/wp-json\/wp\/v2\/users\/2"}],"replies":[{"embeddable":true,"href":"https:\/\/www.europesays.com\/fr\/wp-json\/wp\/v2\/comments?post=163148"}],"version-history":[{"count":0,"href":"https:\/\/www.europesays.com\/fr\/wp-json\/wp\/v2\/posts\/163148\/revisions"}],"wp:featuredmedia":[{"embeddable":true,"href":"https:\/\/www.europesays.com\/fr\/wp-json\/wp\/v2\/media\/163149"}],"wp:attachment":[{"href":"https:\/\/www.europesays.com\/fr\/wp-json\/wp\/v2\/media?parent=163148"}],"wp:term":[{"taxonomy":"category","embeddable":true,"href":"https:\/\/www.europesays.com\/fr\/wp-json\/wp\/v2\/categories?post=163148"},{"taxonomy":"post_tag","embeddable":true,"href":"https:\/\/www.europesays.com\/fr\/wp-json\/wp\/v2\/tags?post=163148"}],"curies":[{"name":"wp","href":"https:\/\/api.w.org\/{rel}","templated":true}]}}