{"id":163152,"date":"2025-06-09T11:41:15","date_gmt":"2025-06-09T11:41:15","guid":{"rendered":"https:\/\/www.europesays.com\/fr\/163152\/"},"modified":"2025-06-09T11:41:15","modified_gmt":"2025-06-09T11:41:15","slug":"incandescences-2025-tremplin-du-theatre-regional","status":"publish","type":"post","link":"https:\/\/www.europesays.com\/fr\/163152\/","title":{"rendered":"Incandescences 2025 : Tremplin du th\u00e9\u00e2tre r\u00e9gional"},"content":{"rendered":"<p>                            <img loading=\"lazy\" width=\"1200\" height=\"800\" class=\"attachment-article size-article wp-post-image lazyload\" alt=\"\" decoding=\"async\" src=\"https:\/\/www.europesays.com\/fr\/wp-content\/uploads\/2025\/06\/La-Femme-aux-oiseaux1_credit_Theatre-Merken_1920X1280.jpg\" data-eio-rwidth=\"1200\" data-eio-rheight=\"800\"\/><\/p>\n<p>\u00a9 Th\u00e9\u00e2tre Merken \u2013 La Femme aux oiseaux<\/p>\n<p class=\"content\" style=\"font-size:1.2em;font-weight:700\">De retour pour une 4e \u00e9dition, ce rendez-vous incontournable du th\u00e9\u00e2tre soutient les artistes de la r\u00e9gion, \u00e9mergents comme confirm\u00e9s. Pendant cinq jours, le public d\u00e9couvre de nouveaux univers, et le jury d\u00e9signe deux projets appel\u00e9s \u00eatre diffus\u00e9s plus largement.<\/p>\n<p><strong>Le Prix Incandescences 2025 :<\/strong><\/p>\n<p>Du 17 au 21 juin 2025, le Th\u00e9\u00e2tre des C\u00e9lestins et le\u00a0Th\u00e9\u00e2tre National Populaire de Villeurbanne\u00a0accueillent cette 4\u1d49\u00a0\u00e9dition. Imagin\u00e9 comme un v\u00e9ritable tremplin artistique, ce prix met en lumi\u00e8re des projets en devenir aussi bien que des spectacles aboutis, port\u00e9s par des compagnies \u00e9mergentes ou confirm\u00e9es.<\/p>\n<p><img loading=\"lazy\" decoding=\"async\" width=\"1200\" height=\"800\" alt=\"\" class=\"wp-image-448273 lazyload\" src=\"https:\/\/www.europesays.com\/fr\/wp-content\/uploads\/2025\/06\/Random-Access-Memories_credit_Katell-Paugam_1920x1280.jpg\" data-eio-rwidth=\"1200\" data-eio-rheight=\"800\"\/>\u00a9 Katell Paugam &#8211; Random Access Memories<strong>Un prix pour faire rayonner la cr\u00e9ation <\/strong>th\u00e9\u00e2trale r\u00e9gionale<\/p>\n<p>Cr\u00e9\u00e9 dans une volont\u00e9 d\u2019\u00e9galit\u00e9 entre les \u00e9quipes artistiques, le Prix Incandescences \u201cse distingue par sa capacit\u00e9 \u00e0 favoriser les \u00e9changes, la circulation des \u0153uvres et les rencontres. Il s\u2019adresse \u00e0 toutes les \u00e9quipes artistiques de la r\u00e9gion, \u00e9mergentes ou confirm\u00e9es, dans un esprit d\u2019\u00e9galit\u00e9\u201d selon les deux directeurs des institutions, Pierre-Yves Lenoir et Jean Bellorini. C\u2019est donc un v\u00e9ritable temps fort du calendrier culturel local.\u00a0<\/p>\n<p>Pour cette \u00e9dition 2025, ce sont\u00a0<a href=\"https:\/\/www.prixincandescences.com\" rel=\"nofollow noopener\" target=\"_blank\">10 maquettes de spectacles\u00a0et\u00a04 productions finalis\u00e9es<\/a>\u00a0qui seront pr\u00e9sent\u00e9es dans les deux th\u00e9\u00e2tres partenaires.<\/p>\n<p><strong>Une semaine de d\u00e9couvertes artistiques<\/strong><\/p>\n<p>Maquettes &#8211; Les 17 et 18 juin\u00a0: Dix projets en gestation seront pr\u00e9sent\u00e9s lors de s\u00e9ances de 20 minutes, r\u00e9parties sur deux journ\u00e9es : le 17 juin aux C\u00e9lestins et le 18 juin au TNP. Parmi les maquettes programm\u00e9es, on retrouve :<\/p>\n<ul class=\"wp-block-list\">\n<li>Comment les fourmis m\u2019ont sauv\u00e9 la vie\u00a0(Cie Le doute est permis),<\/li>\n<li>9 thermidor\u00a0(Cie Les Gouffres Amers),<\/li>\n<li>Mobile Homes\u00a0(Cie des Mangeurs d\u2019\u00c9toiles),<\/li>\n<li>Les Montagnes sont moins belles en hiver\u00a0(Collectif La Bande K7),<\/li>\n<li>ou encore\u00a0Les Couleurs de l\u2019Arctique\u00a0(Cie Le Chant des Pistes).<\/li>\n<\/ul>\n<p>Spectacles &#8211; Les 20 et 21 juin\u00a0: C\u00f4t\u00e9 spectacles finalis\u00e9s, le public pourra assister \u00e0 quatre propositions au TNP le vendredi, puis aux C\u00e9lestins le samedi\u00a0:<\/p>\n<ul class=\"wp-block-list\">\n<li>Les Corps incorruptibles\u00a0d\u2019Aur\u00e9lia L\u00fcscher (Cie le d\u00e9sordre des choses),<\/li>\n<li>SOLANGE\u00a0(Cie \u00c9baubies),<\/li>\n<li>Fermez les yeux, vous y verrez plus clair\u00a0par Ella &amp; Pitr (Ballet Cosmique),<\/li>\n<li>Random Access Memories\u00a0(Cie Rouge Ciel).<\/li>\n<\/ul>\n<p><img loading=\"lazy\" decoding=\"async\" width=\"1200\" height=\"800\" alt=\"\" class=\"wp-image-448277 lazyload\" src=\"https:\/\/www.europesays.com\/fr\/wp-content\/uploads\/2025\/06\/Les-Corps-incorruptibles_credit_Romy-Alizee_1920x1280.jpg\" data-eio-rwidth=\"1200\" data-eio-rheight=\"800\"\/>\u00a9 Romy Alizee &#8211; Les Corps incorruptibles <strong>Deux prix repr\u00e9sentant de vrais tremplins\u00a0pour les artistes\u00a0:\u00a0<\/strong><\/p>\n<p>Finalement,\u00a0deux laur\u00e9ats\u00a0seront d\u00e9sign\u00e9s par un\u00a0jury compos\u00e9 de professionnels du spectacle venus de France, Belgique et de Suisse. Le\u00a0prix \u00ab\u00a0Maquettes\u00a0\u00bb\u00a0offre un\u00a0soutien en coproduction\u00a0ainsi qu\u2019une\u00a0programmation au TNP pour la saison 2026-2027. Et le\u00a0prix \u00ab\u00a0Spectacles\u00a0\u00bb, quant \u00e0 lui garantit une\u00a0programmation aux C\u00e9lestins\u00a0sur cette m\u00eame saison.<\/p>\n<p>De plus, ce dispositif s\u2019accompagne \u00ab\u00a0d\u2019un\u00a0accompagnement technique et artistique, de\u00a0repr\u00e9sentations r\u00e9mun\u00e9r\u00e9es\u00a0et d\u2019une\u00a0visibilit\u00e9 renforc\u00e9e\u00a0au sein du r\u00e9seau des sc\u00e8nes partenaires\u00a0\u00bb. <\/p>\n<p><img loading=\"lazy\" decoding=\"async\" width=\"1200\" height=\"800\" alt=\"\" class=\"wp-image-448270 lazyload\" src=\"https:\/\/www.europesays.com\/fr\/wp-content\/uploads\/2025\/06\/Les-montagnes-sont-moins-belles-en-hiver_credit_Theatre-de-lElysee_1920X1280.jpg\" data-eio-rwidth=\"1200\" data-eio-rheight=\"800\"\/> \u00a9 Th\u00e9\u00e2tre de l&rsquo;\u00c9lys\u00e9e &#8211; Les Montagnes sont moins belles en hiver <strong>Retour sur le palmar\u00e8s 2024\u00a0:\u00a0<\/strong><\/p>\n<p>L\u2019an dernier, le prix \u00ab\u00a0Maquettes\u00a0\u00bb avait \u00e9t\u00e9 attribu\u00e9 \u00e0 la compagnie\u00a0Sagittarius A*\u00a0pour\u00a0Wonnangatta, tandis que la compagnie\u00a0La Grande Panique\u00a0avait \u00e9t\u00e9 prim\u00e9e dans la cat\u00e9gorie \u00ab\u00a0Spectacles\u00a0\u00bb pour\u00a0Mesure pour Mesure. Depuis, les deux \u0153uvres ont b\u00e9n\u00e9fici\u00e9 d\u2019un accueil dans des lieux de r\u00e9f\u00e9rence et de nouvelles opportunit\u00e9s de production.<\/p>\n<p>Lieux\u00a0: Les C\u00e9lestins (Lyon 2e) &amp; le TNP (Villeurbanne)<\/p>\n<p>Dates\u00a0: 17 &amp; 18 juin (Maquettes), 20 &amp; 21 juin (Spectacles)<\/p>\n<p>Tarifs\u00a0: Maquettes :\u00a0gratuit sur r\u00e9servation, Spectacles :\u00a05 \u20ac \/ 7 \u20ac\u00a0selon les conditions<\/p>\n<p>R\u00e9servations\u00a0:\u00a0<a href=\"https:\/\/www.tnp-villeurbanne.com\/\" rel=\"nofollow noopener\" target=\"_blank\">tnp-villeurbanne.com<\/a>\u00a0\/\u00a0<a href=\"https:\/\/www.theatredescelestins.com\/\" rel=\"nofollow noopener\" target=\"_blank\">theatredescelestins.com<\/a><\/p>\n<p><img loading=\"lazy\" decoding=\"async\" width=\"1200\" height=\"675\" alt=\"\" class=\"wp-image-448271 lazyload\" src=\"https:\/\/www.europesays.com\/fr\/wp-content\/uploads\/2025\/06\/mesure-par-mesure.webp.webp\"  data- data-eio-rwidth=\"1200\" data-eio-rheight=\"675\"\/>\u00a9 Le Nid de poule &#8211; Mesure pour Mesure        <\/p>\n","protected":false},"excerpt":{"rendered":"\u00a9 Th\u00e9\u00e2tre Merken \u2013 La Femme aux oiseaux De retour pour une 4e \u00e9dition, ce rendez-vous incontournable du&hellip;\n","protected":false},"author":2,"featured_media":163153,"comment_status":"","ping_status":"","sticky":false,"template":"","format":"standard","meta":{"footnotes":""},"categories":[1889],"tags":[1111,11,2430,1777,674,1011,27,2428,12,25,1347],"class_list":{"0":"post-163152","1":"post","2":"type-post","3":"status-publish","4":"format-standard","5":"has-post-thumbnail","7":"category-lyon","8":"tag-actu","9":"tag-actualites","10":"tag-auvergne-rhone-alpes","11":"tag-eu","12":"tag-europe","13":"tag-fr","14":"tag-france","15":"tag-lyon","16":"tag-news","17":"tag-republique-francaise","18":"tag-theatre"},"share_on_mastodon":{"url":"https:\/\/pubeurope.com\/@fr\/114653225601228874","error":""},"_links":{"self":[{"href":"https:\/\/www.europesays.com\/fr\/wp-json\/wp\/v2\/posts\/163152","targetHints":{"allow":["GET"]}}],"collection":[{"href":"https:\/\/www.europesays.com\/fr\/wp-json\/wp\/v2\/posts"}],"about":[{"href":"https:\/\/www.europesays.com\/fr\/wp-json\/wp\/v2\/types\/post"}],"author":[{"embeddable":true,"href":"https:\/\/www.europesays.com\/fr\/wp-json\/wp\/v2\/users\/2"}],"replies":[{"embeddable":true,"href":"https:\/\/www.europesays.com\/fr\/wp-json\/wp\/v2\/comments?post=163152"}],"version-history":[{"count":0,"href":"https:\/\/www.europesays.com\/fr\/wp-json\/wp\/v2\/posts\/163152\/revisions"}],"wp:featuredmedia":[{"embeddable":true,"href":"https:\/\/www.europesays.com\/fr\/wp-json\/wp\/v2\/media\/163153"}],"wp:attachment":[{"href":"https:\/\/www.europesays.com\/fr\/wp-json\/wp\/v2\/media?parent=163152"}],"wp:term":[{"taxonomy":"category","embeddable":true,"href":"https:\/\/www.europesays.com\/fr\/wp-json\/wp\/v2\/categories?post=163152"},{"taxonomy":"post_tag","embeddable":true,"href":"https:\/\/www.europesays.com\/fr\/wp-json\/wp\/v2\/tags?post=163152"}],"curies":[{"name":"wp","href":"https:\/\/api.w.org\/{rel}","templated":true}]}}