{"id":163154,"date":"2025-06-09T11:42:09","date_gmt":"2025-06-09T11:42:09","guid":{"rendered":"https:\/\/www.europesays.com\/fr\/163154\/"},"modified":"2025-06-09T11:42:09","modified_gmt":"2025-06-09T11:42:09","slug":"radio-scoop-aeroport-de-lyon-font-escale-a-bourg","status":"publish","type":"post","link":"https:\/\/www.europesays.com\/fr\/163154\/","title":{"rendered":"Radio SCOOP &#038; A\u00e9roport de Lyon font escale \u00e0 Bourg !"},"content":{"rendered":"<p>Insolite, rouge et incontournable : le c\u00e9l\u00e8bre Bus Anglais de Radio SCOOP s&rsquo;installe le samedi 14 juin \u00e0 l&rsquo;ext\u00e9rieur du Cap \u00c9meraude \u00e0 Bourg-en-Bresse.<br \/>\u00c0 ses c\u00f4t\u00e9s, Lyon A\u00e9roport vous embarque pour une exp\u00e9rience unique\u2026 avant m\u00eame d&rsquo;avoir d\u00e9coll\u00e9.<\/p>\n<p>Une animation gratuite, festive et interactive<\/p>\n<p>Venez vivre une exp\u00e9rience unique et accessible \u00e0 tous, entre ambiance conviviale, jeux et cadeaux.<\/p>\n<p><b>Au programme :<\/b><br \/>\u2022 Le \u201c<b>Lyon A\u00e9roport Scoop Quizz\u201d<\/b> : testez vos connaissances sur les destinations, la culture, les voyages\u2026 et tentez de remporter de superbes lots \u00e0 bord du bus anglais Radio SCOOP !<br \/>\u2022 <b>Photobooth<\/b> souvenir \u00e0 bord du Bus : repartez avec une photo d\u00e9cal\u00e9e et styl\u00e9e, seul(e) ou entre amis.<br \/>\u2022 <b>Grand jeu concours<\/b> : tentez votre chance pour gagner un lot exceptionnel\u2026 Peut-\u00eatre le d\u00e9part de votre prochaine escapade ?<br \/>\u2022 <b>Ambiance musicale<\/b> avec l&rsquo;\u00e9quipe de Radio SCOOP sur place pour faire monter l&rsquo;ambiance toute la journ\u00e9e.<\/p>\n<p>Un avant-go\u00fbt d&rsquo;\u00e9vasion au c\u0153ur de Bourg-en-Bresse<\/p>\n<p>Pas besoin de prendre l&rsquo;avion pour s&rsquo;\u00e9vader : c&rsquo;est Lyon A\u00e9roport qui vient \u00e0 vous !<br \/>Avec plus de 130 destinations directes propos\u00e9es toute l&rsquo;ann\u00e9e, l&rsquo;a\u00e9roport vous ouvre les portes du monde \u2014 que vous r\u00eaviez de soleil, d&rsquo;aventure, de culture ou de retrouvailles \u00e0 l&rsquo;international.<\/p>\n<p><b>Et pourquoi pas vous ?<\/b><br \/>Ce moment de partage \u00e0 Cap \u00c9meraude pourrait bien \u00eatre le premier pas vers votre prochaine destination\u2026<\/p>\n<p>Infos pratiques<br \/>Lieu : \u00c0 l&rsquo;ext\u00e9rieur du centre commercial Cap \u00c9meraude, Bourg-en-Bresse (en face d&rsquo;intersport)<br \/>Date : Samedi 14 juin<br \/>Horaires : de 12h \u00e0 19h<br \/>Entr\u00e9e libre et gratuite<\/p>\n<p><b>Rendez-vous samedi 14 juin pour une journ\u00e9e pleine de surprises, d&rsquo;animations\u2026 et peut-\u00eatre le d\u00e9but d&rsquo;un nouveau voyage !<\/b><\/p>\n<p>Avec Radio SCOOP et Lyon A\u00e9roport\u2026 tout commence ici.<\/p>\n<p><\/p>\n","protected":false},"excerpt":{"rendered":"Insolite, rouge et incontournable : le c\u00e9l\u00e8bre Bus Anglais de Radio SCOOP s&rsquo;installe le samedi 14 juin \u00e0&hellip;\n","protected":false},"author":2,"featured_media":163155,"comment_status":"","ping_status":"","sticky":false,"template":"","format":"standard","meta":{"footnotes":""},"categories":[1889],"tags":[1111,11,2430,29600,29599,1777,674,1011,27,2428,29598,12,21689,16338,25],"class_list":{"0":"post-163154","1":"post","2":"type-post","3":"status-publish","4":"format-standard","5":"has-post-thumbnail","7":"category-lyon","8":"tag-actu","9":"tag-actualites","10":"tag-auvergne-rhone-alpes","11":"tag-bourg","12":"tag-cap-emeraude","13":"tag-eu","14":"tag-europe","15":"tag-fr","16":"tag-france","17":"tag-lyon","18":"tag-lyon-aroport","19":"tag-news","20":"tag-opration","21":"tag-radio-scoop","22":"tag-republique-francaise"},"share_on_mastodon":{"url":"https:\/\/pubeurope.com\/@fr\/114653229386196978","error":""},"_links":{"self":[{"href":"https:\/\/www.europesays.com\/fr\/wp-json\/wp\/v2\/posts\/163154","targetHints":{"allow":["GET"]}}],"collection":[{"href":"https:\/\/www.europesays.com\/fr\/wp-json\/wp\/v2\/posts"}],"about":[{"href":"https:\/\/www.europesays.com\/fr\/wp-json\/wp\/v2\/types\/post"}],"author":[{"embeddable":true,"href":"https:\/\/www.europesays.com\/fr\/wp-json\/wp\/v2\/users\/2"}],"replies":[{"embeddable":true,"href":"https:\/\/www.europesays.com\/fr\/wp-json\/wp\/v2\/comments?post=163154"}],"version-history":[{"count":0,"href":"https:\/\/www.europesays.com\/fr\/wp-json\/wp\/v2\/posts\/163154\/revisions"}],"wp:featuredmedia":[{"embeddable":true,"href":"https:\/\/www.europesays.com\/fr\/wp-json\/wp\/v2\/media\/163155"}],"wp:attachment":[{"href":"https:\/\/www.europesays.com\/fr\/wp-json\/wp\/v2\/media?parent=163154"}],"wp:term":[{"taxonomy":"category","embeddable":true,"href":"https:\/\/www.europesays.com\/fr\/wp-json\/wp\/v2\/categories?post=163154"},{"taxonomy":"post_tag","embeddable":true,"href":"https:\/\/www.europesays.com\/fr\/wp-json\/wp\/v2\/tags?post=163154"}],"curies":[{"name":"wp","href":"https:\/\/api.w.org\/{rel}","templated":true}]}}